{"id":5116,"date":"2012-12-19T09:32:47","date_gmt":"2012-12-19T09:32:47","guid":{"rendered":"http:\/\/www.digitalcarmagazine.com.tr\/Web\/?p=5116"},"modified":"2012-12-19T09:33:33","modified_gmt":"2012-12-19T09:33:33","slug":"galatasaray-ile-opel-sponsorluk-anlasmasi-imzaladi","status":"publish","type":"post","link":"https:\/\/www.digitalcarmagazine.com.tr\/Web\/galatasaray-ile-opel-sponsorluk-anlasmasi-imzaladi\/","title":{"rendered":"Galatasaray ile Opel Sponsorluk Anla\u015fmas\u0131 \u0130mzalad\u0131!"},"content":{"rendered":"<h3>Galatasaray Spor Kul\u00fcb\u00fc ile Opel aras\u0131nda imzalanan sponsorluk anla\u015fmas\u0131yla Opel, Galatasaray\u2019\u0131n \u201cResmi Sponsoru\u201d oldu!<\/h3>\n<p><a href=\"https:\/\/www.digitalcarmagazine.com.tr\/Web\/wp-content\/uploads\/image_00006015_1_mf7mgglmwtx3a.jpg\"><img loading=\"lazy\" class=\"alignleft size-medium wp-image-5117\" title=\"image_00006015_1_mf7mgglmwtx3a\" src=\"https:\/\/www.digitalcarmagazine.com.tr\/Web\/wp-content\/uploads\/image_00006015_1_mf7mgglmwtx3a-225x300.jpg\" alt=\"\" width=\"225\" height=\"300\" srcset=\"https:\/\/www.digitalcarmagazine.com.tr\/Web\/wp-content\/uploads\/image_00006015_1_mf7mgglmwtx3a-225x300.jpg 225w, https:\/\/www.digitalcarmagazine.com.tr\/Web\/wp-content\/uploads\/image_00006015_1_mf7mgglmwtx3a.jpg 720w\" sizes=\"(max-width: 225px) 100vw, 225px\" \/><\/a>Galatasaray, Opel ile ger\u00e7ekle\u015ftirdi\u011fi sponsorluk anla\u015fmas\u0131yla yepyeni bir i\u015fbirli\u011fine daha imza att\u0131. Galatasaray Spor Kul\u00fcb\u00fc ile Opel T\u00fcrkiye\u2019yi bir araya getiren anla\u015fma kapsam\u0131nda Opel T\u00fcrkiye, Galatasaray\u2019\u0131n Resmi Sponsoru oldu. Ali Sami Yen Spor Kompleksi T\u00fcrk Telekom Arena\u2019da, 18 Aral\u0131k 2012 Sal\u0131 g\u00fcn\u00fc ger\u00e7ekle\u015fen imza t\u00f6reninde; Galatasaray Spor Kul\u00fcb\u00fc Ba\u015fkan\u0131 \u00dcnal Aysal, Opel T\u00fcrkiye Genel M\u00fcd\u00fcr\u00fc Say\u0131n \u00d6zcan Keklik ve Galatasaray Spor Kul\u00fcb\u00fc \u0130cra Kurulu Ba\u015fkan\u0131 Lutfi Ar\u0131bo\u011fan yer ald\u0131. Galatasaray Spor Kul\u00fcb\u00fc Ba\u015fkan\u0131 \u00dcnal Aysal sponsorluk duyurusunun yap\u0131ld\u0131\u011f\u0131 t\u00f6rende, iki farkl\u0131 sekt\u00f6r\u00fcn iki farkl\u0131 liderinin ayn\u0131 ama\u00e7la bir araya geli\u015fine vurgu yaparak \u201cGalatasaray ve Opel; ba\u015far\u0131larla dolu tarihi ge\u00e7mi\u015f, global marka olma ve bilinilirlilik gibi bir\u00e7ok ortak de\u011feri payla\u015f\u0131yor. D\u00fcnya standartlar\u0131nda i\u015fler yapan Opel ile i\u015fbirli\u011fine gitmekten b\u00fcy\u00fck mutluluk duyuyoruz. Opel gibi b\u00fcy\u00fck ve uluslararas\u0131 markalarla ger\u00e7ekle\u015ftirece\u011fimiz t\u00fcm i\u015f ortakl\u0131klar\u0131 kul\u00fcb\u00fcm\u00fcz\u00fcn gerek saha i\u00e7i gerekse saha d\u0131\u015f\u0131nda b\u00fcy\u00fcmesi ve ba\u015far\u0131l\u0131 olmas\u0131na yard\u0131mc\u0131 olacak. Opel ile dostluk ili\u015fkileri \u00e7er\u00e7evesinde \u00e7al\u0131\u015farak beraber yeni ba\u015far\u0131lara ortak olmak i\u00e7in sab\u0131rs\u0131zlan\u0131yoruz\u201d dedi. Galatasaray ile i\u015fbirli\u011finden \u00f6t\u00fcr\u00fc mutlu olduklar\u0131n\u0131 belirten Opel T\u00fcrkiye Genel M\u00fcd\u00fcr\u00fc \u00d6zcan Keklik &#8221;Anla\u015fman\u0131n hem T\u00fcrk sporuna, hem Galatasaray&#8217;a hay\u0131rl\u0131 olmas\u0131n\u0131 diliyoruz. Opel T\u00fcrkiye olarak kaynaklar\u0131m\u0131z\u0131 toplumla payla\u015fmaktan gurur duyuyoruz. Sosyal sorumluluk bilinciyle \u00fclkemize ve insanlar\u0131m\u0131za katk\u0131 sa\u011flayacak spor, e\u011fitim ve k\u00fclt\u00fcr alanlar\u0131nda bug\u00fcne kadar \u00e7e\u015fitli projelere destek verdik. Bu deste\u011fimize \u015fimdi spor alan\u0131nda g\u00fczide bir kulub\u00fcm\u00fczle devam etmemiz marka sorumluluk bilincimizin somut bir g\u00f6stergesi. \u00dcmit ediyorum bu y\u0131l Opel, Galatasaray Spor Kulub\u00fcne u\u011fur getirir ve t\u00fcm bran\u015flarda ba\u015far\u0131l\u0131 sonu\u00e7lar elde eder. Bu arada \u015fampiyonlar liginde II. tura y\u00fckselen Galatasaray Profesyonel Futbol A Tak\u0131m\u0131\u2019na da ba\u015far\u0131lar diliyoruz. &#8221; diye konu\u015ftu. Galatasaray Spor Kul\u00fcb\u00fc ile Opel T\u00fcrkiye aras\u0131nda imzalanan sponsorluk anla\u015fmas\u0131 do\u011frultusunda t\u00fcm sporcular, idari ve teknik heyet \u00fcyeleri ile kul\u00fcp \u00e7al\u0131\u015fanlar\u0131 Opel kullanacak.<\/p>\n","protected":false},"excerpt":{"rendered":"<p>Galatasaray Spor Kul\u00fcb\u00fc ile Opel aras\u0131nda imzalanan sponsorluk anla\u015fmas\u0131yla Opel, Galatasaray\u2019\u0131n \u201cResmi Sponsoru\u201d oldu! Galatasaray, Opel ile ger\u00e7ekle\u015ftirdi\u011fi sponsorluk anla\u015fmas\u0131yla yepyeni bir i\u015fbirli\u011fine daha imza att\u0131. Galatasaray Spor Kul\u00fcb\u00fc ile Opel T\u00fcrkiye\u2019yi bir araya getiren anla\u015fma kapsam\u0131nda Opel T\u00fcrkiye, Galatasaray\u2019\u0131n Resmi Sponsoru oldu. Ali Sami Yen Spor Kompleksi T\u00fcrk Telekom Arena\u2019da, 18 Aral\u0131k 2012 Sal\u0131 [&hellip;]<\/p>\n","protected":false},"author":1,"featured_media":0,"comment_status":"open","ping_status":"open","sticky":false,"template":"","format":"standard","meta":[],"categories":[1],"tags":[],"_links":{"self":[{"href":"https:\/\/www.digitalcarmagazine.com.tr\/Web\/wp-json\/wp\/v2\/posts\/5116"}],"collection":[{"href":"https:\/\/www.digitalcarmagazine.com.tr\/Web\/wp-json\/wp\/v2\/posts"}],"about":[{"href":"https:\/\/www.digitalcarmagazine.com.tr\/Web\/wp-json\/wp\/v2\/types\/post"}],"author":[{"embeddable":true,"href":"https:\/\/www.digitalcarmagazine.com.tr\/Web\/wp-json\/wp\/v2\/users\/1"}],"replies":[{"embeddable":true,"href":"https:\/\/www.digitalcarmagazine.com.tr\/Web\/wp-json\/wp\/v2\/comments?post=5116"}],"version-history":[{"count":2,"href":"https:\/\/www.digitalcarmagazine.com.tr\/Web\/wp-json\/wp\/v2\/posts\/5116\/revisions"}],"predecessor-version":[{"id":5119,"href":"https:\/\/www.digitalcarmagazine.com.tr\/Web\/wp-json\/wp\/v2\/posts\/5116\/revisions\/5119"}],"wp:attachment":[{"href":"https:\/\/www.digitalcarmagazine.com.tr\/Web\/wp-json\/wp\/v2\/media?parent=5116"}],"wp:term":[{"taxonomy":"category","embeddable":true,"href":"https:\/\/www.digitalcarmagazine.com.tr\/Web\/wp-json\/wp\/v2\/categories?post=5116"},{"taxonomy":"post_tag","embeddable":true,"href":"https:\/\/www.digitalcarmagazine.com.tr\/Web\/wp-json\/wp\/v2\/tags?post=5116"}],"curies":[{"name":"wp","href":"https:\/\/api.w.org\/{rel}","templated":true}]}}