{"id":5108,"date":"2012-12-17T19:32:06","date_gmt":"2012-12-17T19:32:06","guid":{"rendered":"http:\/\/www.digitalcarmagazine.com.tr\/Web\/?p=5108"},"modified":"2012-12-17T19:32:06","modified_gmt":"2012-12-17T19:32:06","slug":"audi%e2%80%99ye-2012-yilinda-odul-yagmuru","status":"publish","type":"post","link":"https:\/\/www.digitalcarmagazine.com.tr\/Web\/audi%e2%80%99ye-2012-yilinda-odul-yagmuru\/","title":{"rendered":"Audi\u2019ye 2012 y\u0131l\u0131nda \u00f6d\u00fcl ya\u011fmuru!"},"content":{"rendered":"<h3 style=\"text-align: left;\" align=\"center\">2012 Audi\u2019nin \u0130ngiltere\u2019den Almanya\u2019ya, Avustralya\u2019dan T\u00fcrkiye\u2019ye bir\u00e7ok \u00fclkede otomotiv yay\u0131nlar\u0131n\u0131n d\u00fczenledi\u011fi yar\u0131\u015fmalarda, \u00f6d\u00fclleri toplad\u0131\u011f\u0131 y\u0131l oldu.<\/h3>\n<p style=\"text-align: left;\" align=\"left\">Audi\u2019ye y\u0131l\u0131n ilk \u00f6d\u00fcl\u00fc Almanya\u2019da yay\u0131nlanan d\u00fcnyaca \u00fcnl\u00fc otomobil dergisi Auto Zeitung\u2019dan geldi. Dergi, k\u00fc\u00e7\u00fck segmentte y\u0131l\u0131n en iyi arac\u0131 olarak Audi A1\u2019i se\u00e7ti. Audi A1, 100 bin okuyucunun y\u00fczde 36\u2019s\u0131n\u0131n oyunu ald\u0131. Bu y\u0131l 25\u2019incisi verilen \u00f6d\u00fcllerde, Audi\u2019nin yeni makyajlanan SUV\u2019u Q5 de, 30 bin Euro alt\u0131nda sat\u0131lan SUV\u2019lar kategorisinde, y\u0131l\u0131n arac\u0131 se\u00e7ildi. Yine bu \u00fclkede Auto Bild taraf\u0131ndan verilen \u201cAlt\u0131n Direksiyon \u00d6d\u00fcllerinde\u201d, A3 kompakt s\u0131n\u0131fta Avrupa Alt\u0131n Direksiyon \u00d6d\u00fcl\u00fc\u2019ne lay\u0131k g\u00f6r\u00fcld\u00fc.<\/p>\n<h4 style=\"text-align: left;\"><span style=\"color: #ff0000;\"><a href=\"https:\/\/www.digitalcarmagazine.com.tr\/Web\/wp-content\/uploads\/AUDI_A3-111.jpg\"><img loading=\"lazy\" class=\"alignleft size-medium wp-image-5110\" title=\"Audi A3 \/Standaufnahme\" src=\"https:\/\/www.digitalcarmagazine.com.tr\/Web\/wp-content\/uploads\/AUDI_A3-111-300x211.jpg\" alt=\"\" width=\"300\" height=\"211\" srcset=\"https:\/\/www.digitalcarmagazine.com.tr\/Web\/wp-content\/uploads\/AUDI_A3-111-300x211.jpg 300w, https:\/\/www.digitalcarmagazine.com.tr\/Web\/wp-content\/uploads\/AUDI_A3-111.jpg 842w\" sizes=\"(max-width: 300px) 100vw, 300px\" \/><\/a>Euro NCAP\u2019ten 4 \u00d6d\u00fcl<\/span><\/h4>\n<p style=\"text-align: left;\">Ara\u00e7 dayan\u0131kl\u0131l\u0131klar\u0131n\u0131 Avrupa ko\u015fullar\u0131n\u0131 temel alarak test eden ba\u011f\u0131ms\u0131z derecelendirme kurulu\u015fu EuroNCAP, A3\u2019\u00fcn yol ko\u015fullar\u0131nda herhangi bir tehlikeyi \u00f6nceden belirleyerek, potansiyel \u00f6nlem alan Pre Sense Basic, Pre Sense \u00d6n, \u0130kincil \u00c7arp\u0131\u015fma Fren Asistan\u0131 (Secondary Collision Brake Asistant) ve Aktif \u015eerit Takip Sistemi (Active Lane Asist) g\u00fcvenlik sistemlerini, 4 \u00f6d\u00fcl ile \u00f6d\u00fcllendirdi.<\/p>\n<h4 style=\"text-align: left;\"><span style=\"color: #ff0000;\">A7 ve A3\u2019e de\u011fer trendi \u00f6d\u00fcl\u00fc<\/span><\/h4>\n<p style=\"text-align: left;\">Almanya\u2019da her y\u0131l Auto Bild dergisi taraf\u0131ndan verilen ve ara\u00e7lar\u0131n \u201cde\u011fer trendlerinin ve fiyat-kazan\u00e7\u201d oran\u0131n\u0131n kar\u015f\u0131la\u015ft\u0131r\u0131ld\u0131\u011f\u0131, \u201cValue Champions 2013 \u00d6d\u00fclleri\u201dnde Audi\u2019nin A3 1.4 TDI Sportback ve A7 3.0 TDI modelleri, s\u0131n\u0131flar\u0131n\u0131n en iyi arac\u0131 olarak \u00f6d\u00fcllendirildi. Dergi bu \u00f6d\u00fcllerde, yakla\u015f\u0131k 8 bin arac\u0131n, gelecekteki 4 y\u0131l boyunca de\u011ferlerindeki trendleri ve de\u011fi\u015fimleri dikkate alarak karar veriyor.<\/p>\n<h4 style=\"text-align: left;\"><span style=\"color: #ff0000;\"><a href=\"https:\/\/www.digitalcarmagazine.com.tr\/Web\/wp-content\/uploads\/Q3110190_medium.jpg\"><img loading=\"lazy\" class=\"alignleft size-medium wp-image-5111\" title=\"Audi Q3 quattro \/Standaufnahme\" src=\"https:\/\/www.digitalcarmagazine.com.tr\/Web\/wp-content\/uploads\/Q3110190_medium-300x211.jpg\" alt=\"\" width=\"300\" height=\"211\" srcset=\"https:\/\/www.digitalcarmagazine.com.tr\/Web\/wp-content\/uploads\/Q3110190_medium-300x211.jpg 300w, https:\/\/www.digitalcarmagazine.com.tr\/Web\/wp-content\/uploads\/Q3110190_medium.jpg 842w\" sizes=\"(max-width: 300px) 100vw, 300px\" \/><\/a>\u00c7in Gezisine Alt\u0131n Elma<\/span><\/h4>\n<p style=\"text-align: left;\">Almanya\u2019da verilen bir di\u011fer \u00f6d\u00fcl olan \u201cAdam and Eva \u00d6d\u00fclleri\u201dnde de Audi\u2019nin \u00c7in\u2019de ger\u00e7ekle\u015ftirdi\u011fi Audi Q3 Trans China Tour organizasyonu, i\u00e7 ileti\u015fim dal\u0131nda Alt\u0131n Elma (Golden Apple) kazand\u0131. Ayr\u0131ca Audi\u2019nin Wolfsburg Autostadt\u2019daki Audi Stand\u0131 da Alt\u0131n Elma kazan\u0131rken, Frankfurt Motorshow\u2019daki Audi Stand\u0131 da G\u00fcm\u00fc\u015f Elma\u2019ya lay\u0131k g\u00f6r\u00fcld\u00fc.<\/p>\n<h4 style=\"text-align: left;\"><span style=\"color: #ff0000;\">Avustralya\u2019dan da iki \u00f6d\u00fcl<\/span><\/h4>\n<p style=\"text-align: left;\">Avustralya\u2019da, otomotiv edit\u00f6rleri ve yazarlar\u0131 taraf\u0131ndan verilen Avustralya Halk\u0131n Se\u00e7imi \u00d6d\u00fclleri\u2019nde (Australian People\u2019s Choice Awards) A7, \u00fcst \u00fcste ikinci kez, \u201c100 bin Dolar\u2019\u0131n alt\u0131ndaki En Prestijli Ara\u00e7\u201d olarak se\u00e7ildi. Audi A6 3.0 TDI quattro da Fairfax Yay\u0131n Grubu taraf\u0131ndan verilen \u201cAvustralya\u2019da Y\u0131l\u0131n Otomobili \u00d6d\u00fclleri\u201dnde 80 bin dolar\u0131n alt\u0131ndaki En \u0130yi Premium Ara\u00e7 \u00d6d\u00fcl\u00fc\u2019n\u00fc kazand\u0131.<\/p>\n<h4 style=\"text-align: left;\"><span style=\"color: #ff0000;\"><a href=\"https:\/\/www.digitalcarmagazine.com.tr\/Web\/wp-content\/uploads\/AUDI_A6_011.jpg\"><img loading=\"lazy\" class=\"alignleft size-medium wp-image-5112\" title=\"Audi A6\/Fahraufnahme\" src=\"https:\/\/www.digitalcarmagazine.com.tr\/Web\/wp-content\/uploads\/AUDI_A6_011-300x211.jpg\" alt=\"\" width=\"300\" height=\"211\" srcset=\"https:\/\/www.digitalcarmagazine.com.tr\/Web\/wp-content\/uploads\/AUDI_A6_011-300x211.jpg 300w, https:\/\/www.digitalcarmagazine.com.tr\/Web\/wp-content\/uploads\/AUDI_A6_011.jpg 842w\" sizes=\"(max-width: 300px) 100vw, 300px\" \/><\/a>Audi ge\u00e7mi\u015fi unutmuyor<\/span><\/h4>\n<p style=\"text-align: left;\">\u0130ngiltere\u2019de yay\u0131nlanan Octane Dergisi\u2019nin verdi\u011fi \u201cUluslar aras\u0131 Tarihi Ara\u00e7lar \u00d6d\u00fcl\u00fc\u201d, Audi A.G. b\u00fcnyesine bulunan Audi Tradition tarih b\u00f6l\u00fcm\u00fcne verildi. Euro NCAP \u00c7arp\u0131\u015fma Testlerinden 5 y\u0131ld\u0131z alan Audi A4 ve S4\u2019e bir g\u00fcvenlik \u00f6d\u00fcl\u00fc de US NCAP\u2019ten geldi. Bu iki model, Ulusal Otoyol Trafik G\u00fcvenli\u011fi Kurumu taraf\u0131ndan tam puan ile \u00f6d\u00fcllendirildi.<\/p>\n<h4 style=\"text-align: left;\"><span style=\"color: #ff0000;\">Norve\u00e7\u2019te Y\u0131l\u0131n Otomobili<\/span><\/h4>\n<p style=\"text-align: left;\">Audi\u2019ye y\u0131l\u0131n son \u00f6d\u00fclleri de Norve\u00e7\u2019ten geldi. Norve\u00e7 Top Gear dergisi taraf\u0131ndan \u201cY\u0131l\u0131n Arac\u0131\u201d A3 olarak belirlendi. Dergi, A3\u2019\u00fc \u201cy\u00fcksek kalitesi, yol g\u00fcvenli\u011fi ve sportif s\u00fcr\u00fc\u015f\u00fc\u201d nedeniyle bu \u00f6d\u00fcle lay\u0131k g\u00f6r\u00fcld\u00fc. T\u00fcrkiye\u2019de A1 ve A6 Avant ise Otohaber dergisi taraf\u0131ndan Y\u0131l\u0131n B Segment Hatchback\u2019i ve Y\u0131l\u0131n E Segment Station Wagon\u2019u \u00f6d\u00fcllerini ald\u0131.<\/p>\n<p style=\"text-align: left;\"><a href=\"https:\/\/www.digitalcarmagazine.com.tr\/Web\/wp-content\/uploads\/A1120021_medium.jpg\"><img loading=\"lazy\" class=\"alignleft size-medium wp-image-5113\" title=\"Audi A1 Sportback \/Standaufnahme\" src=\"https:\/\/www.digitalcarmagazine.com.tr\/Web\/wp-content\/uploads\/A1120021_medium-300x211.jpg\" alt=\"\" width=\"300\" height=\"211\" srcset=\"https:\/\/www.digitalcarmagazine.com.tr\/Web\/wp-content\/uploads\/A1120021_medium-300x211.jpg 300w, https:\/\/www.digitalcarmagazine.com.tr\/Web\/wp-content\/uploads\/A1120021_medium.jpg 842w\" sizes=\"(max-width: 300px) 100vw, 300px\" \/><\/a><\/p>\n","protected":false},"excerpt":{"rendered":"<p>2012 Audi\u2019nin \u0130ngiltere\u2019den Almanya\u2019ya, Avustralya\u2019dan T\u00fcrkiye\u2019ye bir\u00e7ok \u00fclkede otomotiv yay\u0131nlar\u0131n\u0131n d\u00fczenledi\u011fi yar\u0131\u015fmalarda, \u00f6d\u00fclleri toplad\u0131\u011f\u0131 y\u0131l oldu. Audi\u2019ye y\u0131l\u0131n ilk \u00f6d\u00fcl\u00fc Almanya\u2019da yay\u0131nlanan d\u00fcnyaca \u00fcnl\u00fc otomobil dergisi Auto Zeitung\u2019dan geldi. Dergi, k\u00fc\u00e7\u00fck segmentte y\u0131l\u0131n en iyi arac\u0131 olarak Audi A1\u2019i se\u00e7ti. Audi A1, 100 bin okuyucunun y\u00fczde 36\u2019s\u0131n\u0131n oyunu ald\u0131. Bu y\u0131l 25\u2019incisi verilen \u00f6d\u00fcllerde, Audi\u2019nin [&hellip;]<\/p>\n","protected":false},"author":1,"featured_media":0,"comment_status":"open","ping_status":"open","sticky":false,"template":"","format":"standard","meta":[],"categories":[1],"tags":[],"_links":{"self":[{"href":"https:\/\/www.digitalcarmagazine.com.tr\/Web\/wp-json\/wp\/v2\/posts\/5108"}],"collection":[{"href":"https:\/\/www.digitalcarmagazine.com.tr\/Web\/wp-json\/wp\/v2\/posts"}],"about":[{"href":"https:\/\/www.digitalcarmagazine.com.tr\/Web\/wp-json\/wp\/v2\/types\/post"}],"author":[{"embeddable":true,"href":"https:\/\/www.digitalcarmagazine.com.tr\/Web\/wp-json\/wp\/v2\/users\/1"}],"replies":[{"embeddable":true,"href":"https:\/\/www.digitalcarmagazine.com.tr\/Web\/wp-json\/wp\/v2\/comments?post=5108"}],"version-history":[{"count":1,"href":"https:\/\/www.digitalcarmagazine.com.tr\/Web\/wp-json\/wp\/v2\/posts\/5108\/revisions"}],"predecessor-version":[{"id":5114,"href":"https:\/\/www.digitalcarmagazine.com.tr\/Web\/wp-json\/wp\/v2\/posts\/5108\/revisions\/5114"}],"wp:attachment":[{"href":"https:\/\/www.digitalcarmagazine.com.tr\/Web\/wp-json\/wp\/v2\/media?parent=5108"}],"wp:term":[{"taxonomy":"category","embeddable":true,"href":"https:\/\/www.digitalcarmagazine.com.tr\/Web\/wp-json\/wp\/v2\/categories?post=5108"},{"taxonomy":"post_tag","embeddable":true,"href":"https:\/\/www.digitalcarmagazine.com.tr\/Web\/wp-json\/wp\/v2\/tags?post=5108"}],"curies":[{"name":"wp","href":"https:\/\/api.w.org\/{rel}","templated":true}]}}