{"id":5079,"date":"2012-12-17T18:03:06","date_gmt":"2012-12-17T18:03:06","guid":{"rendered":"http:\/\/www.digitalcarmagazine.com.tr\/Web\/?p=5079"},"modified":"2012-12-17T18:03:06","modified_gmt":"2012-12-17T18:03:06","slug":"v1%e2%80%99de-altin-kupa-yagiz%e2%80%99in","status":"publish","type":"post","link":"https:\/\/www.digitalcarmagazine.com.tr\/Web\/v1%e2%80%99de-altin-kupa-yagiz%e2%80%99in\/","title":{"rendered":"V1\u2019de Alt\u0131n Kupa Ya\u011f\u0131z\u2019\u0131n"},"content":{"rendered":"<h3>V1 Challenge ikinci sezonunda yine k\u0131ran k\u0131rana m\u00fccadelelere sahne oldu. Ge\u00e7ti\u011fimiz hafta sonu \u0130zmit K\u00f6rfez Pisti\u2019nde d\u00fczenlenen final yar\u0131\u015f\u0131 sonras\u0131nda TeliaSonera destekli Ya\u011f\u0131z Avc\u0131, alt\u0131n kupaya uzanmay\u0131 ba\u015fard\u0131.<\/h3>\n<p><a href=\"https:\/\/www.digitalcarmagazine.com.tr\/Web\/wp-content\/uploads\/v1-yagiz_avci.jpg\"><img loading=\"lazy\" class=\"alignleft size-medium wp-image-5080\" title=\"v1-yagiz_avci\" src=\"https:\/\/www.digitalcarmagazine.com.tr\/Web\/wp-content\/uploads\/v1-yagiz_avci-300x208.jpg\" alt=\"\" width=\"300\" height=\"208\" srcset=\"https:\/\/www.digitalcarmagazine.com.tr\/Web\/wp-content\/uploads\/v1-yagiz_avci-300x208.jpg 300w, https:\/\/www.digitalcarmagazine.com.tr\/Web\/wp-content\/uploads\/v1-yagiz_avci-1024x712.jpg 1024w, https:\/\/www.digitalcarmagazine.com.tr\/Web\/wp-content\/uploads\/v1-yagiz_avci.jpg 2000w\" sizes=\"(max-width: 300px) 100vw, 300px\" \/><\/a>\u00dclkemizin ilk \u00f6zg\u00fcn yar\u0131\u015f otomobili Volkicar\u2019lar ile d\u00fczenlenen V1 Challenge\u2019\u0131n final yar\u0131\u015f\u0131, <strong>\u0130zmit K\u00f6rfez Yar\u0131\u015f Pisti<\/strong>\u2019nde heyecan dolu m\u00fccadelelere sahne oldu. <strong>Volkan I\u015f\u0131k<\/strong> taraf\u0131ndan tasarlan\u0131p \u00fcretilen yar\u0131\u015f otomobili Volkicar\u2019lar ile d\u00fczenlenen, Tarsus, \u0130zmir, Ayd\u0131n ve Kocaeli\u2019de ger\u00e7ekle\u015ftirilen 7 ayakl\u0131k V1 Challenge\u2019da 16 pilot alt\u0131n kupaya ula\u015fabilmek i\u00e7in ter d\u00f6kt\u00fc. \u015eampiyonluk iddias\u0131 bulunan Ya\u011f\u0131z Avc\u0131, Burak \u00c7ukurova, Can Tolon ve \u00dcmit Can \u00d6zdemir k\u0131ran k\u0131rana bir m\u00fccadele sergiledi\u011fi organizasyon, 8 turluk iki yar\u0131\u015f \u015feklinde ko\u015fuldu.\u00a0Ge\u00e7ti\u011fimiz y\u0131l\u0131n \u015fampiyonu <strong>Burak \u00c7ukurova<\/strong>, son aya\u011f\u0131n birincisi olurken,<strong> Ya\u011f\u0131z Avc\u0131<\/strong> ikinci, <strong>Da\u011fhan \u00dcnl\u00fcdo\u011fan<\/strong> \u00fc\u00e7\u00fcnc\u00fc olarak podyuma \u00e7\u0131kt\u0131. Gen\u00e7 isimler <strong>\u00dcmit Can \u00d6zdemir<\/strong> ve <strong>Can Tolon<\/strong> ilk turlarda yapt\u0131klar\u0131 hatalarla, m\u00fccadelenin d\u0131\u015f\u0131nda kald\u0131lar. Ralliler haricinde bu sezon <strong>Telia Sonera<\/strong> deste\u011finde <strong>V1 Challenge<\/strong>\u2019da da m\u00fccadele eden <strong>2012 Do\u011fu Avrupa Ralli \u015eampiyonu<\/strong> Ya\u011f\u0131z Avc\u0131, final yar\u0131\u015f\u0131nda elde etti\u011fi ikincilikle alt\u0131n kupaya uzanmay\u0131 ba\u015fard\u0131.<\/p>\n<p>Ya\u011f\u0131z Avc\u0131 final yar\u0131\u015f\u0131n\u0131n ard\u0131ndan; <em>\u201cBu sezon dahil oldu\u011fum V1 Challenge&#8217;\u0131 \u0130zmit K\u00f6rfez Pisti&#8217;nde yapt\u0131\u011f\u0131m\u0131z son yar\u0131\u015f ile noktalad\u0131k. Ba\u015ftan sona \u00e7ok m\u00fccadeleci ge\u00e7en sezonu \u015fampiyon olarak tamamlamay\u0131 ba\u015fard\u0131m ve benim i\u00e7in \u00e7ok \u00f6\u011fretici ve keyifli bir \u015fampiyona oldu. Yine 16 Volkicar&#8217;\u0131n ayn\u0131 anda yar\u0131\u015ft\u0131\u011f\u0131 son yar\u0131\u015fta \u015fampiyonadaki en yak\u0131n rakiplerim Burak \u00c7ukurova ve Can Tolon ile heyecanl\u0131 bir m\u00fccadele ya\u015fad\u0131k ve g\u00fcn\u00fc ikinci tamamlayarak \u015fampiyonluk i\u00e7in yeterli puanlara ula\u015fm\u0131\u015f oldum ve sadece 1 puan fark ile mutlu sona ula\u015ft\u0131m. T\u00fcrkiye Ralli \u015eampiyonas\u0131&#8217;ndaki ikincilik ve Do\u011fu Avrupa Ralli \u015eampiyonlu\u011fu&#8217;ndan sonra V1 \u015eampiyonu olmak benim i\u00e7in \u00e7ok \u00f6nemliydi ve alt\u0131n sezonum oldu diyebilirim. \u00d6ncelikle t\u00fcm rakiplerimi dostluk \u00e7er\u00e7evesi i\u00e7erisinde verdikleri m\u00fccadeleden \u00f6t\u00fcr\u00fc \u00e7ok tebrik ederim. Bu sezon V1 Challenge&#8217;da yer almam\u0131 sa\u011flayan Volkan I\u015f\u0131k ve ekibine, ayn\u0131 zamanda Volkicar sponsorum TeliaSonera&#8217;ya, sezon boyunca eme\u011fi ge\u00e7en herkese ve destekleriyle yan\u0131mda olan herkese \u00e7ok te\u015fekk\u00fcr ederim. Umar\u0131m gelecek sezonda da devam etme \u015fans\u0131n\u0131 yakalayabilirim.\u201d<\/em> a\u00e7\u0131klamas\u0131n\u0131 yapt\u0131.<\/p>\n<p><a href=\"https:\/\/www.digitalcarmagazine.com.tr\/Web\/wp-content\/uploads\/v1-yagiz_portre.jpg\"><img loading=\"lazy\" class=\"alignleft size-medium wp-image-5081\" title=\"v1-yagiz_portre\" src=\"https:\/\/www.digitalcarmagazine.com.tr\/Web\/wp-content\/uploads\/v1-yagiz_portre-201x300.jpg\" alt=\"\" width=\"201\" height=\"300\" srcset=\"https:\/\/www.digitalcarmagazine.com.tr\/Web\/wp-content\/uploads\/v1-yagiz_portre-201x300.jpg 201w, https:\/\/www.digitalcarmagazine.com.tr\/Web\/wp-content\/uploads\/v1-yagiz_portre-689x1024.jpg 689w, https:\/\/www.digitalcarmagazine.com.tr\/Web\/wp-content\/uploads\/v1-yagiz_portre.jpg 1346w\" sizes=\"(max-width: 201px) 100vw, 201px\" \/><\/a><\/p>\n","protected":false},"excerpt":{"rendered":"<p>V1 Challenge ikinci sezonunda yine k\u0131ran k\u0131rana m\u00fccadelelere sahne oldu. Ge\u00e7ti\u011fimiz hafta sonu \u0130zmit K\u00f6rfez Pisti\u2019nde d\u00fczenlenen final yar\u0131\u015f\u0131 sonras\u0131nda TeliaSonera destekli Ya\u011f\u0131z Avc\u0131, alt\u0131n kupaya uzanmay\u0131 ba\u015fard\u0131. \u00dclkemizin ilk \u00f6zg\u00fcn yar\u0131\u015f otomobili Volkicar\u2019lar ile d\u00fczenlenen V1 Challenge\u2019\u0131n final yar\u0131\u015f\u0131, \u0130zmit K\u00f6rfez Yar\u0131\u015f Pisti\u2019nde heyecan dolu m\u00fccadelelere sahne oldu. Volkan I\u015f\u0131k taraf\u0131ndan tasarlan\u0131p \u00fcretilen yar\u0131\u015f [&hellip;]<\/p>\n","protected":false},"author":1,"featured_media":0,"comment_status":"open","ping_status":"open","sticky":false,"template":"","format":"standard","meta":[],"categories":[1,10],"tags":[],"_links":{"self":[{"href":"https:\/\/www.digitalcarmagazine.com.tr\/Web\/wp-json\/wp\/v2\/posts\/5079"}],"collection":[{"href":"https:\/\/www.digitalcarmagazine.com.tr\/Web\/wp-json\/wp\/v2\/posts"}],"about":[{"href":"https:\/\/www.digitalcarmagazine.com.tr\/Web\/wp-json\/wp\/v2\/types\/post"}],"author":[{"embeddable":true,"href":"https:\/\/www.digitalcarmagazine.com.tr\/Web\/wp-json\/wp\/v2\/users\/1"}],"replies":[{"embeddable":true,"href":"https:\/\/www.digitalcarmagazine.com.tr\/Web\/wp-json\/wp\/v2\/comments?post=5079"}],"version-history":[{"count":1,"href":"https:\/\/www.digitalcarmagazine.com.tr\/Web\/wp-json\/wp\/v2\/posts\/5079\/revisions"}],"predecessor-version":[{"id":5082,"href":"https:\/\/www.digitalcarmagazine.com.tr\/Web\/wp-json\/wp\/v2\/posts\/5079\/revisions\/5082"}],"wp:attachment":[{"href":"https:\/\/www.digitalcarmagazine.com.tr\/Web\/wp-json\/wp\/v2\/media?parent=5079"}],"wp:term":[{"taxonomy":"category","embeddable":true,"href":"https:\/\/www.digitalcarmagazine.com.tr\/Web\/wp-json\/wp\/v2\/categories?post=5079"},{"taxonomy":"post_tag","embeddable":true,"href":"https:\/\/www.digitalcarmagazine.com.tr\/Web\/wp-json\/wp\/v2\/tags?post=5079"}],"curies":[{"name":"wp","href":"https:\/\/api.w.org\/{rel}","templated":true}]}}