{"id":5069,"date":"2012-12-17T17:59:16","date_gmt":"2012-12-17T17:59:16","guid":{"rendered":"http:\/\/www.digitalcarmagazine.com.tr\/Web\/?p=5069"},"modified":"2012-12-17T17:59:16","modified_gmt":"2012-12-17T17:59:16","slug":"yeni-peugeot-301-simdi-turkiyeli","status":"publish","type":"post","link":"https:\/\/www.digitalcarmagazine.com.tr\/Web\/yeni-peugeot-301-simdi-turkiyeli\/","title":{"rendered":"Yeni Peugeot 301 \u015fimdi &#8220;T\u00fcrkiye&#8221;li!"},"content":{"rendered":"<h3 style=\"text-align: left;\" align=\"center\">Yeni Peugeot 301 ile Ekim ay\u0131nda ba\u015flayan T\u00fcrkiye maceras\u0131 \u0130stanbul\u2019da sona erdi. \u201cT\u00fcrkiye\u2019nin Otomobili, T\u00fcrkiye\u2019nin Yollar\u0131nda\u201d slogan\u0131 ile yola \u00e7\u0131kan Peugeot 301, bu yolculu\u011fu esnas\u0131nda Edirne\u2019den Van\u2019a T\u00fcrkiye\u2019de toplam 40 \u015fehrimize u\u011frad\u0131. T\u00fcrkiye\u2019de her t\u00fcrl\u00fc yol ve hava ko\u015fullar\u0131nda ba\u015far\u0131yla 20 000 km\u2019yi a\u015fk\u0131n yol kateden Peugeot 301, T\u00fcrkiye\u2019nin otomobili oldu\u011funu kan\u0131tlad\u0131.<\/h3>\n<p style=\"text-align: left;\"><a href=\"https:\/\/www.digitalcarmagazine.com.tr\/Web\/wp-content\/uploads\/Peugeot_011.jpg\"><img loading=\"lazy\" class=\"alignleft size-medium wp-image-5070\" title=\"Peugeot_01\" src=\"https:\/\/www.digitalcarmagazine.com.tr\/Web\/wp-content\/uploads\/Peugeot_011-300x199.jpg\" alt=\"\" width=\"300\" height=\"199\" srcset=\"https:\/\/www.digitalcarmagazine.com.tr\/Web\/wp-content\/uploads\/Peugeot_011-300x199.jpg 300w, https:\/\/www.digitalcarmagazine.com.tr\/Web\/wp-content\/uploads\/Peugeot_011-1024x681.jpg 1024w, https:\/\/www.digitalcarmagazine.com.tr\/Web\/wp-content\/uploads\/Peugeot_011.jpg 1500w\" sizes=\"(max-width: 300px) 100vw, 300px\" \/><\/a>Yeni Peugeot 301, Kas\u0131m ay\u0131 itibariyle ilk olarak T\u00fcrkiye pazar\u0131na sunuldu.\u00a0Farkl\u0131 kullan\u0131m ve yol ko\u015fullar\u0131na uyum sa\u011flayan Yeni Peugeot 301, her ko\u015fulda t\u00fcm T\u00fcrkiye\u2019de test edildi\u011fi \u00e7ok \u00f6zel bir organizasyon ile Ekim ve Kas\u0131m aylar\u0131nda T\u00fcrkiye\u2019nin yollar\u0131ndayd\u0131. Peugeot 301, bu yolculu\u011fu esnas\u0131nda Edirne\u2019den Van\u2019a T\u00fcrkiye\u2019de toplam 40 \u015fehrimize u\u011frad\u0131. Bu b\u00f6lgelerin hem ilgin\u00e7\u00a0 mekanlar\u0131n\u0131 ke\u015ffetti, hem y\u00f6resel lezzetlerini bizlere canl\u0131 olarak ya\u015fatt\u0131, hem t\u00fcm Peugeot Yetkili Sat\u0131c\u0131lar\u0131\u2019na u\u011frad\u0131, hem de halk ile bulu\u015farak onlar\u0131n Peugeot 301 ile ilgili yorumlar\u0131n\u0131 ald\u0131.<\/p>\n<p style=\"text-align: left;\">Bu \u00f6zel organizasyonda Trabzon yolunda inekler yolunu kesti, Yeni Peugeot 301 y\u0131lmad\u0131 ve yoluna devam etti, Sivas ilinde t\u00fcrk\u00fcler ile kar\u015f\u0131land\u0131, Elaz\u0131\u011f da \u00e7ar\u015f\u0131, pazar 301 diye inledi, Rize\u2019de kemen\u00e7enin sesi 301 co\u015fturdu, Ankara\u2019da 29 Ekim Cumhuriyet Bayram\u0131 co\u015fkusu 301 ile ya\u015fand\u0131.\u00a0Sunucu-oyuncu \u00a0Ali TINAZ e\u015fli\u011finde Yeni Peugeot 301\u2019in 2 ay s\u00fcren yolculu\u011funda toplam 20.400 km yol kat etti. B\u00f6ylece Ali T\u0131naz, T\u00fcrkiye\u2019de bu ara\u00e7 ile en fazla kilometreyi yapan ki\u015fi \u00fcnvan\u0131na da sahip oldu. Bu esnada ara\u00e7 T\u00fcrkiye yollar\u0131na m\u00fcthi\u015f bir uyum sa\u011flad\u0131\u011f\u0131n\u0131 g\u00f6sterdi ve ba\u015far\u0131yla 20.400 km\u2019lik yolculu\u011funu tamamlad\u0131. Peugeot 301\u2019in T\u00fcrkiye maceras\u0131 sosyal medyada da b\u00fcy\u00fck ilgi g\u00f6rd\u00fc. Bu proje ile Facebook takip\u00e7ilerimiz %62 oran\u0131nda artt\u0131, Youtube\u2019da yay\u0131nlanan videolar 52.821 kere izlendi.<\/p>\n<p style=\"text-align: left;\"><a href=\"https:\/\/www.digitalcarmagazine.com.tr\/Web\/wp-content\/uploads\/Peugeot_032.jpg\"><img loading=\"lazy\" class=\"alignleft size-medium wp-image-5071\" title=\"Peugeot_03\" src=\"https:\/\/www.digitalcarmagazine.com.tr\/Web\/wp-content\/uploads\/Peugeot_032-300x199.jpg\" alt=\"\" width=\"300\" height=\"199\" srcset=\"https:\/\/www.digitalcarmagazine.com.tr\/Web\/wp-content\/uploads\/Peugeot_032-300x199.jpg 300w, https:\/\/www.digitalcarmagazine.com.tr\/Web\/wp-content\/uploads\/Peugeot_032-1024x681.jpg 1024w, https:\/\/www.digitalcarmagazine.com.tr\/Web\/wp-content\/uploads\/Peugeot_032.jpg 1500w\" sizes=\"(max-width: 300px) 100vw, 300px\" \/><\/a>Yolculu\u011fumuz esnas\u0131nda bizlere farkl\u0131 maceralar ya\u015fatan \u00fcnl\u00fc konuklar\u0131m\u0131z da oldu; Adana\u2019da Tayfun Talipo\u011fu, \u0130zmir\u2019de Pascal Nouma, Bursa\u2019da \u00c7i\u00e7ek G\u00fcney, \u00c7anakkale\u2019de Sava\u015f Karaka\u015f, Samsun\u2019da Geveze, Mu\u011fla\u2019da Alp K\u0131r\u015fan ve Edirne\u2019de \u00dcmit Erdim Yeni Peugeot 301\u2019in maceralar\u0131na e\u015flik ettiler.<\/p>\n<p style=\"text-align: left;\">\n<p style=\"text-align: left;\">\n<p style=\"text-align: left;\">\n<p style=\"text-align: left;\">\n<p style=\"text-align: left;\">\n<div id='gallery-1' class='gallery galleryid-5069 gallery-columns-4 gallery-size-thumbnail'><figure class='gallery-item'>\n\t\t\t<div class='gallery-icon landscape'>\n\t\t\t\t<a href='https:\/\/www.digitalcarmagazine.com.tr\/Web\/yeni-peugeot-301-simdi-turkiyeli\/peugeot_06\/'><img width=\"150\" height=\"150\" src=\"https:\/\/www.digitalcarmagazine.com.tr\/Web\/wp-content\/uploads\/Peugeot_06-150x150.jpg\" class=\"attachment-thumbnail size-thumbnail\" alt=\"\" loading=\"lazy\" \/><\/a>\n\t\t\t<\/div><\/figure><figure class='gallery-item'>\n\t\t\t<div class='gallery-icon landscape'>\n\t\t\t\t<a href='https:\/\/www.digitalcarmagazine.com.tr\/Web\/yeni-peugeot-301-simdi-turkiyeli\/peugeot_05\/'><img width=\"150\" height=\"150\" src=\"https:\/\/www.digitalcarmagazine.com.tr\/Web\/wp-content\/uploads\/Peugeot_05-150x150.jpg\" class=\"attachment-thumbnail size-thumbnail\" alt=\"\" loading=\"lazy\" \/><\/a>\n\t\t\t<\/div><\/figure><figure class='gallery-item'>\n\t\t\t<div class='gallery-icon landscape'>\n\t\t\t\t<a href='https:\/\/www.digitalcarmagazine.com.tr\/Web\/yeni-peugeot-301-simdi-turkiyeli\/peugeot_04\/'><img width=\"150\" height=\"150\" src=\"https:\/\/www.digitalcarmagazine.com.tr\/Web\/wp-content\/uploads\/Peugeot_04-150x150.jpg\" class=\"attachment-thumbnail size-thumbnail\" alt=\"\" loading=\"lazy\" \/><\/a>\n\t\t\t<\/div><\/figure><figure class='gallery-item'>\n\t\t\t<div class='gallery-icon landscape'>\n\t\t\t\t<a href='https:\/\/www.digitalcarmagazine.com.tr\/Web\/yeni-peugeot-301-simdi-turkiyeli\/peugeot_03-3\/'><img width=\"150\" height=\"150\" src=\"https:\/\/www.digitalcarmagazine.com.tr\/Web\/wp-content\/uploads\/Peugeot_032-150x150.jpg\" class=\"attachment-thumbnail size-thumbnail\" alt=\"\" loading=\"lazy\" \/><\/a>\n\t\t\t<\/div><\/figure><figure class='gallery-item'>\n\t\t\t<div class='gallery-icon landscape'>\n\t\t\t\t<a href='https:\/\/www.digitalcarmagazine.com.tr\/Web\/yeni-peugeot-301-simdi-turkiyeli\/peugeot_03-4\/'><img width=\"150\" height=\"150\" src=\"https:\/\/www.digitalcarmagazine.com.tr\/Web\/wp-content\/uploads\/Peugeot_033-150x150.jpg\" class=\"attachment-thumbnail size-thumbnail\" alt=\"\" loading=\"lazy\" \/><\/a>\n\t\t\t<\/div><\/figure><figure class='gallery-item'>\n\t\t\t<div class='gallery-icon landscape'>\n\t\t\t\t<a href='https:\/\/www.digitalcarmagazine.com.tr\/Web\/yeni-peugeot-301-simdi-turkiyeli\/peugeot_02\/'><img width=\"150\" height=\"150\" src=\"https:\/\/www.digitalcarmagazine.com.tr\/Web\/wp-content\/uploads\/Peugeot_02-150x150.jpg\" class=\"attachment-thumbnail size-thumbnail\" alt=\"\" loading=\"lazy\" \/><\/a>\n\t\t\t<\/div><\/figure><figure class='gallery-item'>\n\t\t\t<div class='gallery-icon landscape'>\n\t\t\t\t<a href='https:\/\/www.digitalcarmagazine.com.tr\/Web\/yeni-peugeot-301-simdi-turkiyeli\/peugeot_01-2\/'><img width=\"150\" height=\"150\" src=\"https:\/\/www.digitalcarmagazine.com.tr\/Web\/wp-content\/uploads\/Peugeot_011-150x150.jpg\" class=\"attachment-thumbnail size-thumbnail\" alt=\"\" loading=\"lazy\" \/><\/a>\n\t\t\t<\/div><\/figure><figure class='gallery-item'>\n\t\t\t<div class='gallery-icon landscape'>\n\t\t\t\t<a href='https:\/\/www.digitalcarmagazine.com.tr\/Web\/yeni-peugeot-301-simdi-turkiyeli\/peugeot_01-3\/'><img width=\"150\" height=\"150\" src=\"https:\/\/www.digitalcarmagazine.com.tr\/Web\/wp-content\/uploads\/Peugeot_012-150x150.jpg\" class=\"attachment-thumbnail size-thumbnail\" alt=\"\" loading=\"lazy\" \/><\/a>\n\t\t\t<\/div><\/figure>\n\t\t<\/div>\n\n","protected":false},"excerpt":{"rendered":"<p>Yeni Peugeot 301 ile Ekim ay\u0131nda ba\u015flayan T\u00fcrkiye maceras\u0131 \u0130stanbul\u2019da sona erdi. \u201cT\u00fcrkiye\u2019nin Otomobili, T\u00fcrkiye\u2019nin Yollar\u0131nda\u201d slogan\u0131 ile yola \u00e7\u0131kan Peugeot 301, bu yolculu\u011fu esnas\u0131nda Edirne\u2019den Van\u2019a T\u00fcrkiye\u2019de toplam 40 \u015fehrimize u\u011frad\u0131. T\u00fcrkiye\u2019de her t\u00fcrl\u00fc yol ve hava ko\u015fullar\u0131nda ba\u015far\u0131yla 20 000 km\u2019yi a\u015fk\u0131n yol kateden Peugeot 301, T\u00fcrkiye\u2019nin otomobili oldu\u011funu kan\u0131tlad\u0131. Yeni Peugeot 301, [&hellip;]<\/p>\n","protected":false},"author":1,"featured_media":0,"comment_status":"open","ping_status":"open","sticky":false,"template":"","format":"standard","meta":[],"categories":[1],"tags":[],"_links":{"self":[{"href":"https:\/\/www.digitalcarmagazine.com.tr\/Web\/wp-json\/wp\/v2\/posts\/5069"}],"collection":[{"href":"https:\/\/www.digitalcarmagazine.com.tr\/Web\/wp-json\/wp\/v2\/posts"}],"about":[{"href":"https:\/\/www.digitalcarmagazine.com.tr\/Web\/wp-json\/wp\/v2\/types\/post"}],"author":[{"embeddable":true,"href":"https:\/\/www.digitalcarmagazine.com.tr\/Web\/wp-json\/wp\/v2\/users\/1"}],"replies":[{"embeddable":true,"href":"https:\/\/www.digitalcarmagazine.com.tr\/Web\/wp-json\/wp\/v2\/comments?post=5069"}],"version-history":[{"count":1,"href":"https:\/\/www.digitalcarmagazine.com.tr\/Web\/wp-json\/wp\/v2\/posts\/5069\/revisions"}],"predecessor-version":[{"id":5078,"href":"https:\/\/www.digitalcarmagazine.com.tr\/Web\/wp-json\/wp\/v2\/posts\/5069\/revisions\/5078"}],"wp:attachment":[{"href":"https:\/\/www.digitalcarmagazine.com.tr\/Web\/wp-json\/wp\/v2\/media?parent=5069"}],"wp:term":[{"taxonomy":"category","embeddable":true,"href":"https:\/\/www.digitalcarmagazine.com.tr\/Web\/wp-json\/wp\/v2\/categories?post=5069"},{"taxonomy":"post_tag","embeddable":true,"href":"https:\/\/www.digitalcarmagazine.com.tr\/Web\/wp-json\/wp\/v2\/tags?post=5069"}],"curies":[{"name":"wp","href":"https:\/\/api.w.org\/{rel}","templated":true}]}}