{"id":5016,"date":"2012-12-09T12:42:03","date_gmt":"2012-12-09T12:42:03","guid":{"rendered":"http:\/\/www.digitalcarmagazine.com.tr\/Web\/?p=5016"},"modified":"2012-12-09T12:42:03","modified_gmt":"2012-12-09T12:42:03","slug":"castrol-ford-team-turkiye-pilotlari-formula-1-ve-wrc-yildizlari-ile-ayni-sahnede","status":"publish","type":"post","link":"https:\/\/www.digitalcarmagazine.com.tr\/Web\/castrol-ford-team-turkiye-pilotlari-formula-1-ve-wrc-yildizlari-ile-ayni-sahnede\/","title":{"rendered":"Castrol Ford Team T\u00fcrkiye pilotlar\u0131 Formula 1 ve WRC y\u0131ld\u0131zlar\u0131 ile ayn\u0131 sahnede"},"content":{"rendered":"<h3 style=\"text-align: left;\" align=\"center\">Bu y\u0131l T\u00fcrkiye\u2019de d\u00fczenlenen ve d\u00fcnyan\u0131n en \u00f6nemli motorsporlar\u0131 \u015fampiyonlar\u0131n\u0131n kupalar\u0131n\u0131 ald\u0131\u011f\u0131 FIA \u00f6d\u00fcl gecesinde T\u00fcrkiye\u2019den de iki pilot \u00f6d\u00fcl almak i\u00e7in sahnede yerini ald\u0131. Geceye kat\u0131larak 2012 y\u0131l\u0131 Do\u011fu Avrupa Ralli \u015eampiyonlu\u011fu \u00f6d\u00fcl\u00fcn\u00fc alan Castrol Ford Team T\u00fcrkiye pilotu Ya\u011f\u0131z Avc\u0131 ve Bahad\u0131r G\u00fccenmez ikilisi, t\u00f6renin ard\u0131ndan \u015fampiyonlar\u0131n \u015fampiyonunun belirlenece\u011fi International Winners Championship&#8217;e kat\u0131lmak \u00fczere H\u0131rvatistan\u2019a gitti.<\/h3>\n<p style=\"text-align: left;\"><a href=\"https:\/\/www.digitalcarmagazine.com.tr\/Web\/wp-content\/uploads\/YAvc\u0131_MTahincio\u011flu_BG\u00fccenmez.jpg\"><img loading=\"lazy\" class=\"alignleft size-medium wp-image-5017\" title=\"YAvc\u0131_MTahincio\u011flu_BG\u00fccenmez\" src=\"https:\/\/www.digitalcarmagazine.com.tr\/Web\/wp-content\/uploads\/YAvc\u0131_MTahincio\u011flu_BG\u00fccenmez-300x199.jpg\" alt=\"\" width=\"300\" height=\"199\" srcset=\"https:\/\/www.digitalcarmagazine.com.tr\/Web\/wp-content\/uploads\/YAvc\u0131_MTahincio\u011flu_BG\u00fccenmez-300x199.jpg 300w, https:\/\/www.digitalcarmagazine.com.tr\/Web\/wp-content\/uploads\/YAvc\u0131_MTahincio\u011flu_BG\u00fccenmez-1024x682.jpg 1024w, https:\/\/www.digitalcarmagazine.com.tr\/Web\/wp-content\/uploads\/YAvc\u0131_MTahincio\u011flu_BG\u00fccenmez.jpg 2000w\" sizes=\"(max-width: 300px) 100vw, 300px\" \/><\/a>Castrol Ford Team T\u00fcrkiye\u2019nin ba\u015far\u0131larla dolu 2012 sezonu, ayn\u0131 g\u00fczellikte bir final ile noktalan\u0131yor. Bu y\u0131l T\u00fcrkiye Ralli \u015eampiyonas\u0131\u2019n\u0131n yan\u0131 s\u0131ra Do\u011fu Avrupa Ralli \u015eampiyonas\u0131\u2019nda da m\u00fccadele eden ekip, T\u00fcrkiye\u2019de Tak\u0131mlar \u015eampiyonlu\u011fu ve Do\u011fu Avrupa\u2019da Pilotlar \u015eampiyonlu\u011fu\u2019na ula\u015ft\u0131. K\u0131talararas\u0131 Ralli \u015eampiyonas\u0131 IRC\u2019ye dahil Ukrayna\u2019da ko\u015fulan Yalta Rallisi\u2019ni de kazanarak tarihe ge\u00e7en Avc\u0131, d\u00fcnyan\u0131n \u00f6nde gelen ralli pilotlar\u0131n\u0131n m\u00fccadele etti\u011fi bir IRC yar\u0131\u015f\u0131n\u0131 kazanan ilk T\u00fcrk pilot oldu.<\/p>\n<h4 style=\"text-align: left;\"><span style=\"color: #ff0000;\">Kupalar\u0131n\u0131 Formula 1 ve WRC \u015fampiyonlar\u0131 ile birlikte ald\u0131lar<\/span><\/h4>\n<p style=\"text-align: left;\">2012 Do\u011fu Avrupa Ralli \u015eampiyonlu\u011fu&#8217;nu kazanan Ya\u011f\u0131z Avc\u0131 ve Bahad\u0131r G\u00fccenmez ikilisi, FIA \u00f6d\u00fcl gecesinde, d\u00fcnyan\u0131n \u00f6nemli \u015fampiyon pilotlar\u0131yla birlikte \u00f6d\u00fcl\u00fcn\u00fc ald\u0131. \u00c7\u0131ra\u011fan Saray\u0131\u2019nda d\u00fczenlenen t\u00f6rene, Castrol Ford Team T\u00fcrkiye\u2019yi temsilen Ford Otosan Genel M\u00fcd\u00fcr\u00fc Haydar Yenig\u00fcn, Ford Otosan Sat\u0131nalma Genel M\u00fcd\u00fcr Yard\u0131mc\u0131s\u0131 Cengiz Kabatepe, Ford Otosan Pazarlama, Sat\u0131\u015f ve Sat\u0131\u015f Sanras\u0131ndan Sorumlu Genel M\u00fcd\u00fcr Yard\u0131mc\u0131s\u0131 Aykut \u00d6z\u00fcner, \u00a0Castrol Madeni Ya\u011flar T\u00fcrkiye ve Hazar B\u00f6lgesi Direkt\u00f6r\u00fc Kerim Kermen ile Castrol Ford Team T\u00fcrkiye Tak\u0131m Direkt\u00f6r\u00fc Serdar Bostanc\u0131 kat\u0131ld\u0131. Castrol Ford Team T\u00fcrkiye\u2019nin \u015fampiyon pilotu Ya\u011f\u0131z Avc\u0131, ald\u0131\u011f\u0131 bu \u015fampiyonluk \u00f6d\u00fcl\u00fcn\u00fcn \u00e7ok anlaml\u0131 oldu\u011funu s\u00f6yleyerek, \u201cFormula 1 ve D\u00fcnya Ralli \u015eampiyonlar\u0131 ile birlikte \u00f6d\u00fcl almak benim i\u00e7in unutulmayacak bir an\u0131 oldu\u201d dedi.<\/p>\n<h4 style=\"text-align: left;\"><span style=\"color: #ff0000;\">\u015eampiyonlar \u015fampiyonas\u0131nda iki Castrol Ford Team T\u00fcrkiye pilotu<\/span><\/h4>\n<p style=\"text-align: left;\">\u015eampiyon pilotlar Ya\u011f\u0131z Avc\u0131 ve Murat Bostanc\u0131, 2012 y\u0131l\u0131 \u015fampiyonlar \u015fampiyonunun belirlendi\u011fi International Winners Championship&#8217;e kat\u0131lmak \u00fczere H\u0131rvatistan\u2019a gidiyor. T\u00fcrkiye\u2019den etkinli\u011fe davet edilen iki pilot olan Avc\u0131 ve Bostanc\u0131 IWC\u2019de, d\u00fcnyan\u0131n \u00e7e\u015fitli \u00fclkelerinden \u015fampiyon pilotlar\u0131n benzer \u00f6zelliklere sahip otomobillerle kar\u015f\u0131la\u015ft\u0131\u011f\u0131 organizasyona kat\u0131lacak. 8 Aral\u0131k Cumartesi g\u00fcn\u00fc saat 14.00&#8217;de ba\u015flayacak ve saat 24.00&#8217;de d\u00fczenlenen \u00f6d\u00fcl t\u00f6reniyle son bulacak olan International Winners Championship, yakla\u015f\u0131k 10 bin seyircinin kat\u0131l\u0131m\u0131yla Zagreb Arena Hall&#8217;de olu\u015fturulan \u00f6zel parkurda ger\u00e7ekle\u015ftirilecek. Farkl\u0131 \u00fclkelerden bir\u00e7ok ralli, t\u0131rmanma ve pist \u015fampiyonu pilotun kat\u0131laca\u011f\u0131 organizasyonda, pilotlar elemeler ve finallerde farkl\u0131 otomobiller ile yar\u0131\u015farak birbirlerine \u00fcst\u00fcnl\u00fck sa\u011flamaya \u00e7al\u0131\u015facak. Uluslararas\u0131 bir organizasyonda \u015fampiyonluk \u00f6d\u00fcl\u00fcn\u00fc ald\u0131ktan sonra bir di\u011fer uluslararas\u0131 organizasyonda T\u00fcrkiye\u2019yi temsil edecek olan Ya\u011f\u0131z Avc\u0131, tak\u0131m arkada\u015f\u0131 Murat Bostanc\u0131 ile birilkte di\u011fer \u00fclkelerden gelen \u00f6nemli isimlere kar\u015f\u0131 T\u00fcrkiye\u2019ye yeni bir \u015fampiyonluk daha kazand\u0131rmak i\u00e7in m\u00fccadele edecekler.<\/p>\n","protected":false},"excerpt":{"rendered":"<p>Bu y\u0131l T\u00fcrkiye\u2019de d\u00fczenlenen ve d\u00fcnyan\u0131n en \u00f6nemli motorsporlar\u0131 \u015fampiyonlar\u0131n\u0131n kupalar\u0131n\u0131 ald\u0131\u011f\u0131 FIA \u00f6d\u00fcl gecesinde T\u00fcrkiye\u2019den de iki pilot \u00f6d\u00fcl almak i\u00e7in sahnede yerini ald\u0131. Geceye kat\u0131larak 2012 y\u0131l\u0131 Do\u011fu Avrupa Ralli \u015eampiyonlu\u011fu \u00f6d\u00fcl\u00fcn\u00fc alan Castrol Ford Team T\u00fcrkiye pilotu Ya\u011f\u0131z Avc\u0131 ve Bahad\u0131r G\u00fccenmez ikilisi, t\u00f6renin ard\u0131ndan \u015fampiyonlar\u0131n \u015fampiyonunun belirlenece\u011fi International Winners Championship&#8217;e kat\u0131lmak [&hellip;]<\/p>\n","protected":false},"author":1,"featured_media":0,"comment_status":"open","ping_status":"open","sticky":false,"template":"","format":"standard","meta":[],"categories":[1,10],"tags":[],"_links":{"self":[{"href":"https:\/\/www.digitalcarmagazine.com.tr\/Web\/wp-json\/wp\/v2\/posts\/5016"}],"collection":[{"href":"https:\/\/www.digitalcarmagazine.com.tr\/Web\/wp-json\/wp\/v2\/posts"}],"about":[{"href":"https:\/\/www.digitalcarmagazine.com.tr\/Web\/wp-json\/wp\/v2\/types\/post"}],"author":[{"embeddable":true,"href":"https:\/\/www.digitalcarmagazine.com.tr\/Web\/wp-json\/wp\/v2\/users\/1"}],"replies":[{"embeddable":true,"href":"https:\/\/www.digitalcarmagazine.com.tr\/Web\/wp-json\/wp\/v2\/comments?post=5016"}],"version-history":[{"count":1,"href":"https:\/\/www.digitalcarmagazine.com.tr\/Web\/wp-json\/wp\/v2\/posts\/5016\/revisions"}],"predecessor-version":[{"id":5018,"href":"https:\/\/www.digitalcarmagazine.com.tr\/Web\/wp-json\/wp\/v2\/posts\/5016\/revisions\/5018"}],"wp:attachment":[{"href":"https:\/\/www.digitalcarmagazine.com.tr\/Web\/wp-json\/wp\/v2\/media?parent=5016"}],"wp:term":[{"taxonomy":"category","embeddable":true,"href":"https:\/\/www.digitalcarmagazine.com.tr\/Web\/wp-json\/wp\/v2\/categories?post=5016"},{"taxonomy":"post_tag","embeddable":true,"href":"https:\/\/www.digitalcarmagazine.com.tr\/Web\/wp-json\/wp\/v2\/tags?post=5016"}],"curies":[{"name":"wp","href":"https:\/\/api.w.org\/{rel}","templated":true}]}}