{"id":4923,"date":"2012-11-30T20:46:06","date_gmt":"2012-11-30T20:46:06","guid":{"rendered":"http:\/\/www.digitalcarmagazine.com.tr\/Web\/?p=4923"},"modified":"2012-11-30T20:46:06","modified_gmt":"2012-11-30T20:46:06","slug":"mercedes-benz-cebit-bilisim-eurasia%e2%80%99da","status":"publish","type":"post","link":"https:\/\/www.digitalcarmagazine.com.tr\/Web\/mercedes-benz-cebit-bilisim-eurasia%e2%80%99da\/","title":{"rendered":"Mercedes-Benz CeBIT Bili\u015fim Eurasia\u2019da"},"content":{"rendered":"<h3>29 Kas\u0131m &#8211; 2 Aral\u0131k 2012 tarihleri aras\u0131nda CNR Expo Center\u2019da d\u00fczenlenen Avrasya&#8217;n\u0131n en b\u00fcy\u00fck Bili\u015fim, Teknoloji ve \u0130leti\u015fim Platformu CeBIT Bili\u015fim Eurasia\u2019ya Mercedes-Benz T\u00fcrk yeni Mercedes-Benz A-Serisi ile kat\u0131ld\u0131.<\/h3>\n<p><a href=\"https:\/\/www.digitalcarmagazine.com.tr\/Web\/wp-content\/uploads\/Mercedes-Benz-A-Serisi-CeBITte-1.jpg\"><img loading=\"lazy\" class=\"alignleft size-medium wp-image-4924\" title=\"Mercedes-Benz A-Serisi CeBIT'te (1)\" src=\"https:\/\/www.digitalcarmagazine.com.tr\/Web\/wp-content\/uploads\/Mercedes-Benz-A-Serisi-CeBITte-1-300x224.jpg\" alt=\"\" width=\"300\" height=\"224\" srcset=\"https:\/\/www.digitalcarmagazine.com.tr\/Web\/wp-content\/uploads\/Mercedes-Benz-A-Serisi-CeBITte-1-300x224.jpg 300w, https:\/\/www.digitalcarmagazine.com.tr\/Web\/wp-content\/uploads\/Mercedes-Benz-A-Serisi-CeBITte-1-1024x764.jpg 1024w\" sizes=\"(max-width: 300px) 100vw, 300px\" \/><\/a>Mercedes-Benz markas\u0131n\u0131n yeni dinamizminin a\u00e7\u0131k bir ifadesi olan yeni A-Serisi, en ince detay\u0131na kadar tamamen yenilendi. Tasar\u0131m\u0131 ve dinamik ruhu A-Serisi\u2019nin, daha ilk bak\u0131\u015fta g\u00f6ze \u00e7arpan en belirgin \u00f6zelliklerini olu\u015fturuyor. A-Serisi\u2019nin heyecan uyand\u0131ran sportif d\u0131\u015f tasar\u0131m\u0131 ve y\u00fcksek kaliteyi \u00a0yans\u0131tan i\u00e7 tasar\u0131m\u0131 ile kendine \u00f6zg\u00fc karakteri, \u00a0Mercedes-Benz\u2019in yeni tasar\u0131m stratejisini yans\u0131t\u0131yor. Keskin hatlar ve gerilim yans\u0131tan y\u00fczeyler yeni A-Serisi\u2019nin d\u0131\u015f tasar\u0131m\u0131n\u0131n karakterini belirliyor.<\/p>\n<p>Yeni A-Serisi, \u00e7ok say\u0131da farkl\u0131 se\u00e7enekle ki\u015fiselle\u015ftirilebilen temel teknik \u00f6zelliklerin yan\u0131 s\u0131ra, m\u00fc\u015fterinin ki\u015fisel zevklerine hitap edecek 3 farkl\u0131 tasar\u0131m konsepti ile sunuyor; \u00a0&#8220;Urban&#8221;, &#8220;Style&#8221; ve &#8220;AMG Sport&#8221;.<\/p>\n<p>CeBIT Bili\u015fim Eurasia, Avrasya b\u00f6lgesindeki bili\u015fim firmalar\u0131n\u0131n yan\u0131 s\u0131ra i\u015finde bili\u015fimi kullanan t\u00fcm dikey sekt\u00f6r firmalar\u0131n\u0131, kamu kurumlar\u0131n\u0131 ve medya kurulu\u015flar\u0131n\u0131 ayn\u0131 \u00e7at\u0131 alt\u0131nda bulu\u015fturuyor. 2011 y\u0131l\u0131nda 120 bini a\u015fk\u0131n ziyaret\u00e7isi, bini a\u015fk\u0131n kat\u0131l\u0131mc\u0131s\u0131 ile b\u00fcy\u00fck ilgi g\u00f6rm\u00fc\u015f olan CeBIT fuar\u0131na, bu sene de ilginin artarak devam etmesi bekleniyor.<\/p>\n","protected":false},"excerpt":{"rendered":"<p>29 Kas\u0131m &#8211; 2 Aral\u0131k 2012 tarihleri aras\u0131nda CNR Expo Center\u2019da d\u00fczenlenen Avrasya&#8217;n\u0131n en b\u00fcy\u00fck Bili\u015fim, Teknoloji ve \u0130leti\u015fim Platformu CeBIT Bili\u015fim Eurasia\u2019ya Mercedes-Benz T\u00fcrk yeni Mercedes-Benz A-Serisi ile kat\u0131ld\u0131. Mercedes-Benz markas\u0131n\u0131n yeni dinamizminin a\u00e7\u0131k bir ifadesi olan yeni A-Serisi, en ince detay\u0131na kadar tamamen yenilendi. Tasar\u0131m\u0131 ve dinamik ruhu A-Serisi\u2019nin, daha ilk bak\u0131\u015fta g\u00f6ze [&hellip;]<\/p>\n","protected":false},"author":1,"featured_media":0,"comment_status":"open","ping_status":"open","sticky":false,"template":"","format":"standard","meta":[],"categories":[1],"tags":[],"_links":{"self":[{"href":"https:\/\/www.digitalcarmagazine.com.tr\/Web\/wp-json\/wp\/v2\/posts\/4923"}],"collection":[{"href":"https:\/\/www.digitalcarmagazine.com.tr\/Web\/wp-json\/wp\/v2\/posts"}],"about":[{"href":"https:\/\/www.digitalcarmagazine.com.tr\/Web\/wp-json\/wp\/v2\/types\/post"}],"author":[{"embeddable":true,"href":"https:\/\/www.digitalcarmagazine.com.tr\/Web\/wp-json\/wp\/v2\/users\/1"}],"replies":[{"embeddable":true,"href":"https:\/\/www.digitalcarmagazine.com.tr\/Web\/wp-json\/wp\/v2\/comments?post=4923"}],"version-history":[{"count":1,"href":"https:\/\/www.digitalcarmagazine.com.tr\/Web\/wp-json\/wp\/v2\/posts\/4923\/revisions"}],"predecessor-version":[{"id":4925,"href":"https:\/\/www.digitalcarmagazine.com.tr\/Web\/wp-json\/wp\/v2\/posts\/4923\/revisions\/4925"}],"wp:attachment":[{"href":"https:\/\/www.digitalcarmagazine.com.tr\/Web\/wp-json\/wp\/v2\/media?parent=4923"}],"wp:term":[{"taxonomy":"category","embeddable":true,"href":"https:\/\/www.digitalcarmagazine.com.tr\/Web\/wp-json\/wp\/v2\/categories?post=4923"},{"taxonomy":"post_tag","embeddable":true,"href":"https:\/\/www.digitalcarmagazine.com.tr\/Web\/wp-json\/wp\/v2\/tags?post=4923"}],"curies":[{"name":"wp","href":"https:\/\/api.w.org\/{rel}","templated":true}]}}