{"id":4880,"date":"2012-11-29T10:50:22","date_gmt":"2012-11-29T10:50:22","guid":{"rendered":"http:\/\/www.digitalcarmagazine.com.tr\/Web\/?p=4880"},"modified":"2012-12-09T12:55:43","modified_gmt":"2012-12-09T12:55:43","slug":"veee-2013-pirelli-takvimi","status":"publish","type":"post","link":"https:\/\/www.digitalcarmagazine.com.tr\/Web\/veee-2013-pirelli-takvimi\/","title":{"rendered":"Veee 2013 Pirelli Takvimi!"},"content":{"rendered":"<h3>2013 Pirelli Takvimi Rio de Janeiro&#8217;da tarihi &#8220;Cidade Maravilhosa&#8221; liman\u0131ndaki &#8221; &#8220;Pier Mau\u00e1&#8221; antrepolar\u0131nda tan\u0131t\u0131ld\u0131.<\/h3>\n<p><a href=\"https:\/\/www.digitalcarmagazine.com.tr\/Web\/wp-content\/uploads\/Pirelli-B08979_NEW.jpg\"><img loading=\"lazy\" class=\"alignleft size-medium wp-image-4882\" title=\"Pirelli-B08979_NEW\" src=\"https:\/\/www.digitalcarmagazine.com.tr\/Web\/wp-content\/uploads\/Pirelli-B08979_NEW-300x200.jpg\" alt=\"\" width=\"300\" height=\"200\" srcset=\"https:\/\/www.digitalcarmagazine.com.tr\/Web\/wp-content\/uploads\/Pirelli-B08979_NEW-300x200.jpg 300w, https:\/\/www.digitalcarmagazine.com.tr\/Web\/wp-content\/uploads\/Pirelli-B08979_NEW.jpg 850w\" sizes=\"(max-width: 300px) 100vw, 300px\" \/><\/a>Her y\u0131l\u0131n sonunda Pirelli&#8217;nin takvimleri konu\u015fulmaya ba\u015flar. Bu y\u0131l sonunda da fazlas\u0131yla konu\u015fulacak Pirelli, The Cal\u2122 olarak an\u0131lan \u00fcnl\u00fc takviminin 40. say\u0131s\u0131n\u0131, d\u00fcnyan\u0131n en tan\u0131nm\u0131\u015f foto\u011fraf\u00e7\u0131lar\u0131ndan Steve McCurry taraf\u0131ndan haz\u0131rland\u0131.\u00a0Takvimin \u00e7ekimlerinin Rio sokaklar\u0131nda ve favela denen gecekondu mahallelerinde s\u00fcrd\u00fc\u011f\u00fc iki hafta boyunca McCurry, insanlar\u0131n ve uzak diyarlar\u0131n \u00f6yk\u00fclerini, deneyimlerini ve \u00f6zelliklerini yakalayarak b\u00fcy\u00fcleyici ke\u015fif yolculuklar\u0131ndan birini yapt\u0131. 2013 Pirelli Takvimi, grafiti ile resimlenmi\u015f y\u00fczlerden ve s\u0131radan insanlardan yararlanarak; her biri kendisini vak\u0131flara, insani projelere ve sivil toplum kurulu\u015flar\u0131na adam\u0131\u015f modeller arac\u0131l\u0131\u011f\u0131yla \u00f6yk\u00fcler anlat\u0131yor. \u00a0Takvimde 11 model, oyuncu ve \u015fark\u0131c\u0131 yer al\u0131yor: Brezilya\u2019dan Isabeli Fontana (daha \u00f6nce Bruce Weber imzal\u0131 2003, Patrick Demarchelier imzal\u0131 2005, Peter Beard imzal\u0131 2009, Karl Lagerfeld&#8217;in 2011 ve Mario Sorrenti&#8217;nin 2012 Pirelli takvimlerinde yer ald\u0131) ve Adriana Lima (Patrick Demarchelier imzal\u0131 2005 takviminde de yer ald\u0131); oyuncu Sonia Braga ve \u015fark\u0131c\u0131 Marisa Monte; M\u0131s\u0131r as\u0131ll\u0131 \u0130talyan oyuncu Elisa Sednaoui; \u00c7ek model Petra Nemcova; Tunuslu model Hanaa Ben Abdesslem; Etiyopyal\u0131 model Liya Kebede; Amerikal\u0131 modeller Karlie Kloss, Kyleigh Kuhn ve Summer Rayne Oakes.<\/p>\n<p>&nbsp;<\/p>\n<div id='gallery-1' class='gallery galleryid-4880 gallery-columns-4 gallery-size-thumbnail'><figure class='gallery-item'>\n\t\t\t<div class='gallery-icon landscape'>\n\t\t\t\t<a href='https:\/\/www.digitalcarmagazine.com.tr\/Web\/veee-2013-pirelli-takvimi\/summer-rayne-oakes\/'><img width=\"150\" height=\"150\" src=\"https:\/\/www.digitalcarmagazine.com.tr\/Web\/wp-content\/uploads\/Summer_Rayne_Cakes_1-150x150.jpg\" class=\"attachment-thumbnail size-thumbnail\" alt=\"\" loading=\"lazy\" \/><\/a>\n\t\t\t<\/div><\/figure><figure class='gallery-item'>\n\t\t\t<div class='gallery-icon landscape'>\n\t\t\t\t<a href='https:\/\/www.digitalcarmagazine.com.tr\/Web\/veee-2013-pirelli-takvimi\/pirelli-b08979_new\/'><img width=\"150\" height=\"150\" src=\"https:\/\/www.digitalcarmagazine.com.tr\/Web\/wp-content\/uploads\/Pirelli-B08979_NEW-150x150.jpg\" class=\"attachment-thumbnail size-thumbnail\" alt=\"\" loading=\"lazy\" \/><\/a>\n\t\t\t<\/div><\/figure><figure class='gallery-item'>\n\t\t\t<div class='gallery-icon landscape'>\n\t\t\t\t<a href='https:\/\/www.digitalcarmagazine.com.tr\/Web\/veee-2013-pirelli-takvimi\/pirelli-b08979_new-2\/'><img width=\"150\" height=\"150\" src=\"https:\/\/www.digitalcarmagazine.com.tr\/Web\/wp-content\/uploads\/Pirelli-B08979_NEW1-150x150.jpg\" class=\"attachment-thumbnail size-thumbnail\" alt=\"\" loading=\"lazy\" \/><\/a>\n\t\t\t<\/div><\/figure><figure class='gallery-item'>\n\t\t\t<div class='gallery-icon landscape'>\n\t\t\t\t<a href='https:\/\/www.digitalcarmagazine.com.tr\/Web\/veee-2013-pirelli-takvimi\/pirelli-b03363\/'><img width=\"150\" height=\"150\" src=\"https:\/\/www.digitalcarmagazine.com.tr\/Web\/wp-content\/uploads\/Pirelli-B03363-150x150.jpg\" class=\"attachment-thumbnail size-thumbnail\" alt=\"\" loading=\"lazy\" \/><\/a>\n\t\t\t<\/div><\/figure><figure class='gallery-item'>\n\t\t\t<div class='gallery-icon landscape'>\n\t\t\t\t<a href='https:\/\/www.digitalcarmagazine.com.tr\/Web\/veee-2013-pirelli-takvimi\/petra-nemcova\/'><img width=\"150\" height=\"150\" src=\"https:\/\/www.digitalcarmagazine.com.tr\/Web\/wp-content\/uploads\/Petra_Nemcova-150x150.jpg\" class=\"attachment-thumbnail size-thumbnail\" alt=\"\" loading=\"lazy\" \/><\/a>\n\t\t\t<\/div><\/figure><figure class='gallery-item'>\n\t\t\t<div class='gallery-icon landscape'>\n\t\t\t\t<a href='https:\/\/www.digitalcarmagazine.com.tr\/Web\/veee-2013-pirelli-takvimi\/p-3\/'><img width=\"150\" height=\"150\" src=\"https:\/\/www.digitalcarmagazine.com.tr\/Web\/wp-content\/uploads\/p1-150x150.jpg\" class=\"attachment-thumbnail size-thumbnail\" alt=\"\" loading=\"lazy\" \/><\/a>\n\t\t\t<\/div><\/figure><figure class='gallery-item'>\n\t\t\t<div class='gallery-icon landscape'>\n\t\t\t\t<a href='https:\/\/www.digitalcarmagazine.com.tr\/Web\/veee-2013-pirelli-takvimi\/liya-kebede\/'><img width=\"150\" height=\"150\" src=\"https:\/\/www.digitalcarmagazine.com.tr\/Web\/wp-content\/uploads\/Liya_Kebede-150x150.jpg\" class=\"attachment-thumbnail size-thumbnail\" alt=\"\" loading=\"lazy\" \/><\/a>\n\t\t\t<\/div><\/figure><figure class='gallery-item'>\n\t\t\t<div class='gallery-icon landscape'>\n\t\t\t\t<a href='https:\/\/www.digitalcarmagazine.com.tr\/Web\/veee-2013-pirelli-takvimi\/karlie-kloss\/'><img width=\"150\" height=\"150\" src=\"https:\/\/www.digitalcarmagazine.com.tr\/Web\/wp-content\/uploads\/Karlie_Kloss_1-150x150.jpg\" class=\"attachment-thumbnail size-thumbnail\" alt=\"\" loading=\"lazy\" \/><\/a>\n\t\t\t<\/div><\/figure><figure class='gallery-item'>\n\t\t\t<div class='gallery-icon landscape'>\n\t\t\t\t<a href='https:\/\/www.digitalcarmagazine.com.tr\/Web\/veee-2013-pirelli-takvimi\/hanaa_ben_abdesslem\/'><img width=\"150\" height=\"150\" src=\"https:\/\/www.digitalcarmagazine.com.tr\/Web\/wp-content\/uploads\/Hanaa_Ben_Abdesslem-150x150.jpg\" class=\"attachment-thumbnail size-thumbnail\" alt=\"\" loading=\"lazy\" \/><\/a>\n\t\t\t<\/div><\/figure><figure class='gallery-item'>\n\t\t\t<div class='gallery-icon landscape'>\n\t\t\t\t<a href='https:\/\/www.digitalcarmagazine.com.tr\/Web\/veee-2013-pirelli-takvimi\/adriana-lima\/'><img width=\"150\" height=\"150\" src=\"https:\/\/www.digitalcarmagazine.com.tr\/Web\/wp-content\/uploads\/Adriana_Lima-150x150.jpg\" class=\"attachment-thumbnail size-thumbnail\" alt=\"\" loading=\"lazy\" \/><\/a>\n\t\t\t<\/div><\/figure><figure class='gallery-item'>\n\t\t\t<div class='gallery-icon landscape'>\n\t\t\t\t<a href='https:\/\/www.digitalcarmagazine.com.tr\/Web\/veee-2013-pirelli-takvimi\/adriana-lima-2\/'><img width=\"150\" height=\"150\" src=\"https:\/\/www.digitalcarmagazine.com.tr\/Web\/wp-content\/uploads\/Adriana_Lima1-150x150.jpg\" class=\"attachment-thumbnail size-thumbnail\" alt=\"\" loading=\"lazy\" \/><\/a>\n\t\t\t<\/div><\/figure>\n\t\t<\/div>\n\n","protected":false},"excerpt":{"rendered":"<p>2013 Pirelli Takvimi Rio de Janeiro&#8217;da tarihi &#8220;Cidade Maravilhosa&#8221; liman\u0131ndaki &#8221; &#8220;Pier Mau\u00e1&#8221; antrepolar\u0131nda tan\u0131t\u0131ld\u0131. Her y\u0131l\u0131n sonunda Pirelli&#8217;nin takvimleri konu\u015fulmaya ba\u015flar. Bu y\u0131l sonunda da fazlas\u0131yla konu\u015fulacak Pirelli, The Cal\u2122 olarak an\u0131lan \u00fcnl\u00fc takviminin 40. say\u0131s\u0131n\u0131, d\u00fcnyan\u0131n en tan\u0131nm\u0131\u015f foto\u011fraf\u00e7\u0131lar\u0131ndan Steve McCurry taraf\u0131ndan haz\u0131rland\u0131.\u00a0Takvimin \u00e7ekimlerinin Rio sokaklar\u0131nda ve favela denen gecekondu mahallelerinde s\u00fcrd\u00fc\u011f\u00fc iki [&hellip;]<\/p>\n","protected":false},"author":1,"featured_media":0,"comment_status":"open","ping_status":"open","sticky":false,"template":"","format":"standard","meta":[],"categories":[1],"tags":[],"_links":{"self":[{"href":"https:\/\/www.digitalcarmagazine.com.tr\/Web\/wp-json\/wp\/v2\/posts\/4880"}],"collection":[{"href":"https:\/\/www.digitalcarmagazine.com.tr\/Web\/wp-json\/wp\/v2\/posts"}],"about":[{"href":"https:\/\/www.digitalcarmagazine.com.tr\/Web\/wp-json\/wp\/v2\/types\/post"}],"author":[{"embeddable":true,"href":"https:\/\/www.digitalcarmagazine.com.tr\/Web\/wp-json\/wp\/v2\/users\/1"}],"replies":[{"embeddable":true,"href":"https:\/\/www.digitalcarmagazine.com.tr\/Web\/wp-json\/wp\/v2\/comments?post=4880"}],"version-history":[{"count":2,"href":"https:\/\/www.digitalcarmagazine.com.tr\/Web\/wp-json\/wp\/v2\/posts\/4880\/revisions"}],"predecessor-version":[{"id":5031,"href":"https:\/\/www.digitalcarmagazine.com.tr\/Web\/wp-json\/wp\/v2\/posts\/4880\/revisions\/5031"}],"wp:attachment":[{"href":"https:\/\/www.digitalcarmagazine.com.tr\/Web\/wp-json\/wp\/v2\/media?parent=4880"}],"wp:term":[{"taxonomy":"category","embeddable":true,"href":"https:\/\/www.digitalcarmagazine.com.tr\/Web\/wp-json\/wp\/v2\/categories?post=4880"},{"taxonomy":"post_tag","embeddable":true,"href":"https:\/\/www.digitalcarmagazine.com.tr\/Web\/wp-json\/wp\/v2\/tags?post=4880"}],"curies":[{"name":"wp","href":"https:\/\/api.w.org\/{rel}","templated":true}]}}