{"id":4876,"date":"2012-11-29T10:15:13","date_gmt":"2012-11-29T10:15:13","guid":{"rendered":"http:\/\/www.digitalcarmagazine.com.tr\/Web\/?p=4876"},"modified":"2012-11-29T10:15:13","modified_gmt":"2012-11-29T10:15:13","slug":"opetin-hikayesi-kitap-oldu","status":"publish","type":"post","link":"https:\/\/www.digitalcarmagazine.com.tr\/Web\/opetin-hikayesi-kitap-oldu\/","title":{"rendered":"OPET&#8217;in hikayesi kitap oldu!"},"content":{"rendered":"<h3 style=\"text-align: left;\" align=\"center\">Gazeteci-Yazar Nebil \u00d6zgent\u00fcrk taraf\u0131ndan kaleme al\u0131nan \u201cOpet Mucizesi-Yoku\u015fu T\u0131rmanan \u00d6m\u00fcr\u201d adl\u0131 kitap, uzun y\u0131llar\u0131n\u0131 \u00f6\u011fretmenli\u011fe adayan OPET\u2019in kurucular\u0131 Nurten-Fikret \u00d6zt\u00fcrk \u00e7iftinin \u00f6yk\u00fcs\u00fcn\u00fc anlat\u0131yor. OPET\u2019in 20\u2019nci y\u0131l\u0131 onuruna haz\u0131rlanan kitap, anlaml\u0131 bir g\u00fcnde \u00d6\u011fretmenler G\u00fcn\u00fc\u2019nde sat\u0131\u015fa \u00e7\u0131kt\u0131. Kitab\u0131n sat\u0131\u015f\u0131ndan elde edilecek gelir ise L\u00d6SEV\u2019e ba\u011f\u0131\u015flanacak.<\/h3>\n<p style=\"text-align: left;\" align=\"center\"><a href=\"https:\/\/www.digitalcarmagazine.com.tr\/Web\/wp-content\/uploads\/OPET-MUC\u0130ZES\u01301.jpg\"><img loading=\"lazy\" class=\"alignleft size-medium wp-image-4878\" title=\"OPET MUC\u0130ZES\u0130\" src=\"https:\/\/www.digitalcarmagazine.com.tr\/Web\/wp-content\/uploads\/OPET-MUC\u0130ZES\u01301-252x300.jpg\" alt=\"\" width=\"252\" height=\"300\" srcset=\"https:\/\/www.digitalcarmagazine.com.tr\/Web\/wp-content\/uploads\/OPET-MUC\u0130ZES\u01301-252x300.jpg 252w, https:\/\/www.digitalcarmagazine.com.tr\/Web\/wp-content\/uploads\/OPET-MUC\u0130ZES\u01301.jpg 577w\" sizes=\"(max-width: 252px) 100vw, 252px\" \/><\/a>Bu y\u0131l 20\u2019nci ya\u015f\u0131n\u0131 kutlayan OPET\u2019in kurucular\u0131 Nurten- Fikret \u00d6zt\u00fcrk \u00e7iftinin \u00f6\u011fretmenlikten i\u015f ya\u015fam\u0131n\u0131n zirvesine uzanan ba\u015far\u0131 \u00f6yk\u00fcs\u00fc kitap oldu. Gazeteci- Yazar Nebil \u00d6zgent\u00fcrk\u2019\u00fcn iki y\u0131l s\u00fcren kapsaml\u0131 \u00e7al\u0131\u015fmas\u0131 sonucu ortaya \u00e7\u0131kan kitap, 24 Kas\u0131m \u00d6\u011fretmenler G\u00fcn\u00fc\u2019nde sat\u0131\u015fa \u00e7\u0131kt\u0131. Nurten- Fikret \u00d6zt\u00fcrk \u00e7ifti ve yak\u0131n \u00e7evresi ile ger\u00e7ekle\u015ftirilen s\u00f6yle\u015filerden derlenen \u201cOpet Mucizesi-Yoku\u015fu T\u0131rmanan \u00d6m\u00fcr\u201d; vurucu an\u0131lar, foto\u011fraflar, mektuplar ve d\u00f6n\u00fcm noktas\u0131 olan unutulmayacak anekdotlarla s\u00fcsl\u00fc. Anadolu\u2019nun iki farkl\u0131 k\u00f6\u015fesinden gelen ancak yollar\u0131 \u00c7apa Y\u00fcksek \u00d6\u011fretmen Okulu\u2019nda kesi\u015fen \u00d6zt\u00fcrk \u00e7iftinin, 5 metrekarelik madeni ya\u011f d\u00fckkan\u0131ndan ba\u015flayan ticaret ser\u00fcvenleri, \u00a0basamak basamak anlat\u0131l\u0131yor kitapta\u2026 O k\u00fc\u00e7\u00fck madeni ya\u011f d\u00fckkan\u0131 20 y\u0131lda \u00d6zt\u00fcrkler Petrol\u2019e, \u00d6zt\u00fcrkler Petrol OPET\u2019e ve OPET bug\u00fcn \u00fclkemizin en \u00f6nemli markalar\u0131ndan birine d\u00f6n\u00fc\u015ft\u00fc. Yazar Nebil \u00d6zgent\u00fcrk\u2019\u00fcn deyimiyle kitapta, \u00a0\u2018yoku\u015fu t\u0131rmanan bir \u00f6mre\u2019 tan\u0131kl\u0131k ediliyor ve bu \u2018mucize\u2019 ba\u015far\u0131n\u0131n s\u0131rr\u0131 anlat\u0131l\u0131yor.<\/p>\n<p style=\"text-align: left;\">Kitapta yer alan an\u0131, foto\u011fraf ve mektuplar ayn\u0131 zamanda yine Nebil \u00d6zgent\u00fcrk taraf\u0131ndan bir filme de d\u00f6n\u00fc\u015ft\u00fcr\u00fcld\u00fc. Tiyatro sanat\u00e7\u0131s\u0131 Sel\u00e7uk Y\u00f6ntem\u2019in seslendirdi\u011fi, kitapla birlikte hediye edilen 35 dakikal\u0131k belgesel film, okuyucuya bu hikayeyi bir de g\u00f6rsel a\u00e7\u0131dan anlat\u0131yor. \u00a0\u00a0\u00a0Kitab\u0131n sat\u0131\u015f\u0131ndan elde edilecek gelir L\u00f6semili \u00c7ocuklar Vakf\u0131\u2019na (L\u00d6SEV) ba\u011f\u0131\u015flanacak.<\/p>\n","protected":false},"excerpt":{"rendered":"<p>Gazeteci-Yazar Nebil \u00d6zgent\u00fcrk taraf\u0131ndan kaleme al\u0131nan \u201cOpet Mucizesi-Yoku\u015fu T\u0131rmanan \u00d6m\u00fcr\u201d adl\u0131 kitap, uzun y\u0131llar\u0131n\u0131 \u00f6\u011fretmenli\u011fe adayan OPET\u2019in kurucular\u0131 Nurten-Fikret \u00d6zt\u00fcrk \u00e7iftinin \u00f6yk\u00fcs\u00fcn\u00fc anlat\u0131yor. OPET\u2019in 20\u2019nci y\u0131l\u0131 onuruna haz\u0131rlanan kitap, anlaml\u0131 bir g\u00fcnde \u00d6\u011fretmenler G\u00fcn\u00fc\u2019nde sat\u0131\u015fa \u00e7\u0131kt\u0131. Kitab\u0131n sat\u0131\u015f\u0131ndan elde edilecek gelir ise L\u00d6SEV\u2019e ba\u011f\u0131\u015flanacak. Bu y\u0131l 20\u2019nci ya\u015f\u0131n\u0131 kutlayan OPET\u2019in kurucular\u0131 Nurten- Fikret \u00d6zt\u00fcrk \u00e7iftinin [&hellip;]<\/p>\n","protected":false},"author":1,"featured_media":0,"comment_status":"open","ping_status":"open","sticky":false,"template":"","format":"standard","meta":[],"categories":[1],"tags":[],"_links":{"self":[{"href":"https:\/\/www.digitalcarmagazine.com.tr\/Web\/wp-json\/wp\/v2\/posts\/4876"}],"collection":[{"href":"https:\/\/www.digitalcarmagazine.com.tr\/Web\/wp-json\/wp\/v2\/posts"}],"about":[{"href":"https:\/\/www.digitalcarmagazine.com.tr\/Web\/wp-json\/wp\/v2\/types\/post"}],"author":[{"embeddable":true,"href":"https:\/\/www.digitalcarmagazine.com.tr\/Web\/wp-json\/wp\/v2\/users\/1"}],"replies":[{"embeddable":true,"href":"https:\/\/www.digitalcarmagazine.com.tr\/Web\/wp-json\/wp\/v2\/comments?post=4876"}],"version-history":[{"count":1,"href":"https:\/\/www.digitalcarmagazine.com.tr\/Web\/wp-json\/wp\/v2\/posts\/4876\/revisions"}],"predecessor-version":[{"id":4879,"href":"https:\/\/www.digitalcarmagazine.com.tr\/Web\/wp-json\/wp\/v2\/posts\/4876\/revisions\/4879"}],"wp:attachment":[{"href":"https:\/\/www.digitalcarmagazine.com.tr\/Web\/wp-json\/wp\/v2\/media?parent=4876"}],"wp:term":[{"taxonomy":"category","embeddable":true,"href":"https:\/\/www.digitalcarmagazine.com.tr\/Web\/wp-json\/wp\/v2\/categories?post=4876"},{"taxonomy":"post_tag","embeddable":true,"href":"https:\/\/www.digitalcarmagazine.com.tr\/Web\/wp-json\/wp\/v2\/tags?post=4876"}],"curies":[{"name":"wp","href":"https:\/\/api.w.org\/{rel}","templated":true}]}}