{"id":4841,"date":"2012-11-23T15:21:18","date_gmt":"2012-11-23T15:21:18","guid":{"rendered":"http:\/\/www.digitalcarmagazine.com.tr\/Web\/?p=4841"},"modified":"2012-11-23T15:23:53","modified_gmt":"2012-11-23T15:23:53","slug":"borusan-otomotiv-motorsport-roma-6-saat-yarisina-katiliyor","status":"publish","type":"post","link":"https:\/\/www.digitalcarmagazine.com.tr\/Web\/borusan-otomotiv-motorsport-roma-6-saat-yarisina-katiliyor\/","title":{"rendered":"Borusan Otomotiv Motorsport, Roma 6 saat yar\u0131\u015f\u0131na kat\u0131l\u0131yor"},"content":{"rendered":"<h3>Borusan Otomotiv Motorsport Roma 6 Saat yar\u0131\u015f\u0131 i\u00e7in \u0130talya\u2019ya gidiyor. 24-25 Kas\u0131m tarihlerinde ger\u00e7ekle\u015fecek ve kesintisiz 6 saat s\u00fcrecek yar\u0131\u015f, Roma \u015fehir merkezine 32 km uzakl\u0131ktaki Vallelunga yar\u0131\u015f pistinde yap\u0131lacak.<\/h3>\n<p><a href=\"https:\/\/www.digitalcarmagazine.com.tr\/Web\/wp-content\/uploads\/IMG_33733.jpg\"><img loading=\"lazy\" class=\"alignleft size-medium wp-image-4846\" title=\"IMG_3373\" src=\"https:\/\/www.digitalcarmagazine.com.tr\/Web\/wp-content\/uploads\/IMG_33733-300x199.jpg\" alt=\"\" width=\"300\" height=\"199\" srcset=\"https:\/\/www.digitalcarmagazine.com.tr\/Web\/wp-content\/uploads\/IMG_33733-300x199.jpg 300w, https:\/\/www.digitalcarmagazine.com.tr\/Web\/wp-content\/uploads\/IMG_33733-1024x682.jpg 1024w, https:\/\/www.digitalcarmagazine.com.tr\/Web\/wp-content\/uploads\/IMG_33733.jpg 1280w\" sizes=\"(max-width: 300px) 100vw, 300px\" \/><\/a>\u0130brahim Okyay, Ayta\u00e7 Biter ve Nicola Ferrato\u2019dan olu\u015fan ekip ile start alacak olan Borusan Otomotiv Motorsport bu yar\u0131\u015fa ilk kez kullanaca\u011f\u0131 BMW M3 yar\u0131\u015f otomobili ile kat\u0131lacak. 520hp g\u00fc\u00e7 ve 500nm torka sahip yar\u0131\u015f otomobilleri ile genel klasmanda ba\u015far\u0131 arayacak olan tak\u0131m. 2012 sezonunda Dubai 24 saat ve Barcelona 24 saat yar\u0131\u015flar\u0131ndan sonra Roma 6 saat ile 3. dayan\u0131kl\u0131l\u0131k yar\u0131\u015f\u0131nda start alm\u0131\u015f olacak.\u00a01959 y\u0131l\u0131ndan itibaren kullan\u0131lan ve 1963 y\u0131l\u0131nda Roma Gran Prix\u2019inin yap\u0131lmas\u0131 ile \u0130talya\u2019n\u0131n en eski ve tan\u0131nm\u0131\u015f pistlerinden biri olan Vallelunga yar\u0131\u015f pisti 4085 metre uzunlu\u011funda. 24 Kas\u0131m tarihinde yap\u0131lacak s\u0131ralama turlar\u0131na g\u00f6re 25 Kas\u0131m Pazar g\u00fcn\u00fc saat 09:30 da ba\u015flayacak yar\u0131\u015f 15:30\u2019da sona erecek ve kesintisiz 6 saat s\u00fcrecek.\u00a0\u0130brahim Okyay yar\u0131\u015f \u00f6ncesi \u015funlar\u0131 s\u00f6yledi; \u2018\u2019 bu yar\u0131\u015fta bizim i\u00e7in \u00fc\u00e7 yenilik var. \u0130lk kez \u00e7\u0131kaca\u011f\u0131m\u0131z bir pistte ilk kez kullanaca\u011f\u0131m\u0131z yar\u0131\u015f otomobili ile ba\u015far\u0131 arayaca\u011f\u0131z, bunun d\u0131\u015f\u0131nda tak\u0131m\u0131m\u0131zda ilk kez yabanc\u0131 bir pilot g\u00f6rev alacak. Bu yar\u0131\u015fta, Borusan Otomotiv Motorsport\u2019un bir di\u011fer pilotu Kaan G\u00fcrgen\u00e7\u2019in hen\u00fcz aya\u011f\u0131ndaki sakatl\u0131\u011f\u0131n tam olarak iyile\u015fmemesi nedeni ile onun yerine \u0130talyan sporcu Nicola Ferrato tak\u0131mda start alacak. Elbette t\u00fcm bu yenilikler Ayta\u00e7\u2019\u0131 ve beni olduk\u00e7a heyecanland\u0131r\u0131yor.\u2019\u2019<\/p>\n<p><a href=\"https:\/\/www.digitalcarmagazine.com.tr\/Web\/wp-content\/uploads\/Roma-6h-1.jpg\"><img loading=\"lazy\" class=\"alignleft size-medium wp-image-4848\" title=\"Roma 6h-1\" src=\"https:\/\/www.digitalcarmagazine.com.tr\/Web\/wp-content\/uploads\/Roma-6h-1-203x300.jpg\" alt=\"\" width=\"203\" height=\"300\" srcset=\"https:\/\/www.digitalcarmagazine.com.tr\/Web\/wp-content\/uploads\/Roma-6h-1-203x300.jpg 203w, https:\/\/www.digitalcarmagazine.com.tr\/Web\/wp-content\/uploads\/Roma-6h-1-695x1024.jpg 695w, https:\/\/www.digitalcarmagazine.com.tr\/Web\/wp-content\/uploads\/Roma-6h-1.jpg 1104w\" sizes=\"(max-width: 203px) 100vw, 203px\" \/><\/a>2012 yar\u0131\u015f takvimi kapsam\u0131nda Avrupa Binek Otomobiller Kupas\u0131\u2019n\u0131 tamamlayarak Avrupa 5.si olan Borusan Otomotiv Motorsport, T\u00fcrkiye Pist \u015eampiyonas\u0131 S\u00fcper grupta da \u00fcst \u00fcste 5. \u015eampiyonlu\u011funu ilan ettikten sonra, bu sezonki son yar\u0131\u015f\u0131na \u0130talya Roma\u2019da \u00e7\u0131km\u0131\u015f olacak.\u00a0Borusan Otomotiv ana sponsorlu\u011funda yar\u0131\u015fan tak\u0131m\u0131n di\u011fer sponsorlar\u0131 Toshiba, Borusan Lojistik, Card Finans ve Glasurit\u2019tir.<\/p>\n","protected":false},"excerpt":{"rendered":"<p>Borusan Otomotiv Motorsport Roma 6 Saat yar\u0131\u015f\u0131 i\u00e7in \u0130talya\u2019ya gidiyor. 24-25 Kas\u0131m tarihlerinde ger\u00e7ekle\u015fecek ve kesintisiz 6 saat s\u00fcrecek yar\u0131\u015f, Roma \u015fehir merkezine 32 km uzakl\u0131ktaki Vallelunga yar\u0131\u015f pistinde yap\u0131lacak. \u0130brahim Okyay, Ayta\u00e7 Biter ve Nicola Ferrato\u2019dan olu\u015fan ekip ile start alacak olan Borusan Otomotiv Motorsport bu yar\u0131\u015fa ilk kez kullanaca\u011f\u0131 BMW M3 yar\u0131\u015f otomobili [&hellip;]<\/p>\n","protected":false},"author":1,"featured_media":0,"comment_status":"open","ping_status":"open","sticky":false,"template":"","format":"standard","meta":[],"categories":[1,10],"tags":[],"_links":{"self":[{"href":"https:\/\/www.digitalcarmagazine.com.tr\/Web\/wp-json\/wp\/v2\/posts\/4841"}],"collection":[{"href":"https:\/\/www.digitalcarmagazine.com.tr\/Web\/wp-json\/wp\/v2\/posts"}],"about":[{"href":"https:\/\/www.digitalcarmagazine.com.tr\/Web\/wp-json\/wp\/v2\/types\/post"}],"author":[{"embeddable":true,"href":"https:\/\/www.digitalcarmagazine.com.tr\/Web\/wp-json\/wp\/v2\/users\/1"}],"replies":[{"embeddable":true,"href":"https:\/\/www.digitalcarmagazine.com.tr\/Web\/wp-json\/wp\/v2\/comments?post=4841"}],"version-history":[{"count":3,"href":"https:\/\/www.digitalcarmagazine.com.tr\/Web\/wp-json\/wp\/v2\/posts\/4841\/revisions"}],"predecessor-version":[{"id":4849,"href":"https:\/\/www.digitalcarmagazine.com.tr\/Web\/wp-json\/wp\/v2\/posts\/4841\/revisions\/4849"}],"wp:attachment":[{"href":"https:\/\/www.digitalcarmagazine.com.tr\/Web\/wp-json\/wp\/v2\/media?parent=4841"}],"wp:term":[{"taxonomy":"category","embeddable":true,"href":"https:\/\/www.digitalcarmagazine.com.tr\/Web\/wp-json\/wp\/v2\/categories?post=4841"},{"taxonomy":"post_tag","embeddable":true,"href":"https:\/\/www.digitalcarmagazine.com.tr\/Web\/wp-json\/wp\/v2\/tags?post=4841"}],"curies":[{"name":"wp","href":"https:\/\/api.w.org\/{rel}","templated":true}]}}