{"id":4834,"date":"2012-11-23T15:16:28","date_gmt":"2012-11-23T15:16:28","guid":{"rendered":"http:\/\/www.digitalcarmagazine.com.tr\/Web\/?p=4834"},"modified":"2012-11-23T15:16:28","modified_gmt":"2012-11-23T15:16:28","slug":"valentino-rossi-monza-rally-show-2012-icin-hazir","status":"publish","type":"post","link":"https:\/\/www.digitalcarmagazine.com.tr\/Web\/valentino-rossi-monza-rally-show-2012-icin-hazir\/","title":{"rendered":"Valentino Rossi, Monza Rally Show 2012 i\u00e7in haz\u0131r"},"content":{"rendered":"<h3 style=\"text-align: left;\" align=\"center\">Valentino Rossi, iki tekerden sonra \u015fimdi de d\u00f6rt tekerle kar\u015f\u0131n\u0131zda\u2026<\/h3>\n<p style=\"text-align: left;\"><a href=\"https:\/\/www.digitalcarmagazine.com.tr\/Web\/wp-content\/uploads\/TIN63721.jpg\"><img loading=\"lazy\" class=\"alignleft size-thumbnail wp-image-4836\" title=\"_TIN6372\" src=\"https:\/\/www.digitalcarmagazine.com.tr\/Web\/wp-content\/uploads\/TIN63721-150x150.jpg\" alt=\"\" width=\"150\" height=\"150\" \/><\/a>Bu haftasonu d\u00fczenlenecek olan Monza Rally Show\u2019a M-Sport taraf\u0131ndan haz\u0131rlanan Ford Fiesta RS WRC ile kat\u0131lacak olan\u00a0\u201cThe Doctor &#8211; Doktor\u201d lakapl\u0131 Valentino Rossi asfalttaki d\u00f6rt teker m\u00fccadelesi i\u00e7in son haz\u0131rl\u0131klar\u0131n\u0131 tamamlad\u0131.\u00a0Doktor, bundan tam 12 ay \u00f6nce Dani Sordo&#8217;yu yenerek D\u00fcnya \u015eampiyonu Sebastian Loeb&#8217;e meydan okumu\u015f ve parkuru Loeb&#8217;in 1 saniye gerisinde bitirerek 4 tekerlekte de iddal\u0131 oldu\u011funu kan\u0131tlam\u0131\u015ft\u0131.\u00a0Bu haftasonu ko\u015fulacak Monza Rally Show\u2019da Valentino Rossi\u2019nin haricinde, Uccio Salucci and Robby Brivio\u2019da Ford Fiesta RS WRC ile VR|46 tak\u0131m\u0131n\u0131n\u0131 tamamlayan isimler olarak asfaltta m\u00fccadele edecek.<\/p>\n<p style=\"text-align: left;\">\n<p style=\"text-align: left;\">\n<p style=\"text-align: left;\"><a href=\"https:\/\/www.digitalcarmagazine.com.tr\/Web\/wp-content\/uploads\/TIN6551.jpg\"><img loading=\"lazy\" class=\"alignleft size-thumbnail wp-image-4837\" title=\"_TIN6551\" src=\"https:\/\/www.digitalcarmagazine.com.tr\/Web\/wp-content\/uploads\/TIN6551-150x150.jpg\" alt=\"\" width=\"150\" height=\"150\" \/><\/a><\/p>\n","protected":false},"excerpt":{"rendered":"<p>Valentino Rossi, iki tekerden sonra \u015fimdi de d\u00f6rt tekerle kar\u015f\u0131n\u0131zda\u2026 Bu haftasonu d\u00fczenlenecek olan Monza Rally Show\u2019a M-Sport taraf\u0131ndan haz\u0131rlanan Ford Fiesta RS WRC ile kat\u0131lacak olan\u00a0\u201cThe Doctor &#8211; Doktor\u201d lakapl\u0131 Valentino Rossi asfalttaki d\u00f6rt teker m\u00fccadelesi i\u00e7in son haz\u0131rl\u0131klar\u0131n\u0131 tamamlad\u0131.\u00a0Doktor, bundan tam 12 ay \u00f6nce Dani Sordo&#8217;yu yenerek D\u00fcnya \u015eampiyonu Sebastian Loeb&#8217;e meydan okumu\u015f [&hellip;]<\/p>\n","protected":false},"author":1,"featured_media":0,"comment_status":"open","ping_status":"open","sticky":false,"template":"","format":"standard","meta":[],"categories":[1,10],"tags":[],"_links":{"self":[{"href":"https:\/\/www.digitalcarmagazine.com.tr\/Web\/wp-json\/wp\/v2\/posts\/4834"}],"collection":[{"href":"https:\/\/www.digitalcarmagazine.com.tr\/Web\/wp-json\/wp\/v2\/posts"}],"about":[{"href":"https:\/\/www.digitalcarmagazine.com.tr\/Web\/wp-json\/wp\/v2\/types\/post"}],"author":[{"embeddable":true,"href":"https:\/\/www.digitalcarmagazine.com.tr\/Web\/wp-json\/wp\/v2\/users\/1"}],"replies":[{"embeddable":true,"href":"https:\/\/www.digitalcarmagazine.com.tr\/Web\/wp-json\/wp\/v2\/comments?post=4834"}],"version-history":[{"count":1,"href":"https:\/\/www.digitalcarmagazine.com.tr\/Web\/wp-json\/wp\/v2\/posts\/4834\/revisions"}],"predecessor-version":[{"id":4838,"href":"https:\/\/www.digitalcarmagazine.com.tr\/Web\/wp-json\/wp\/v2\/posts\/4834\/revisions\/4838"}],"wp:attachment":[{"href":"https:\/\/www.digitalcarmagazine.com.tr\/Web\/wp-json\/wp\/v2\/media?parent=4834"}],"wp:term":[{"taxonomy":"category","embeddable":true,"href":"https:\/\/www.digitalcarmagazine.com.tr\/Web\/wp-json\/wp\/v2\/categories?post=4834"},{"taxonomy":"post_tag","embeddable":true,"href":"https:\/\/www.digitalcarmagazine.com.tr\/Web\/wp-json\/wp\/v2\/tags?post=4834"}],"curies":[{"name":"wp","href":"https:\/\/api.w.org\/{rel}","templated":true}]}}