{"id":4361,"date":"2012-10-18T20:54:19","date_gmt":"2012-10-18T20:54:19","guid":{"rendered":"http:\/\/www.digitalcarmagazine.com.tr\/Web\/?p=4361"},"modified":"2012-10-18T20:54:19","modified_gmt":"2012-10-18T20:54:19","slug":"volkswagen-ticarileri-ile-istanbulda-sova-cikiyor","status":"publish","type":"post","link":"https:\/\/www.digitalcarmagazine.com.tr\/Web\/volkswagen-ticarileri-ile-istanbulda-sova-cikiyor\/","title":{"rendered":"Volkswagen &#8216;Ticari&#8217;leri ile \u0130stanbul&#8217;da \u015fova \u00e7\u0131k\u0131yor!"},"content":{"rendered":"<h3 style=\"text-align: left;\" align=\"center\">Volkswagen Ticari Ara\u00e7, 01-11 Kas\u0131m 2012 tarihleri aras\u0131nda ger\u00e7ekle\u015fen \u0130stanbul Autoshow\u2019da Caddy Sportline, Amarok Otomatik modellerini sergiliyor.<\/h3>\n<p style=\"text-align: left;\" align=\"center\">Volkswagen Ticari Ara\u00e7 taraf\u0131ndan, gelecekteki m\u00fc\u015fteri ihtiya\u00e7lar\u0131na g\u00f6re tasarlanan elektrikli konsept \u201ceT!\u201d ise fuar\u0131n en \u00e7ok ilgi \u00e7ekecek ara\u00e7lar\u0131n\u0131n aras\u0131nda geliyor.\u00a0 \u201cCome To Me (Bana Gel)\u201d ve \u201cFollow Me (Beni Takip Et)\u201d \u00f6zelliklerini ta\u015f\u0131yan \u201ceT!\u201d, s\u00fcr\u00fcc\u00fcs\u00fc olmaks\u0131z\u0131n takip edebilme kabiliyetine sahip.\u00a0Volkswagen Ticari Ara\u00e7, 1 Kas\u0131m tarihinde kap\u0131lar\u0131n\u0131 a\u00e7acak olan ve 11 Kas\u0131m\u2019a kadar ziyaret edilecek Uluslararas\u0131 \u0130stanbul Autoshow\u2019da Caddy Sportline ve Amarok Otomatik modellerini sergiliyor. \u2018Gelece\u011fin Ticari Arac\u0131\u2019 olarak nitelendirilen ve Hannover Ticari Ara\u00e7lar Fuar\u0131\u2019ndan sonra ilk kez T\u00fcrkiye\u2019de sergilenecek olan eT! de \u0130stanbul Autoshow\u2019un en ilgi \u00e7ekici modellerinden biri olmaya aday.<\/p>\n<h4 style=\"text-align: left;\" align=\"left\"><span style=\"color: #ff0000;\"><a href=\"https:\/\/www.digitalcarmagazine.com.tr\/Web\/wp-content\/uploads\/Volkswagen_Caddy_Sportline_0021.jpg\"><img loading=\"lazy\" class=\"alignleft size-medium wp-image-4364\" title=\"Volkswagen_Caddy_Sportline_002\" src=\"https:\/\/www.digitalcarmagazine.com.tr\/Web\/wp-content\/uploads\/Volkswagen_Caddy_Sportline_0021-300x198.jpg\" alt=\"\" width=\"300\" height=\"198\" srcset=\"https:\/\/www.digitalcarmagazine.com.tr\/Web\/wp-content\/uploads\/Volkswagen_Caddy_Sportline_0021-300x198.jpg 300w, https:\/\/www.digitalcarmagazine.com.tr\/Web\/wp-content\/uploads\/Volkswagen_Caddy_Sportline_0021-1024x677.jpg 1024w\" sizes=\"(max-width: 300px) 100vw, 300px\" \/><\/a>S\u0131n\u0131f\u0131n\u0131n en g\u00fc\u00e7l\u00fcs\u00fc: Yeni Caddy Sportline<\/span><\/h4>\n<p style=\"text-align: left;\" align=\"left\">Volkswagen Ticari Ara\u00e7\u2019\u0131n, bir \u00e7ok \u00f6zelli\u011fi ile s\u0131n\u0131f\u0131n\u0131n \u00e7ok ilerisinde olan modeli Caddy ailesinin yeni \u00fcyesi Yeni Caddy Sportline 2.0 TDI 140 PS \u0130stanbul Autoshow\u2019da. G\u00fc\u00e7l\u00fc motoru ve y\u00fcksek tork de\u011feriyle dikkat \u00e7eken Yeni Caddy Sportline, \u00fcretti\u011fi y\u00fcksek g\u00fcc\u00fcn yan\u0131 s\u0131ra, yak\u0131t t\u00fcketiminde de tutumlu&#8230;<\/p>\n<h4 style=\"text-align: left;\"><span style=\"color: #ff0000;\">\u0130lk ve tek 8 ileri otomatik \u015fanz\u0131manl\u0131 Pick up; Amarok Otomatik<\/span><\/h4>\n<p style=\"text-align: left;\">Volkswagen\u2019in Pick up s\u0131n\u0131f\u0131ndaki ilk arac\u0131 olan Amarok\u2019un ge\u00e7ti\u011fimiz g\u00fcnlerde sat\u0131\u015fa sunulan otomatik \u015fanz\u0131manl\u0131 se\u00e7ene\u011fi, Volkswagen Ticari Ara\u00e7\u2019\u0131n Autoshow\u2019daki bir ba\u015fka \u00f6nemli modeli. 2,0 litrelik turbo dizel motora sahip Amarok Otomatik, 180 PS\u2019lik g\u00fcc\u00fc, s\u00fcrekli 4 tekerlekten \u00e7eki\u015f \u00f6zelli\u011fi ve s\u0131n\u0131f\u0131nda tek olan 8 ileri otomatik \u015fanz\u0131man\u0131yla son derece iddial\u0131.<\/p>\n<h4 style=\"text-align: left;\"><span style=\"color: #ff0000;\"><a href=\"https:\/\/www.digitalcarmagazine.com.tr\/Web\/wp-content\/uploads\/Amarok_Automatic_0011.jpg\"><img loading=\"lazy\" class=\"alignleft size-medium wp-image-4365\" title=\"Amarok_Automatic_001\" src=\"https:\/\/www.digitalcarmagazine.com.tr\/Web\/wp-content\/uploads\/Amarok_Automatic_0011-300x207.jpg\" alt=\"\" width=\"300\" height=\"207\" srcset=\"https:\/\/www.digitalcarmagazine.com.tr\/Web\/wp-content\/uploads\/Amarok_Automatic_0011-300x207.jpg 300w, https:\/\/www.digitalcarmagazine.com.tr\/Web\/wp-content\/uploads\/Amarok_Automatic_0011-1024x707.jpg 1024w\" sizes=\"(max-width: 300px) 100vw, 300px\" \/><\/a>Teknolojinin Ticari Ara\u00e7ta geldi\u011fi Son Nokta: \u201ceT!\u201d<\/span><\/h4>\n<p style=\"text-align: left;\">Hafif ticari ara\u00e7lar\u0131n gelece\u011fine y\u00f6nelik bir konsept ara\u00e7 olan \u201ceT!\u201d, yar\u0131n\u0131n tedarik ve da\u011f\u0131t\u0131m d\u00fcnyas\u0131na bir bak\u0131\u015f olarak g\u00f6r\u00fcl\u00fcyor. Alman Posta Servisi (Deutsche Post) i\u00e7in geli\u015ftirilen konsept, evden eve teslimat yapan posta servisi \u00e7al\u0131\u015fan\u0131n\u0131 takip edebiliyorken, ayn\u0131 zamanda \u201cbana gel\u201d (Come to me)\u00a0 fonksiyonu sayesinde s\u00fcr\u00fcc\u00fcn\u00fcn \u00e7a\u011f\u0131rd\u0131\u011f\u0131 yere de kendi kendine gidebiliyor. Elektrikli ve yar\u0131 elektrikli motoruyla \u015fehir i\u00e7inde kullan\u0131m i\u00e7in tasarlanan \u201ceT!\u201d, fuarda Volkswagen Ticari Ara\u00e7\u2019\u0131n en \u00e7ok ilgi \u00e7eken modellerinden biri olacak.<\/p>\n<p style=\"text-align: left;\">\n<p style=\"text-align: left;\">\n<p style=\"text-align: left;\">\n<p style=\"text-align: left;\"><a href=\"https:\/\/www.digitalcarmagazine.com.tr\/Web\/wp-content\/uploads\/eT_0021.jpg\"><img loading=\"lazy\" class=\"alignleft size-medium wp-image-4367\" title=\"eT!_002\" src=\"https:\/\/www.digitalcarmagazine.com.tr\/Web\/wp-content\/uploads\/eT_0021-300x200.jpg\" alt=\"\" width=\"300\" height=\"200\" srcset=\"https:\/\/www.digitalcarmagazine.com.tr\/Web\/wp-content\/uploads\/eT_0021-300x200.jpg 300w, https:\/\/www.digitalcarmagazine.com.tr\/Web\/wp-content\/uploads\/eT_0021-1024x682.jpg 1024w, https:\/\/www.digitalcarmagazine.com.tr\/Web\/wp-content\/uploads\/eT_0021.jpg 1330w\" sizes=\"(max-width: 300px) 100vw, 300px\" \/><\/a><\/p>\n","protected":false},"excerpt":{"rendered":"<p>Volkswagen Ticari Ara\u00e7, 01-11 Kas\u0131m 2012 tarihleri aras\u0131nda ger\u00e7ekle\u015fen \u0130stanbul Autoshow\u2019da Caddy Sportline, Amarok Otomatik modellerini sergiliyor. Volkswagen Ticari Ara\u00e7 taraf\u0131ndan, gelecekteki m\u00fc\u015fteri ihtiya\u00e7lar\u0131na g\u00f6re tasarlanan elektrikli konsept \u201ceT!\u201d ise fuar\u0131n en \u00e7ok ilgi \u00e7ekecek ara\u00e7lar\u0131n\u0131n aras\u0131nda geliyor.\u00a0 \u201cCome To Me (Bana Gel)\u201d ve \u201cFollow Me (Beni Takip Et)\u201d \u00f6zelliklerini ta\u015f\u0131yan \u201ceT!\u201d, s\u00fcr\u00fcc\u00fcs\u00fc olmaks\u0131z\u0131n takip [&hellip;]<\/p>\n","protected":false},"author":1,"featured_media":0,"comment_status":"open","ping_status":"open","sticky":false,"template":"","format":"standard","meta":[],"categories":[1],"tags":[],"_links":{"self":[{"href":"https:\/\/www.digitalcarmagazine.com.tr\/Web\/wp-json\/wp\/v2\/posts\/4361"}],"collection":[{"href":"https:\/\/www.digitalcarmagazine.com.tr\/Web\/wp-json\/wp\/v2\/posts"}],"about":[{"href":"https:\/\/www.digitalcarmagazine.com.tr\/Web\/wp-json\/wp\/v2\/types\/post"}],"author":[{"embeddable":true,"href":"https:\/\/www.digitalcarmagazine.com.tr\/Web\/wp-json\/wp\/v2\/users\/1"}],"replies":[{"embeddable":true,"href":"https:\/\/www.digitalcarmagazine.com.tr\/Web\/wp-json\/wp\/v2\/comments?post=4361"}],"version-history":[{"count":2,"href":"https:\/\/www.digitalcarmagazine.com.tr\/Web\/wp-json\/wp\/v2\/posts\/4361\/revisions"}],"predecessor-version":[{"id":4369,"href":"https:\/\/www.digitalcarmagazine.com.tr\/Web\/wp-json\/wp\/v2\/posts\/4361\/revisions\/4369"}],"wp:attachment":[{"href":"https:\/\/www.digitalcarmagazine.com.tr\/Web\/wp-json\/wp\/v2\/media?parent=4361"}],"wp:term":[{"taxonomy":"category","embeddable":true,"href":"https:\/\/www.digitalcarmagazine.com.tr\/Web\/wp-json\/wp\/v2\/categories?post=4361"},{"taxonomy":"post_tag","embeddable":true,"href":"https:\/\/www.digitalcarmagazine.com.tr\/Web\/wp-json\/wp\/v2\/tags?post=4361"}],"curies":[{"name":"wp","href":"https:\/\/api.w.org\/{rel}","templated":true}]}}