{"id":4353,"date":"2012-10-18T20:33:11","date_gmt":"2012-10-18T20:33:11","guid":{"rendered":"http:\/\/www.digitalcarmagazine.com.tr\/Web\/?p=4353"},"modified":"2012-10-27T10:21:37","modified_gmt":"2012-10-27T10:21:37","slug":"audi%e2%80%99nin-istanbul-auto-show%e2%80%99a-teknoloji-cikarmasi","status":"publish","type":"post","link":"https:\/\/www.digitalcarmagazine.com.tr\/Web\/audi%e2%80%99nin-istanbul-auto-show%e2%80%99a-teknoloji-cikarmasi\/","title":{"rendered":"Audi\u2019nin \u0130stanbul Auto Show\u2019a teknoloji \u00e7\u0131karmas\u0131!"},"content":{"rendered":"<h3 style=\"text-align: left;\" align=\"center\">Audi, \u0130stanbul Autoshow\u2019da sergiledi\u011fi modelleriyle \u201cTeknoloji ile bir ad\u0131m \u00f6nde\u201d marka slogan\u0131n\u0131n hakk\u0131n\u0131 veriyor.<\/h3>\n<p style=\"text-align: left;\"><a href=\"https:\/\/www.digitalcarmagazine.com.tr\/Web\/wp-content\/uploads\/Audi_A1_e-tron_002.jpg\"><img loading=\"lazy\" class=\"alignleft size-medium wp-image-4354\" title=\"Audi future lab: mobility \/Audi A1 e-tron\" src=\"https:\/\/www.digitalcarmagazine.com.tr\/Web\/wp-content\/uploads\/Audi_A1_e-tron_002-300x212.jpg\" alt=\"\" width=\"300\" height=\"212\" srcset=\"https:\/\/www.digitalcarmagazine.com.tr\/Web\/wp-content\/uploads\/Audi_A1_e-tron_002-300x212.jpg 300w, https:\/\/www.digitalcarmagazine.com.tr\/Web\/wp-content\/uploads\/Audi_A1_e-tron_002-1024x724.jpg 1024w\" sizes=\"(max-width: 300px) 100vw, 300px\" \/><\/a>Audi, 1-11 Kas\u0131m 2012 tarihleri aras\u0131nda T\u00dcYAP Fuar ve Kongre Merkezi\u2019nde d\u00fczenlenecek 14. \u0130stanbul Uluslararas\u0131 Otomobil Fuar\u0131 Auto Show&#8217;da model yelpazesine yeni eklenen A3 modelinin yan\u0131s\u0131ra, Q5 modelinin yenilenmi\u015f halini sergiliyor.\u00a0Fuar\u2019da Audi stand\u0131n\u0131n y\u0131ld\u0131z\u0131, e-tron ailesinin k\u00fc\u00e7\u00fck \u00fcyesi, \u015fehir i\u00e7i \u20180\u2019 emisyon de\u011ferine sahip A1 e-tron&#8230;\u00a0Fuar merkezinin 12. salonunda di\u011fer Do\u011fu\u015f Otomotiv markalar\u0131 ile birlikte yer alan 1575 metrekarelik Audi stand\u0131n\u0131n y\u0131ld\u0131z\u0131 heyecanla beklenen yeni A3 ile A1 e-tron&#8230;<\/p>\n<h4 style=\"text-align: left;\"><span style=\"color: #ff0000;\">S\u0131f\u0131r emisyon, Audi A1 e-tron<\/span><\/h4>\n<p style=\"text-align: left;\">Audi\u2019nin e-tron ailesinin geli\u015fiminin bir \u00f6rne\u011fi olan A1 e-tron, yenilik\u00e7i bir \u015fehir otomobili (Mega City Vehicle-MCV). Plug-in \u00fcniteli elektrikli s\u00fcr\u00fc\u015f sistemine sahip A1 e-tron, 12 kWh lityum-ion g\u00fc\u00e7 \u00fcnitesi ile \u015fehir i\u00e7i trafikte 50 km\u2019den fazla bir menzile sahip. \u0130lk 50 km i\u00e7in 0 CO2 emisyonu de\u011ferine sahip bu kompakt \u015fehir otomobili, 102 hp\u2019lik g\u00fc\u00e7 \u00e7\u0131k\u0131\u015f\u0131yla da son derece keyifli bir s\u00fcr\u00fc\u015f sunuyor. Elektrik enerjisinin bitmesi halinde kompakt i\u00e7ten yanmal\u0131 motor, bateriyi tekrar \u015farj ediyor. A1 e-tron, 100km\/s h\u0131za 10.2 saniyede ula\u015fabiliyor ve 130 km\/s maksimum h\u0131za sahip.<\/p>\n<h4 style=\"text-align: left;\"><span style=\"color: #ff0000;\"><a href=\"https:\/\/www.digitalcarmagazine.com.tr\/Web\/wp-content\/uploads\/Audi_A3_001.jpg\"><img loading=\"lazy\" class=\"alignleft size-medium wp-image-4355\" title=\"Audi A3 2.0 TDI quattro mit S line Exterieur-Paket \/Fahraufnahme\" src=\"https:\/\/www.digitalcarmagazine.com.tr\/Web\/wp-content\/uploads\/Audi_A3_001-300x212.jpg\" alt=\"\" width=\"300\" height=\"212\" srcset=\"https:\/\/www.digitalcarmagazine.com.tr\/Web\/wp-content\/uploads\/Audi_A3_001-300x212.jpg 300w, https:\/\/www.digitalcarmagazine.com.tr\/Web\/wp-content\/uploads\/Audi_A3_001-1024x724.jpg 1024w\" sizes=\"(max-width: 300px) 100vw, 300px\" \/><\/a>Y\u00fckselen teknolojinin kompakt formu; Yeni Audi A3<\/span><\/h4>\n<p style=\"text-align: left;\">Audi\u2019nin Fuar\u2019da sergiledi\u011fi modellerin ba\u015f\u0131nda, Fuar\u2019la birlikte T\u00fcrkiye\u2019de sat\u0131\u015fa sunulan yeni A3 geliyor. L\u00fcks s\u0131n\u0131f\u0131n niteliklerini, \u00fcst d\u00fczey kompakt otomobillerin segmentine ta\u015f\u0131yan yeni Audi A3 T\u00fcrkiye\u2019de ilk planda 1,4 TFSI, 1,6 TDI ve 1,2 TFSI motor se\u00e7enekleriyle sat\u0131\u015fa sunulacak. \u00dc\u00e7 kap\u0131l\u0131 otomobil, aktarma organlar\u0131nda, mobil bilgi-e\u011flence ve s\u00fcr\u00fcc\u00fc destek sistemlerinde toplu \u015fekilde pek \u00e7ok teknolojiyi bar\u0131nd\u0131r\u0131yor.<\/p>\n<h4 style=\"text-align: left;\"><span style=\"color: #ff0000;\">Tamamen yenilenen Q5, daha etkileyici<\/span><\/h4>\n<p style=\"text-align: left;\">Audi stand\u0131ndaki bir di\u011fer yenilik ise, sportif, konforlu ve \u00e7ok i\u015flevli Q5 modelinin yenilenmi\u015f hali. \u00c7ok y\u00f6nl\u00fc ve ba\u015far\u0131l\u0131 bir karaktere sahip bu orta s\u0131n\u0131f SUV \u015fimdi, tasar\u0131m, bilgi \u2013e\u011flence, \u015fasi ve motor konular\u0131nda bir\u00e7ok yeni \u00e7\u00f6z\u00fcm getirerek daha \u00e7ekici, verimli ve sportif bir h\u00e2le geldi. T\u00fcrkiye\u2019de Kas\u0131m ay\u0131 itibar\u0131yla yetkili sat\u0131c\u0131larda yerini alacak ve ilk planda 2.0 TDI ve 2.0 TFSI olmak \u00fczere iki motor se\u00e7ene\u011fiyle sunulacak yeni Q5, performans\u0131 art\u0131r\u0131lm\u0131\u015f olmas\u0131na ra\u011fmen yak\u0131t t\u00fcketim de\u011ferlerinin y\u00fczde 15 kadar azalt\u0131lmas\u0131yla son derece iddial\u0131.<\/p>\n<p style=\"text-align: left;\"><a href=\"https:\/\/www.digitalcarmagazine.com.tr\/Web\/wp-content\/uploads\/Audi_Q5_001.jpg\"><img loading=\"lazy\" class=\"alignleft size-medium wp-image-4356\" title=\"Audi Q5\/Standaufnahme\" src=\"https:\/\/www.digitalcarmagazine.com.tr\/Web\/wp-content\/uploads\/Audi_Q5_001-300x212.jpg\" alt=\"\" width=\"300\" height=\"212\" srcset=\"https:\/\/www.digitalcarmagazine.com.tr\/Web\/wp-content\/uploads\/Audi_Q5_001-300x212.jpg 300w, https:\/\/www.digitalcarmagazine.com.tr\/Web\/wp-content\/uploads\/Audi_Q5_001-1024x724.jpg 1024w\" sizes=\"(max-width: 300px) 100vw, 300px\" \/><\/a><\/p>\n<p style=\"text-align: left;\">\n","protected":false},"excerpt":{"rendered":"<p>Audi, \u0130stanbul Autoshow\u2019da sergiledi\u011fi modelleriyle \u201cTeknoloji ile bir ad\u0131m \u00f6nde\u201d marka slogan\u0131n\u0131n hakk\u0131n\u0131 veriyor. Audi, 1-11 Kas\u0131m 2012 tarihleri aras\u0131nda T\u00dcYAP Fuar ve Kongre Merkezi\u2019nde d\u00fczenlenecek 14. \u0130stanbul Uluslararas\u0131 Otomobil Fuar\u0131 Auto Show&#8217;da model yelpazesine yeni eklenen A3 modelinin yan\u0131s\u0131ra, Q5 modelinin yenilenmi\u015f halini sergiliyor.\u00a0Fuar\u2019da Audi stand\u0131n\u0131n y\u0131ld\u0131z\u0131, e-tron ailesinin k\u00fc\u00e7\u00fck \u00fcyesi, \u015fehir i\u00e7i \u20180\u2019 [&hellip;]<\/p>\n","protected":false},"author":1,"featured_media":0,"comment_status":"open","ping_status":"open","sticky":false,"template":"","format":"standard","meta":[],"categories":[1],"tags":[],"_links":{"self":[{"href":"https:\/\/www.digitalcarmagazine.com.tr\/Web\/wp-json\/wp\/v2\/posts\/4353"}],"collection":[{"href":"https:\/\/www.digitalcarmagazine.com.tr\/Web\/wp-json\/wp\/v2\/posts"}],"about":[{"href":"https:\/\/www.digitalcarmagazine.com.tr\/Web\/wp-json\/wp\/v2\/types\/post"}],"author":[{"embeddable":true,"href":"https:\/\/www.digitalcarmagazine.com.tr\/Web\/wp-json\/wp\/v2\/users\/1"}],"replies":[{"embeddable":true,"href":"https:\/\/www.digitalcarmagazine.com.tr\/Web\/wp-json\/wp\/v2\/comments?post=4353"}],"version-history":[{"count":2,"href":"https:\/\/www.digitalcarmagazine.com.tr\/Web\/wp-json\/wp\/v2\/posts\/4353\/revisions"}],"predecessor-version":[{"id":4501,"href":"https:\/\/www.digitalcarmagazine.com.tr\/Web\/wp-json\/wp\/v2\/posts\/4353\/revisions\/4501"}],"wp:attachment":[{"href":"https:\/\/www.digitalcarmagazine.com.tr\/Web\/wp-json\/wp\/v2\/media?parent=4353"}],"wp:term":[{"taxonomy":"category","embeddable":true,"href":"https:\/\/www.digitalcarmagazine.com.tr\/Web\/wp-json\/wp\/v2\/categories?post=4353"},{"taxonomy":"post_tag","embeddable":true,"href":"https:\/\/www.digitalcarmagazine.com.tr\/Web\/wp-json\/wp\/v2\/tags?post=4353"}],"curies":[{"name":"wp","href":"https:\/\/api.w.org\/{rel}","templated":true}]}}