{"id":4340,"date":"2012-10-16T10:34:55","date_gmt":"2012-10-16T10:34:55","guid":{"rendered":"http:\/\/www.digitalcarmagazine.com.tr\/Web\/?p=4340"},"modified":"2012-10-16T10:34:55","modified_gmt":"2012-10-16T10:34:55","slug":"honda-istanbul-autoshowda-2-turkiye-promiyeri-gerceklestirecek","status":"publish","type":"post","link":"https:\/\/www.digitalcarmagazine.com.tr\/Web\/honda-istanbul-autoshowda-2-turkiye-promiyeri-gerceklestirecek\/","title":{"rendered":"Honda \u0130stanbul Autoshow&#8217;da 2 T\u00fcrkiye pr\u00f6miyeri ger\u00e7ekle\u015ftirecek&#8230;"},"content":{"rendered":"<h3 style=\"text-align: left;\" align=\"center\">2-11 Kas\u0131m tarihleri aras\u0131nda d\u00fczenlenecek Autoshow 2012\u2019de Honda, 3\u2019\u00fcnc\u00fc salondaki stand\u0131nda, 12 otomobil ve iki motosiklet sergilerken, yeni CR-V ile yeni Civic Hatchback\u2019in T\u00fcrkiye pr\u00f6miyerini ger\u00e7ekle\u015ftirecek.<\/h3>\n<p><a href=\"https:\/\/www.digitalcarmagazine.com.tr\/Web\/wp-content\/uploads\/1350371010_CR_V.jpg\"><img loading=\"lazy\" class=\"alignleft size-medium wp-image-4341\" title=\"1350371010_CR_V\" src=\"https:\/\/www.digitalcarmagazine.com.tr\/Web\/wp-content\/uploads\/1350371010_CR_V-300x225.jpg\" alt=\"\" width=\"300\" height=\"225\" srcset=\"https:\/\/www.digitalcarmagazine.com.tr\/Web\/wp-content\/uploads\/1350371010_CR_V-300x225.jpg 300w, https:\/\/www.digitalcarmagazine.com.tr\/Web\/wp-content\/uploads\/1350371010_CR_V-1024x768.jpg 1024w, https:\/\/www.digitalcarmagazine.com.tr\/Web\/wp-content\/uploads\/1350371010_CR_V.jpg 1920w\" sizes=\"(max-width: 300px) 100vw, 300px\" \/><\/a>Autoshow 2012 kapsam\u0131nda Honda, performans ve yak\u0131t ekonomisinde s\u0131n\u0131f\u0131n\u0131n lideri haline gelen, 1.6 lt dizel motor ile donat\u0131lm\u0131\u015f Civic Hatchback\u2019i Paris Otomobil Fuar\u0131\u2019ndan sonra T\u00fcrkiye\u2019de ilk kez sergileyecek. Yeni k\u00fc\u00e7\u00fck hacimli dizel motor, Avrupa\u2019da sat\u0131\u015fa sunulacak olan \u201cEarth Dreams Technology\u201d isimli yeni bir motor serisinin ilk \u00fcr\u00fcn\u00fc&#8230;\u00a0Autoshow 2012\u2019de Honda\u2019n\u0131n g\u00f6r\u00fcc\u00fcye \u00e7\u0131karaca\u011f\u0131 di\u011fer modeli yeni CR-V ise geli\u015fen kalite ve kullan\u0131\u015fl\u0131l\u0131\u011f\u0131n\u0131 yine Paris Otomobil Fuar\u0131\u2019nda sonra T\u00fcrkiye\u2019deki otomobilseverlere kan\u0131tlayacak.\u00a0Yeni modellere ek olarak Honda\u2019n\u0131n \u00fcr\u00fcn gam\u0131ndaki t\u00fcm modeller de Autoshow 2012\u2019de m\u00fc\u015fterilerin be\u011fenisine sunulacak. Ekonomik ve ekolojik Civic Eco, CR-Z, Accord ve Jazz, opsiyonel aksesuarlar\u0131yla beraber Honda stand\u0131nda sergilenecek. Ayr\u0131ca, Honda motosikletlerinin amiral gemisi olan Goldwing ve kusursuz on-off tarz\u0131ndaki Crosstourer da Honda motosikletlerinin kalitesinin ve geli\u015fmi\u015f dizayn\u0131n\u0131n kan\u0131t\u0131 olarak standda yerini alacak.\u00a0T\u00dcYAP Beylikd\u00fcz\u00fc\u2019nde 2-11 Kas\u0131m tarihlerinde ger\u00e7ekle\u015fecek Autoshow 2012\u2019de Honda, 3\u2019\u00fcnc\u00fc salondaki stand\u0131nda t\u00fcm modellerini g\u00f6rmek ve Honda d\u00fcnyas\u0131n\u0131 ke\u015ffetmek isteyen ziyaret\u00e7ilerini a\u011f\u0131rlayacak.<\/p>\n<p>&nbsp;<\/p>\n<p><a href=\"https:\/\/www.digitalcarmagazine.com.tr\/Web\/wp-content\/uploads\/1350371018_Civic_HB.jpg\"><img loading=\"lazy\" class=\"alignleft size-medium wp-image-4342\" title=\"1350371018_Civic_HB\" src=\"https:\/\/www.digitalcarmagazine.com.tr\/Web\/wp-content\/uploads\/1350371018_Civic_HB-300x156.jpg\" alt=\"\" width=\"300\" height=\"156\" srcset=\"https:\/\/www.digitalcarmagazine.com.tr\/Web\/wp-content\/uploads\/1350371018_Civic_HB-300x156.jpg 300w, https:\/\/www.digitalcarmagazine.com.tr\/Web\/wp-content\/uploads\/1350371018_Civic_HB-1024x532.jpg 1024w, https:\/\/www.digitalcarmagazine.com.tr\/Web\/wp-content\/uploads\/1350371018_Civic_HB.jpg 1130w\" sizes=\"(max-width: 300px) 100vw, 300px\" \/><\/a><\/p>\n","protected":false},"excerpt":{"rendered":"<p>2-11 Kas\u0131m tarihleri aras\u0131nda d\u00fczenlenecek Autoshow 2012\u2019de Honda, 3\u2019\u00fcnc\u00fc salondaki stand\u0131nda, 12 otomobil ve iki motosiklet sergilerken, yeni CR-V ile yeni Civic Hatchback\u2019in T\u00fcrkiye pr\u00f6miyerini ger\u00e7ekle\u015ftirecek. Autoshow 2012 kapsam\u0131nda Honda, performans ve yak\u0131t ekonomisinde s\u0131n\u0131f\u0131n\u0131n lideri haline gelen, 1.6 lt dizel motor ile donat\u0131lm\u0131\u015f Civic Hatchback\u2019i Paris Otomobil Fuar\u0131\u2019ndan sonra T\u00fcrkiye\u2019de ilk kez sergileyecek. Yeni [&hellip;]<\/p>\n","protected":false},"author":1,"featured_media":0,"comment_status":"open","ping_status":"open","sticky":false,"template":"","format":"standard","meta":[],"categories":[1],"tags":[],"_links":{"self":[{"href":"https:\/\/www.digitalcarmagazine.com.tr\/Web\/wp-json\/wp\/v2\/posts\/4340"}],"collection":[{"href":"https:\/\/www.digitalcarmagazine.com.tr\/Web\/wp-json\/wp\/v2\/posts"}],"about":[{"href":"https:\/\/www.digitalcarmagazine.com.tr\/Web\/wp-json\/wp\/v2\/types\/post"}],"author":[{"embeddable":true,"href":"https:\/\/www.digitalcarmagazine.com.tr\/Web\/wp-json\/wp\/v2\/users\/1"}],"replies":[{"embeddable":true,"href":"https:\/\/www.digitalcarmagazine.com.tr\/Web\/wp-json\/wp\/v2\/comments?post=4340"}],"version-history":[{"count":1,"href":"https:\/\/www.digitalcarmagazine.com.tr\/Web\/wp-json\/wp\/v2\/posts\/4340\/revisions"}],"predecessor-version":[{"id":4343,"href":"https:\/\/www.digitalcarmagazine.com.tr\/Web\/wp-json\/wp\/v2\/posts\/4340\/revisions\/4343"}],"wp:attachment":[{"href":"https:\/\/www.digitalcarmagazine.com.tr\/Web\/wp-json\/wp\/v2\/media?parent=4340"}],"wp:term":[{"taxonomy":"category","embeddable":true,"href":"https:\/\/www.digitalcarmagazine.com.tr\/Web\/wp-json\/wp\/v2\/categories?post=4340"},{"taxonomy":"post_tag","embeddable":true,"href":"https:\/\/www.digitalcarmagazine.com.tr\/Web\/wp-json\/wp\/v2\/tags?post=4340"}],"curies":[{"name":"wp","href":"https:\/\/api.w.org\/{rel}","templated":true}]}}