{"id":4293,"date":"2012-10-15T17:20:21","date_gmt":"2012-10-15T17:20:21","guid":{"rendered":"http:\/\/www.digitalcarmagazine.com.tr\/Web\/?p=4293"},"modified":"2012-10-15T17:20:21","modified_gmt":"2012-10-15T17:20:21","slug":"yagiz-avci-ve-castrol-ford-team-turkiye%e2%80%99den-rallide-ilk-avrupa-sampiyonlugu","status":"publish","type":"post","link":"https:\/\/www.digitalcarmagazine.com.tr\/Web\/yagiz-avci-ve-castrol-ford-team-turkiye%e2%80%99den-rallide-ilk-avrupa-sampiyonlugu\/","title":{"rendered":"Ya\u011f\u0131z Avc\u0131 ve Castrol Ford Team T\u00fcrkiye\u2019den rallide ilk Avrupa \u015eampiyonlu\u011fu"},"content":{"rendered":"<h3 style=\"text-align: left;\" align=\"center\">T\u00fcrkiye\u2019nin lider ralli ekibi Castrol Ford Team T\u00fcrkiye, 12-13 Ekim\u2019de ko\u015fulan Do\u011fu Avrupa Kupas\u0131 yar\u0131\u015f\u0131 S\u0131rbistan Rallisi\u2019nde tarih yazarak T\u00fcrkiye\u2019ye ilk Avrupa zaferini kazand\u0131rd\u0131. Castrol Ford Team T\u00fcrkiye ad\u0131na Fiesta S2000 ile yar\u0131\u015fan Ya\u011f\u0131z Avc\u0131-Bahad\u0131r G\u00fccenmez ikilisi, \u015fampiyonan\u0131n son yar\u0131\u015f\u0131nda elde ettikleri \u00fc\u00e7\u00fcnc\u00fcl\u00fckle Do\u011fu Avrupa Kupas\u0131\u2019nda birinci gelerek Avrupa\u2019da \u015fampiyona kazanan ilk T\u00fcrk ekip oldular.<\/h3>\n<p style=\"text-align: left;\"><a href=\"https:\/\/www.digitalcarmagazine.com.tr\/Web\/wp-content\/uploads\/YagizAvci2.jpg\"><img loading=\"lazy\" class=\"alignleft size-medium wp-image-4294\" title=\"YagizAvci(2)\" src=\"https:\/\/www.digitalcarmagazine.com.tr\/Web\/wp-content\/uploads\/YagizAvci2-300x249.jpg\" alt=\"\" width=\"300\" height=\"249\" srcset=\"https:\/\/www.digitalcarmagazine.com.tr\/Web\/wp-content\/uploads\/YagizAvci2-300x249.jpg 300w, https:\/\/www.digitalcarmagazine.com.tr\/Web\/wp-content\/uploads\/YagizAvci2-1024x850.jpg 1024w, https:\/\/www.digitalcarmagazine.com.tr\/Web\/wp-content\/uploads\/YagizAvci2.jpg 1249w\" sizes=\"(max-width: 300px) 100vw, 300px\" \/><\/a>T\u00fcrkiye\u2019ye yeni sportif ba\u015far\u0131lar kazand\u0131rma hedefiyle T\u00fcrkiye Ralli \u015eampiyonas\u0131\u2019n\u0131n yan\u0131 s\u0131ra Do\u011fu Avrupa Ralli Kupas\u0131\u2019n\u0131 da kovalayan Castrol Ford Team T\u00fcrkiye, ba\u015fl\u0131ca hedefi Do\u011fu Avrupa Kupas\u0131 \u015fampiyonlu\u011funa ula\u015ft\u0131. Son 3 y\u0131l\u0131n T\u00fcrkiye \u015eampiyonu pilotu Ya\u011f\u0131z Avc\u0131, co-pilotu Bahad\u0131r G\u00fccenmez ile Do\u011fu Avrupa Kupas\u0131\u2019n\u0131n S\u0131rbistan\u2019daki son yar\u0131\u015f\u0131nda elde etti\u011fi \u00fc\u00e7\u00fcnc\u00fcl\u00fckle en yak\u0131n rakibinden 35 puan farkla \u015fampiyonay\u0131 lider tamamlayarak T\u00fcrkiye\u2019ye Avrupa\u2019daki ilk \u015fampiyona zaferini kazand\u0131rd\u0131.<\/p>\n<p style=\"text-align: left;\">S\u0131rbistan\u2019\u0131n b\u00fcy\u00fcleyici do\u011fas\u0131yla tan\u0131nan Belgrad kenti ve \u00e7evresinde ger\u00e7ekle\u015ftirilen S\u0131rbistan Rallisi 12 Ekim Cumartesi yerel saatle sabah 09.31\u2019de ba\u015flad\u0131. \u0130ki ayak \u00fczerinden ko\u015fulan rallinin ilk g\u00fcn\u00fcnde 9 \u00f6zel etab\u0131 geride b\u0131rakan ekipler, 13 Ekim Pazar g\u00fcn\u00fc yar\u0131\u015ft\u0131klar\u0131 6 \u00f6zel etab\u0131n sonunda 201 km\u2019si \u00f6zel etap olmak \u00fczere toplamda 564 km\u2019yi geride b\u0131rakt\u0131lar. Asfalt parkurda ger\u00e7ekle\u015ftirilen yar\u0131\u015f, sis ve ya\u011fmur nedeniyle hem zorlu hem de \u00e7eki\u015fmeli ge\u00e7ti. \u0130lk g\u00fcn ilk iki \u00f6zel etab\u0131n sis nedeniyle normal ge\u00e7ilmesinin ard\u0131ndan ba\u015flayan m\u00fccadelede liderli\u011fi b\u0131rakmayan Castrol Ford Team T\u00fcrkiye pilotu Ya\u011f\u0131z Avc\u0131, g\u00fcn\u00fc lider tamamlad\u0131. \u015eampiyonadaki ba\u015fl\u0131ca rakiplerinin ilk g\u00fcn yar\u0131\u015f d\u0131\u015f\u0131 kalmas\u0131yla \u015fampiyonlu\u011fu b\u00fcy\u00fck \u00f6l\u00e7\u00fcde garantileyen Avc\u0131-G\u00fccenmez ikilisi, ikinci g\u00fcn ko\u015fulan 6 \u00f6zel etapta temkinli pilotajla \u015fampiyonluk i\u00e7in gereken genel klasman derecelerini korudular ve T\u00fcrkiye\u2019ye yeni bir sportif ba\u015far\u0131n\u0131n gururunu ya\u015fatt\u0131lar. Do\u011fu Avrupa \u015eampiyonas\u0131\u2019nda m\u00fccadele eden deneyimli Bulgar, Macar, Ukraynal\u0131, Estonyal\u0131 ve Romen ekipleri geride b\u0131rakan Ya\u011f\u0131z Avc\u0131-Bahad\u0131r G\u00fccenmez ikilisi, Do\u011fu Avrupa Kupas\u0131\u2019n\u0131 750 puan ile kazand\u0131lar.\u00a0IRC\u2019de elde edilen ba\u015far\u0131l\u0131 sonu\u00e7larla dikkatleri \u00fczerine \u00e7eken Castrol Ford Team T\u00fcrkiye, Do\u011fu Avrupa Kupas\u0131\u2019nda elde etti\u011fi birincilikle, FIA taraf\u0131ndan ger\u00e7ekle\u015ftirilecek \u015fampiyonlar gecesinde kupay\u0131 \u0130stanbul\u2019da kendi evinde kald\u0131racak. D\u00fcnyan\u0131n d\u00f6rt bir yan\u0131nda ger\u00e7ekle\u015ftirilen uluslararas\u0131 motorsporlar\u0131 m\u00fccadelelerinin t\u00fcm \u015fampiyon ekipleri, bu y\u0131l ilk kez T\u00fcrkiye\u2019de d\u00fczenlenecek olan FIA \u015eampiyonlar Gecesi\u2019nde kupalar\u0131n\u0131 \u0130stanbul\u2019da teslim alacaklar.<\/p>\n<h4 style=\"text-align: left;\"><span style=\"color: #ff0000;\"><a href=\"https:\/\/www.digitalcarmagazine.com.tr\/Web\/wp-content\/uploads\/YagizAcvi1.jpg\"><img loading=\"lazy\" class=\"alignleft size-medium wp-image-4295\" title=\"YagizAcvi(1)\" src=\"https:\/\/www.digitalcarmagazine.com.tr\/Web\/wp-content\/uploads\/YagizAcvi1-300x200.jpg\" alt=\"\" width=\"300\" height=\"200\" srcset=\"https:\/\/www.digitalcarmagazine.com.tr\/Web\/wp-content\/uploads\/YagizAcvi1-300x200.jpg 300w, https:\/\/www.digitalcarmagazine.com.tr\/Web\/wp-content\/uploads\/YagizAcvi1-1024x685.jpg 1024w, https:\/\/www.digitalcarmagazine.com.tr\/Web\/wp-content\/uploads\/YagizAcvi1.jpg 1936w\" sizes=\"(max-width: 300px) 100vw, 300px\" \/><\/a>Serdar Bostanc\u0131: \u201cDeneyimimiz ve do\u011fru strateji ile T\u00fcrkiye\u2019ye gurur ya\u015fatmak istiyoruz\u201d<\/span><\/h4>\n<p style=\"text-align: left;\">IRC \u015eampiyonas\u0131\u2019na da puan veren Yalta ve Sliven rallilerinde elde ettikleri ba\u015far\u0131 ile g\u00fc\u00e7lerini d\u00fcnyaya g\u00f6sterdiklerini belirten Castrol Ford Team T\u00fcrkiye Tak\u0131m Direkt\u00f6r\u00fc Serdar Bostanc\u0131, \u201cSezon ba\u015f\u0131nda belirledi\u011fimiz en b\u00fcy\u00fck hedefimizi bug\u00fcn ger\u00e7ekle\u015ftirmi\u015f bulunuyoruz. T\u00fcrkiye\u2019ye bir sportif ba\u015far\u0131y\u0131 da rallide kazand\u0131rm\u0131\u015f olmaktan mutluluk duyuyoruz. Son yar\u0131\u015f epey zorlu oldu. Ya\u011fmur, sis ve \u00e7amurlu asfalt zemin hepimizi bir hayli zorlad\u0131. Ancak Ya\u011f\u0131z ve Bahad\u0131r, yar\u0131\u015f\u0131 \u00fc\u00e7\u00fcnc\u00fc bitirerek ekibimizin sezon boyunca d\u00f6kt\u00fc\u011f\u00fc al\u0131n terinin kar\u015f\u0131l\u0131\u011f\u0131n\u0131 vermi\u015f oldular. Ford Fiesta S2000 otomobilimizle elde etti\u011fimiz bu \u015fampiyonluk, Ford markas\u0131n\u0131n ve \u00fcretti\u011fi otomobillerin performans ve dayan\u0131kl\u0131l\u0131k a\u00e7\u0131s\u0131ndan rekabet\u00e7ili\u011fini de g\u00f6zler \u00f6n\u00fcne serdi. Castrol Ford Team T\u00fcrkiye olarak bizi her kulvarda destekleyen ve hep yan\u0131m\u0131zda olan t\u00fcm sponsorlar\u0131m\u0131za sonuz te\u015fekk\u00fcrlerimizi iletiyorum\u201d dedi.<\/p>\n","protected":false},"excerpt":{"rendered":"<p>T\u00fcrkiye\u2019nin lider ralli ekibi Castrol Ford Team T\u00fcrkiye, 12-13 Ekim\u2019de ko\u015fulan Do\u011fu Avrupa Kupas\u0131 yar\u0131\u015f\u0131 S\u0131rbistan Rallisi\u2019nde tarih yazarak T\u00fcrkiye\u2019ye ilk Avrupa zaferini kazand\u0131rd\u0131. Castrol Ford Team T\u00fcrkiye ad\u0131na Fiesta S2000 ile yar\u0131\u015fan Ya\u011f\u0131z Avc\u0131-Bahad\u0131r G\u00fccenmez ikilisi, \u015fampiyonan\u0131n son yar\u0131\u015f\u0131nda elde ettikleri \u00fc\u00e7\u00fcnc\u00fcl\u00fckle Do\u011fu Avrupa Kupas\u0131\u2019nda birinci gelerek Avrupa\u2019da \u015fampiyona kazanan ilk T\u00fcrk ekip oldular. [&hellip;]<\/p>\n","protected":false},"author":1,"featured_media":0,"comment_status":"open","ping_status":"open","sticky":false,"template":"","format":"standard","meta":[],"categories":[1,10],"tags":[],"_links":{"self":[{"href":"https:\/\/www.digitalcarmagazine.com.tr\/Web\/wp-json\/wp\/v2\/posts\/4293"}],"collection":[{"href":"https:\/\/www.digitalcarmagazine.com.tr\/Web\/wp-json\/wp\/v2\/posts"}],"about":[{"href":"https:\/\/www.digitalcarmagazine.com.tr\/Web\/wp-json\/wp\/v2\/types\/post"}],"author":[{"embeddable":true,"href":"https:\/\/www.digitalcarmagazine.com.tr\/Web\/wp-json\/wp\/v2\/users\/1"}],"replies":[{"embeddable":true,"href":"https:\/\/www.digitalcarmagazine.com.tr\/Web\/wp-json\/wp\/v2\/comments?post=4293"}],"version-history":[{"count":1,"href":"https:\/\/www.digitalcarmagazine.com.tr\/Web\/wp-json\/wp\/v2\/posts\/4293\/revisions"}],"predecessor-version":[{"id":4296,"href":"https:\/\/www.digitalcarmagazine.com.tr\/Web\/wp-json\/wp\/v2\/posts\/4293\/revisions\/4296"}],"wp:attachment":[{"href":"https:\/\/www.digitalcarmagazine.com.tr\/Web\/wp-json\/wp\/v2\/media?parent=4293"}],"wp:term":[{"taxonomy":"category","embeddable":true,"href":"https:\/\/www.digitalcarmagazine.com.tr\/Web\/wp-json\/wp\/v2\/categories?post=4293"},{"taxonomy":"post_tag","embeddable":true,"href":"https:\/\/www.digitalcarmagazine.com.tr\/Web\/wp-json\/wp\/v2\/tags?post=4293"}],"curies":[{"name":"wp","href":"https:\/\/api.w.org\/{rel}","templated":true}]}}