{"id":4237,"date":"2012-10-09T10:41:16","date_gmt":"2012-10-09T10:41:16","guid":{"rendered":"http:\/\/www.digitalcarmagazine.com.tr\/Web\/?p=4237"},"modified":"2012-10-27T09:54:48","modified_gmt":"2012-10-27T09:54:48","slug":"dcmin-24-ekim-sayisi-yayinda-sova-devam","status":"publish","type":"post","link":"https:\/\/www.digitalcarmagazine.com.tr\/Web\/dcmin-24-ekim-sayisi-yayinda-sova-devam\/","title":{"rendered":"DCM&#8217;in 24. Ekim say\u0131s\u0131 yay\u0131nda! \u015eova devam&#8230;"},"content":{"rendered":"<h3>T\u00fcrkiye&#8217;nin \u0130lk Online Otomobil Dergisi Digital Car Magazine&#8217;nin 24. Ekim say\u0131s\u0131 yay\u0131ndad\u0131r. Videolu anlat\u0131mlar\u0131 ve muhte\u015fem foto\u011fraflar\u0131 ile yine dopdolu bir dergi bir t\u0131k yak\u0131n\u0131n\u0131zda!<\/h3>\n<p><a href=\"https:\/\/www.digitalcarmagazine.com.tr\/Web\/wp-content\/uploads\/Picture-42.png\"><img loading=\"lazy\" class=\"alignleft size-medium wp-image-4255\" title=\"Picture 4\" src=\"https:\/\/www.digitalcarmagazine.com.tr\/Web\/wp-content\/uploads\/Picture-42-240x300.png\" alt=\"\" width=\"240\" height=\"300\" srcset=\"https:\/\/www.digitalcarmagazine.com.tr\/Web\/wp-content\/uploads\/Picture-42-240x300.png 240w, https:\/\/www.digitalcarmagazine.com.tr\/Web\/wp-content\/uploads\/Picture-42.png 449w\" sizes=\"(max-width: 240px) 100vw, 240px\" \/><\/a>Farkl\u0131 anlat\u0131m ve interaktif sunumuyla DCM yine \u015fovuna devem adiyor. Ekim 2012 say\u0131s\u0131 ile 24 ay\u0131 geride b\u0131rakan DCM, Kas\u0131m ay\u0131nda 2. ya\u015f\u0131n\u0131 kutluyor! Bu ay 2012 Paris Otomobil Fuar\u0131 ve 9 farkl\u0131 test s\u00fcr\u00fc\u015f\u00fc ile kar\u015f\u0131n\u0131zda! Sadece bir t\u0131k yak\u0131n\u0131n\u0131zda olan DCM&#8217;in son say\u0131s\u0131na ula\u015fmak i\u00e7in<a href=\"http:\/\/www.digitalcarmagazine.com.tr\/ekim2012\" target=\"_blank\">\u00a0BURAYA TIKLAYINIZ!<\/a><\/p>\n<p>&nbsp;<\/p>\n<p>&nbsp;<\/p>\n<div id='gallery-1' class='gallery galleryid-4237 gallery-columns-4 gallery-size-thumbnail'><figure class='gallery-item'>\n\t\t\t<div class='gallery-icon landscape'>\n\t\t\t\t<a href='https:\/\/www.digitalcarmagazine.com.tr\/Web\/dcmin-24-ekim-sayisi-yayinda-sova-devam\/picture-9-2\/'><img width=\"150\" height=\"150\" src=\"https:\/\/www.digitalcarmagazine.com.tr\/Web\/wp-content\/uploads\/Picture-91-150x150.png\" class=\"attachment-thumbnail size-thumbnail\" alt=\"\" loading=\"lazy\" \/><\/a>\n\t\t\t<\/div><\/figure><figure class='gallery-item'>\n\t\t\t<div class='gallery-icon landscape'>\n\t\t\t\t<a href='https:\/\/www.digitalcarmagazine.com.tr\/Web\/dcmin-24-ekim-sayisi-yayinda-sova-devam\/picture-8-2\/'><img width=\"150\" height=\"150\" src=\"https:\/\/www.digitalcarmagazine.com.tr\/Web\/wp-content\/uploads\/Picture-81-150x150.png\" class=\"attachment-thumbnail size-thumbnail\" alt=\"\" loading=\"lazy\" \/><\/a>\n\t\t\t<\/div><\/figure><figure class='gallery-item'>\n\t\t\t<div class='gallery-icon landscape'>\n\t\t\t\t<a href='https:\/\/www.digitalcarmagazine.com.tr\/Web\/dcmin-24-ekim-sayisi-yayinda-sova-devam\/picture-7-2\/'><img width=\"150\" height=\"150\" src=\"https:\/\/www.digitalcarmagazine.com.tr\/Web\/wp-content\/uploads\/Picture-71-150x150.png\" class=\"attachment-thumbnail size-thumbnail\" alt=\"\" loading=\"lazy\" \/><\/a>\n\t\t\t<\/div><\/figure><figure class='gallery-item'>\n\t\t\t<div class='gallery-icon landscape'>\n\t\t\t\t<a href='https:\/\/www.digitalcarmagazine.com.tr\/Web\/dcmin-24-ekim-sayisi-yayinda-sova-devam\/picture-6-3\/'><img width=\"150\" height=\"150\" src=\"https:\/\/www.digitalcarmagazine.com.tr\/Web\/wp-content\/uploads\/Picture-62-150x150.png\" class=\"attachment-thumbnail size-thumbnail\" alt=\"\" loading=\"lazy\" \/><\/a>\n\t\t\t<\/div><\/figure><figure class='gallery-item'>\n\t\t\t<div class='gallery-icon landscape'>\n\t\t\t\t<a href='https:\/\/www.digitalcarmagazine.com.tr\/Web\/dcmin-24-ekim-sayisi-yayinda-sova-devam\/picture-5-2\/'><img width=\"150\" height=\"150\" src=\"https:\/\/www.digitalcarmagazine.com.tr\/Web\/wp-content\/uploads\/Picture-51-150x150.png\" class=\"attachment-thumbnail size-thumbnail\" alt=\"\" loading=\"lazy\" \/><\/a>\n\t\t\t<\/div><\/figure><figure class='gallery-item'>\n\t\t\t<div class='gallery-icon portrait'>\n\t\t\t\t<a href='https:\/\/www.digitalcarmagazine.com.tr\/Web\/dcmin-24-ekim-sayisi-yayinda-sova-devam\/picture-4-3\/'><img width=\"150\" height=\"150\" src=\"https:\/\/www.digitalcarmagazine.com.tr\/Web\/wp-content\/uploads\/Picture-42-150x150.png\" class=\"attachment-thumbnail size-thumbnail\" alt=\"\" loading=\"lazy\" \/><\/a>\n\t\t\t<\/div><\/figure><figure class='gallery-item'>\n\t\t\t<div class='gallery-icon landscape'>\n\t\t\t\t<a href='https:\/\/www.digitalcarmagazine.com.tr\/Web\/dcmin-24-ekim-sayisi-yayinda-sova-devam\/picture-19-2\/'><img width=\"150\" height=\"150\" src=\"https:\/\/www.digitalcarmagazine.com.tr\/Web\/wp-content\/uploads\/Picture-191-150x150.png\" class=\"attachment-thumbnail size-thumbnail\" alt=\"\" loading=\"lazy\" \/><\/a>\n\t\t\t<\/div><\/figure><figure class='gallery-item'>\n\t\t\t<div class='gallery-icon landscape'>\n\t\t\t\t<a href='https:\/\/www.digitalcarmagazine.com.tr\/Web\/dcmin-24-ekim-sayisi-yayinda-sova-devam\/picture-18-2\/'><img width=\"150\" height=\"150\" src=\"https:\/\/www.digitalcarmagazine.com.tr\/Web\/wp-content\/uploads\/Picture-181-150x150.png\" class=\"attachment-thumbnail size-thumbnail\" alt=\"\" loading=\"lazy\" \/><\/a>\n\t\t\t<\/div><\/figure><figure class='gallery-item'>\n\t\t\t<div class='gallery-icon landscape'>\n\t\t\t\t<a href='https:\/\/www.digitalcarmagazine.com.tr\/Web\/dcmin-24-ekim-sayisi-yayinda-sova-devam\/picture-17-3\/'><img width=\"150\" height=\"150\" src=\"https:\/\/www.digitalcarmagazine.com.tr\/Web\/wp-content\/uploads\/Picture-172-150x150.png\" class=\"attachment-thumbnail size-thumbnail\" alt=\"\" loading=\"lazy\" \/><\/a>\n\t\t\t<\/div><\/figure><figure class='gallery-item'>\n\t\t\t<div class='gallery-icon landscape'>\n\t\t\t\t<a href='https:\/\/www.digitalcarmagazine.com.tr\/Web\/dcmin-24-ekim-sayisi-yayinda-sova-devam\/picture-16-3\/'><img width=\"150\" height=\"150\" src=\"https:\/\/www.digitalcarmagazine.com.tr\/Web\/wp-content\/uploads\/Picture-162-150x150.png\" class=\"attachment-thumbnail size-thumbnail\" alt=\"\" loading=\"lazy\" \/><\/a>\n\t\t\t<\/div><\/figure><figure class='gallery-item'>\n\t\t\t<div class='gallery-icon landscape'>\n\t\t\t\t<a href='https:\/\/www.digitalcarmagazine.com.tr\/Web\/dcmin-24-ekim-sayisi-yayinda-sova-devam\/picture-15-3\/'><img width=\"150\" height=\"150\" src=\"https:\/\/www.digitalcarmagazine.com.tr\/Web\/wp-content\/uploads\/Picture-152-150x150.png\" class=\"attachment-thumbnail size-thumbnail\" alt=\"\" loading=\"lazy\" \/><\/a>\n\t\t\t<\/div><\/figure><figure class='gallery-item'>\n\t\t\t<div class='gallery-icon landscape'>\n\t\t\t\t<a href='https:\/\/www.digitalcarmagazine.com.tr\/Web\/dcmin-24-ekim-sayisi-yayinda-sova-devam\/picture-14-3\/'><img width=\"150\" height=\"150\" src=\"https:\/\/www.digitalcarmagazine.com.tr\/Web\/wp-content\/uploads\/Picture-142-150x150.png\" class=\"attachment-thumbnail size-thumbnail\" alt=\"\" loading=\"lazy\" \/><\/a>\n\t\t\t<\/div><\/figure><figure class='gallery-item'>\n\t\t\t<div class='gallery-icon landscape'>\n\t\t\t\t<a href='https:\/\/www.digitalcarmagazine.com.tr\/Web\/dcmin-24-ekim-sayisi-yayinda-sova-devam\/picture-13-3\/'><img width=\"150\" height=\"150\" src=\"https:\/\/www.digitalcarmagazine.com.tr\/Web\/wp-content\/uploads\/Picture-132-150x150.png\" class=\"attachment-thumbnail size-thumbnail\" alt=\"\" loading=\"lazy\" \/><\/a>\n\t\t\t<\/div><\/figure><figure class='gallery-item'>\n\t\t\t<div class='gallery-icon landscape'>\n\t\t\t\t<a href='https:\/\/www.digitalcarmagazine.com.tr\/Web\/dcmin-24-ekim-sayisi-yayinda-sova-devam\/picture-12-3\/'><img width=\"150\" height=\"150\" src=\"https:\/\/www.digitalcarmagazine.com.tr\/Web\/wp-content\/uploads\/Picture-122-150x150.png\" class=\"attachment-thumbnail size-thumbnail\" alt=\"\" loading=\"lazy\" \/><\/a>\n\t\t\t<\/div><\/figure><figure class='gallery-item'>\n\t\t\t<div class='gallery-icon landscape'>\n\t\t\t\t<a href='https:\/\/www.digitalcarmagazine.com.tr\/Web\/dcmin-24-ekim-sayisi-yayinda-sova-devam\/picture-11-3\/'><img width=\"150\" height=\"150\" src=\"https:\/\/www.digitalcarmagazine.com.tr\/Web\/wp-content\/uploads\/Picture-112-150x150.png\" class=\"attachment-thumbnail size-thumbnail\" alt=\"\" loading=\"lazy\" \/><\/a>\n\t\t\t<\/div><\/figure><figure class='gallery-item'>\n\t\t\t<div class='gallery-icon landscape'>\n\t\t\t\t<a href='https:\/\/www.digitalcarmagazine.com.tr\/Web\/dcmin-24-ekim-sayisi-yayinda-sova-devam\/picture-10-2\/'><img width=\"150\" height=\"150\" src=\"https:\/\/www.digitalcarmagazine.com.tr\/Web\/wp-content\/uploads\/Picture-101-150x150.png\" class=\"attachment-thumbnail size-thumbnail\" alt=\"\" loading=\"lazy\" \/><\/a>\n\t\t\t<\/div><\/figure><figure class='gallery-item'>\n\t\t\t<div class='gallery-icon landscape'>\n\t\t\t\t<a href='https:\/\/www.digitalcarmagazine.com.tr\/Web\/dcmin-24-ekim-sayisi-yayinda-sova-devam\/dcm-5\/'><img width=\"150\" height=\"150\" src=\"https:\/\/www.digitalcarmagazine.com.tr\/Web\/wp-content\/uploads\/dcm2-150x150.jpg\" class=\"attachment-thumbnail size-thumbnail\" alt=\"\" loading=\"lazy\" \/><\/a>\n\t\t\t<\/div><\/figure>\n\t\t<\/div>\n\n<p>&nbsp;<\/p>\n<p>&nbsp;<\/p>\n<p>&nbsp;<\/p>\n<p>&nbsp;<\/p>\n<p>&nbsp;<\/p>\n<p>&nbsp;<\/p>\n<p>&nbsp;<\/p>\n<p>&nbsp;<\/p>\n<p>&nbsp;<\/p>\n","protected":false},"excerpt":{"rendered":"<p>T\u00fcrkiye&#8217;nin \u0130lk Online Otomobil Dergisi Digital Car Magazine&#8217;nin 24. Ekim say\u0131s\u0131 yay\u0131ndad\u0131r. Videolu anlat\u0131mlar\u0131 ve muhte\u015fem foto\u011fraflar\u0131 ile yine dopdolu bir dergi bir t\u0131k yak\u0131n\u0131n\u0131zda! Farkl\u0131 anlat\u0131m ve interaktif sunumuyla DCM yine \u015fovuna devem adiyor. Ekim 2012 say\u0131s\u0131 ile 24 ay\u0131 geride b\u0131rakan DCM, Kas\u0131m ay\u0131nda 2. ya\u015f\u0131n\u0131 kutluyor! Bu ay 2012 Paris Otomobil Fuar\u0131 [&hellip;]<\/p>\n","protected":false},"author":1,"featured_media":0,"comment_status":"open","ping_status":"open","sticky":false,"template":"","format":"standard","meta":[],"categories":[1],"tags":[],"_links":{"self":[{"href":"https:\/\/www.digitalcarmagazine.com.tr\/Web\/wp-json\/wp\/v2\/posts\/4237"}],"collection":[{"href":"https:\/\/www.digitalcarmagazine.com.tr\/Web\/wp-json\/wp\/v2\/posts"}],"about":[{"href":"https:\/\/www.digitalcarmagazine.com.tr\/Web\/wp-json\/wp\/v2\/types\/post"}],"author":[{"embeddable":true,"href":"https:\/\/www.digitalcarmagazine.com.tr\/Web\/wp-json\/wp\/v2\/users\/1"}],"replies":[{"embeddable":true,"href":"https:\/\/www.digitalcarmagazine.com.tr\/Web\/wp-json\/wp\/v2\/comments?post=4237"}],"version-history":[{"count":2,"href":"https:\/\/www.digitalcarmagazine.com.tr\/Web\/wp-json\/wp\/v2\/posts\/4237\/revisions"}],"predecessor-version":[{"id":4489,"href":"https:\/\/www.digitalcarmagazine.com.tr\/Web\/wp-json\/wp\/v2\/posts\/4237\/revisions\/4489"}],"wp:attachment":[{"href":"https:\/\/www.digitalcarmagazine.com.tr\/Web\/wp-json\/wp\/v2\/media?parent=4237"}],"wp:term":[{"taxonomy":"category","embeddable":true,"href":"https:\/\/www.digitalcarmagazine.com.tr\/Web\/wp-json\/wp\/v2\/categories?post=4237"},{"taxonomy":"post_tag","embeddable":true,"href":"https:\/\/www.digitalcarmagazine.com.tr\/Web\/wp-json\/wp\/v2\/tags?post=4237"}],"curies":[{"name":"wp","href":"https:\/\/api.w.org\/{rel}","templated":true}]}}