{"id":4215,"date":"2012-10-09T09:28:49","date_gmt":"2012-10-09T09:28:49","guid":{"rendered":"http:\/\/www.digitalcarmagazine.com.tr\/Web\/?p=4215"},"modified":"2012-10-09T09:28:49","modified_gmt":"2012-10-09T09:28:49","slug":"carlos-ghosn-ve-bruno-ancelin-2012-yilinin-eurostarlari-secildiler","status":"publish","type":"post","link":"https:\/\/www.digitalcarmagazine.com.tr\/Web\/carlos-ghosn-ve-bruno-ancelin-2012-yilinin-eurostarlari-secildiler\/","title":{"rendered":"Carlos Ghosn ve Bruno Ancelin 2012 y\u0131l\u0131n\u0131n &#8220;Eurostar&#8221;lar\u0131 se\u00e7ildiler"},"content":{"rendered":"<h3>Automotive News Europe dergisi Renault-Nissan \u0130ttifak\u0131n\u0131n Ba\u015fkan\u0131 Carlos Ghosn ile Avrasya Ba\u015fkan\u0131 ve Renault Rusya Genel M\u00fcd\u00fcr\u00fc Bruno Ancelin\u2019e Eurostar \u00f6d\u00fcl\u00fc verdi.<\/h3>\n<p><a href=\"https:\/\/www.digitalcarmagazine.com.tr\/Web\/wp-content\/uploads\/1349682919_Eurostar2.jpg\"><img loading=\"lazy\" class=\"alignleft size-medium wp-image-4216\" title=\"1349682919_Eurostar2\" src=\"https:\/\/www.digitalcarmagazine.com.tr\/Web\/wp-content\/uploads\/1349682919_Eurostar2-300x200.jpg\" alt=\"\" width=\"300\" height=\"200\" srcset=\"https:\/\/www.digitalcarmagazine.com.tr\/Web\/wp-content\/uploads\/1349682919_Eurostar2-300x200.jpg 300w, https:\/\/www.digitalcarmagazine.com.tr\/Web\/wp-content\/uploads\/1349682919_Eurostar2-1024x682.jpg 1024w\" sizes=\"(max-width: 300px) 100vw, 300px\" \/><\/a>Euro b\u00f6lgesinde sat\u0131\u015flar d\u00fc\u015ferken, h\u0131zl\u0131 b\u00fcy\u00fcme g\u00f6steren uluslararas\u0131 pazarlarda uygulad\u0131\u011f\u0131 ba\u015far\u0131l\u0131 b\u00fcy\u00fcme stratejisi nedeniyle Carlos Ghosn \u00ab Grup CEO\u2019su\u00bb \u00f6d\u00fcl\u00fcn\u00fc ald\u0131. Bir \u00f6nceki y\u0131l %37 olan, 2011 y\u0131l\u0131nda Renault Grubu\u2019nun sat\u0131\u015flar\u0131n\u0131n %43\u2019\u00fc Avrupa d\u0131\u015f\u0131ndaki pazarlardan geliyordu. Automotive News Europe dergisi 2011 y\u0131l\u0131nda Nissan\u2019\u0131n Avrupa\u2019da rekor sat\u0131\u015flar kaydetti\u011fini, \u0130ttifak ortaklar\u0131n\u0131n s\u00fcratle b\u00fcy\u00fcyen Rus pazar\u0131ndaki konumlar\u0131n\u0131 g\u00fc\u00e7lendirdi\u011fini ve Avrupa\u2019da elektrik motorlu ara\u00e7larda lider olduklar\u0131n\u0131 kaydetti.<br \/>\nCarlos Ghosn \u00ab Eurostar \u00f6d\u00fcl\u00fcn\u00fc almaktan mutluluk duyuyorum. Gelecek y\u0131llarda Avrupa\u2019n\u0131n zorlu s\u0131navlardan ge\u00e7mesi gerekecektir, fakat ben yine de bu k\u0131tan\u0131n yenilik\u00e7i kalaca\u011f\u0131na, b\u00fcy\u00fcme ve refah yolunu yeniden bulmak i\u00e7in gere\u011fini yapaca\u011f\u0131na inan\u0131yorum\u00bb dedi.<\/p>\n<p>Bruno Ancelin, LADA otomobillerinin \u00fcreticisi AVTOVAZ ile kurulan ortakl\u0131kta oynad\u0131\u011f\u0131 rol nedeniyle \u00ab B\u00fcy\u00fcyen Pazar Y\u00f6neticisi\u00bb \u00f6d\u00fcl\u00fcn\u00fc kazand\u0131. Renault, May\u0131s ay\u0131nda Renault-Nissan \u0130ttifak\u0131\u2019na Rusya\u2019n\u0131n en b\u00fcy\u00fck \u00fcreticisi AVTOVAZ\u2019da dolayl\u0131 \u00e7o\u011funluk kazand\u0131racak ortak bir \u015firket kurmak i\u00e7in Nissan ve Russian Technologies ile bir Mutabakat Protokol\u00fc imzalad\u0131. Renault-Nissan \u0130ttifak\u0131 ve AVTOVAZ, 2015 y\u0131l\u0131na kadar Rusya\u2019da yeni ara\u00e7 pazar\u0131ndan %40 pay almay\u0131 hedefliyorlar. Bruno Ancelin \u00ab Her \u015feyden \u00f6nce b\u00fct\u00fcn Avrasya ve Rusya ekibi ad\u0131na bu \u00f6d\u00fcl\u00fc almaktan \u00e7ok mutluyum; \u00e7\u00fcnk\u00fc bu ekip olmasayd\u0131 hi\u00e7bir \u015fey m\u00fcmk\u00fcn olmazd\u0131. Ayn\u0131 zamanda bu vesileyle bizden uzmanl\u0131klar\u0131n\u0131 ve desteklerini esirgemeyen \u015firketin b\u00fct\u00fcn direkt\u00f6rl\u00fcklerine, b\u00f6lgeyi \u015firketin en \u00f6nemli b\u00fcy\u00fcme vekt\u00f6rlerinden biri yapan Moskova\u2019da ve AVTOVAZ\u2019da t\u00fcm \u00e7al\u0131\u015fanlara te\u015fekk\u00fcr etmek istiyorum. \u00bb dedi.<\/p>\n<p><a href=\"https:\/\/www.digitalcarmagazine.com.tr\/Web\/wp-content\/uploads\/1349683051_Eurostar1.jpg\"><img loading=\"lazy\" class=\"alignleft size-medium wp-image-4217\" title=\"1349683051_Eurostar1\" src=\"https:\/\/www.digitalcarmagazine.com.tr\/Web\/wp-content\/uploads\/1349683051_Eurostar1-300x199.jpg\" alt=\"\" width=\"300\" height=\"199\" srcset=\"https:\/\/www.digitalcarmagazine.com.tr\/Web\/wp-content\/uploads\/1349683051_Eurostar1-300x199.jpg 300w, https:\/\/www.digitalcarmagazine.com.tr\/Web\/wp-content\/uploads\/1349683051_Eurostar1-1024x682.jpg 1024w\" sizes=\"(max-width: 300px) 100vw, 300px\" \/><\/a><\/p>\n","protected":false},"excerpt":{"rendered":"<p>Automotive News Europe dergisi Renault-Nissan \u0130ttifak\u0131n\u0131n Ba\u015fkan\u0131 Carlos Ghosn ile Avrasya Ba\u015fkan\u0131 ve Renault Rusya Genel M\u00fcd\u00fcr\u00fc Bruno Ancelin\u2019e Eurostar \u00f6d\u00fcl\u00fc verdi. Euro b\u00f6lgesinde sat\u0131\u015flar d\u00fc\u015ferken, h\u0131zl\u0131 b\u00fcy\u00fcme g\u00f6steren uluslararas\u0131 pazarlarda uygulad\u0131\u011f\u0131 ba\u015far\u0131l\u0131 b\u00fcy\u00fcme stratejisi nedeniyle Carlos Ghosn \u00ab Grup CEO\u2019su\u00bb \u00f6d\u00fcl\u00fcn\u00fc ald\u0131. Bir \u00f6nceki y\u0131l %37 olan, 2011 y\u0131l\u0131nda Renault Grubu\u2019nun sat\u0131\u015flar\u0131n\u0131n %43\u2019\u00fc Avrupa [&hellip;]<\/p>\n","protected":false},"author":1,"featured_media":0,"comment_status":"open","ping_status":"open","sticky":false,"template":"","format":"standard","meta":[],"categories":[1],"tags":[],"_links":{"self":[{"href":"https:\/\/www.digitalcarmagazine.com.tr\/Web\/wp-json\/wp\/v2\/posts\/4215"}],"collection":[{"href":"https:\/\/www.digitalcarmagazine.com.tr\/Web\/wp-json\/wp\/v2\/posts"}],"about":[{"href":"https:\/\/www.digitalcarmagazine.com.tr\/Web\/wp-json\/wp\/v2\/types\/post"}],"author":[{"embeddable":true,"href":"https:\/\/www.digitalcarmagazine.com.tr\/Web\/wp-json\/wp\/v2\/users\/1"}],"replies":[{"embeddable":true,"href":"https:\/\/www.digitalcarmagazine.com.tr\/Web\/wp-json\/wp\/v2\/comments?post=4215"}],"version-history":[{"count":1,"href":"https:\/\/www.digitalcarmagazine.com.tr\/Web\/wp-json\/wp\/v2\/posts\/4215\/revisions"}],"predecessor-version":[{"id":4218,"href":"https:\/\/www.digitalcarmagazine.com.tr\/Web\/wp-json\/wp\/v2\/posts\/4215\/revisions\/4218"}],"wp:attachment":[{"href":"https:\/\/www.digitalcarmagazine.com.tr\/Web\/wp-json\/wp\/v2\/media?parent=4215"}],"wp:term":[{"taxonomy":"category","embeddable":true,"href":"https:\/\/www.digitalcarmagazine.com.tr\/Web\/wp-json\/wp\/v2\/categories?post=4215"},{"taxonomy":"post_tag","embeddable":true,"href":"https:\/\/www.digitalcarmagazine.com.tr\/Web\/wp-json\/wp\/v2\/tags?post=4215"}],"curies":[{"name":"wp","href":"https:\/\/api.w.org\/{rel}","templated":true}]}}