{"id":4189,"date":"2012-09-28T16:00:11","date_gmt":"2012-09-28T16:00:11","guid":{"rendered":"http:\/\/www.digitalcarmagazine.com.tr\/Web\/?p=4189"},"modified":"2012-10-09T15:15:47","modified_gmt":"2012-10-09T15:15:47","slug":"citroen-kendi-evinde-oynuyor","status":"publish","type":"post","link":"https:\/\/www.digitalcarmagazine.com.tr\/Web\/citroen-kendi-evinde-oynuyor\/","title":{"rendered":"CITRO\u00cbN, kendi evinde oynuyor!"},"content":{"rendered":"<h3 style=\"text-align: left;\" align=\"center\">CITRO\u00cbN, Paris Otomobil Fuar\u0131\u2019nda sergiledi\u011fi yenilikleriyle kendi evinde fark yaratarak uluslararas\u0131 pazara daha fazla y\u00f6nelme d\u00fc\u015f\u00fcncesinin ilk \u00f6rneklerini sergiledi. \u0130lk \u00a0kez Paris\u2019te medya mensuplar\u0131n\u0131n kar\u015f\u0131s\u0131na \u00e7\u0131kan yeni sedan\u0131 C-Elys\u00e9e\u2019\u0131n\u00a0 yan\u0131 s\u0131ra DS serisinin \u00f6zel serileri CITRO\u00cbN stand\u0131nda yer ald\u0131. Ayr\u0131ca segmentindeki tek 5 ki\u015filik cabrio ara\u00e7 olan DS3 CABRIO da Paris Otomobil Fuar\u0131\u2019ndaki \u00a0CITRO\u00cbN yeniliklerinden biri\u2026 Paris Otomobil Fuar\u0131\u2019n\u0131n son s\u00fcrpriz ise tamamen elektrikli model olan DS 3 ELECTRUM oldu.<\/h3>\n<p style=\"text-align: left;\"><a href=\"https:\/\/www.digitalcarmagazine.com.tr\/Web\/wp-content\/uploads\/1348233992_C___Elyse.jpg\"><img loading=\"lazy\" class=\"alignleft size-medium wp-image-4190\" title=\"1348233992_C___Elyse\" src=\"https:\/\/www.digitalcarmagazine.com.tr\/Web\/wp-content\/uploads\/1348233992_C___Elyse-300x174.jpg\" alt=\"\" width=\"300\" height=\"174\" srcset=\"https:\/\/www.digitalcarmagazine.com.tr\/Web\/wp-content\/uploads\/1348233992_C___Elyse-300x174.jpg 300w, https:\/\/www.digitalcarmagazine.com.tr\/Web\/wp-content\/uploads\/1348233992_C___Elyse-1024x595.jpg 1024w, https:\/\/www.digitalcarmagazine.com.tr\/Web\/wp-content\/uploads\/1348233992_C___Elyse.jpg 1280w\" sizes=\"(max-width: 300px) 100vw, 300px\" \/><\/a>CITRO\u00cbN, sahip oldu\u011fu Marka de\u011ferleri; cesaret, yarat\u0131c\u0131l\u0131k ve teknolojiyi harmanlayarak olu\u015fturdu\u011fu yeni modeller ile bu y\u0131lki Paris Otomobil Fuar\u0131nda da g\u00f6z kama\u015ft\u0131rd\u0131. Sahip oldu\u011fu de\u011ferlerin her biri markan\u0131n rekabet kar\u015f\u0131s\u0131nda \u00f6n s\u0131ralarda yer alma, pazardaki konumunu sa\u011flamla\u015ft\u0131rma, geli\u015ftirdi\u011fi teknoloji ve yenilikleri ile uluslararas\u0131 alanlarda daha fazla s\u00f6z sahibi olma hedeflerini g\u00f6steriyor.\u00a0CITRO\u00cbN, \u00a0fuarda, d\u00fcnya genelinde sat\u0131\u015f\u0131na ilk kez T\u00fcrkiye pazar\u0131nda ba\u015flanacak olan yeni sedan\u0131 <strong>C-Elys\u00e9e<\/strong> ve uzakdo\u011fu pazar\u0131 i\u00e7in tasarlanan <strong>C4 L<\/strong> modellerini bas\u0131n g\u00fcnlerine \u00f6zel olarak be\u011feniye sundu. Sadece bas\u0131n g\u00fcn\u00fcnde incelenebilen\u00a0 \u00a0C-Elys\u00e9e\u2019in ilk kez\u00a0 t\u00fcketiciler ile bulu\u015fmas\u0131 ise 14. Uluslararas\u0131 \u0130stanbul Otomobil Fuar\u0131\u2019nda ger\u00e7ekle\u015fecek. Paris Otomobil Fuar\u0131\u2019nda DS serisini olu\u015fturan \u00fc\u00e7 modelin versiyonlar\u0131n\u0131n yan\u0131 s\u0131ra, serinin yeni \u00fcyesi <strong>DS3 <\/strong><strong>CABRIO<\/strong> da sergilendi. C Zero ile elektrikli ara\u00e7lar konusunda deneyimini art\u0131ran Citroen , elektrikli otomobillerin de heyecan verici s\u00fcr\u00fc\u015fler sa\u011flayabilece\u011fini DS 3 ELECTRUM ile ispatl\u0131yor.\u00a0Marka <strong>Citro\u00ebn C4 L ve C-Elys\u00e9e <\/strong>gibi iki zarif modelinin lansman\u0131yla uluslararas\u0131 geli\u015fimini h\u0131zland\u0131r\u0131yor. Citro\u00ebn\u2019in uluslararas\u0131 ekibinin sahip oldu\u011fu uzmanl\u0131k bilgisiyle Fransa\u2019da tasarlanan iki model de Markan\u0131n stil, teknoloji, geli\u015ftirme ve kalite konular\u0131ndaki ince teknik bilgi birikimini b\u00fcnyesinde bar\u0131nd\u0131r\u0131yor. Citro\u00ebn, 1 Kas\u0131m\u2019da ilk kez T\u00fcrkiye pazar\u0131nda sat\u0131\u015fa sunaca\u011f\u0131 yeni sedan\u0131 <strong>C-Elys\u00e9e<\/strong> ile pazara yeni bir soluk getirmeye haz\u0131rlan\u0131yor.<\/p>\n<p style=\"text-align: left;\"><span style=\"color: #333399;\"><strong><em>Frans\u0131z tarz\u0131 l\u00fcks anlay\u0131\u015f\u0131n\u0131n simgesi DS serisi,\u00a0<\/em><\/strong><\/span><strong>\u00a0<\/strong>D\u00fcnya genelinde 250.000 adetten fazla sat\u0131\u015f\u0131 ger\u00e7ekle\u015ftirilen dinamik ve \u00e7ekici DS serisi yeni versiyonlarla zenginle\u015fiyor. Frans\u0131z tarz\u0131 l\u00fcks anlay\u0131\u015f\u0131n\u0131 e\u015fsiz stil, g\u00fc\u00e7l\u00fc yarat\u0131c\u0131l\u0131k, ve dikkat \u00e7ekici zarafet anlay\u0131\u015f\u0131 ile birle\u015ftiren DS serisinin son \u00fcyesi ise DS3 CABRIO.\u00a0 <strong>Citro\u00ebn DS3 Cabrio; <\/strong>120 km\/s h\u0131za kadar a\u00e7\u0131l\u0131p kapanabilen tavan\u0131 ile fark yarat\u0131yor. Ayr\u0131ca DS 3\u2019\u00fcn en karakteristik \u00f6zelli\u011fi olan ki\u015fiselle\u015ftirme \u00f6zelli\u011fi Cabrio versiyonda da devam ediyor. DS 3 Cabrio sahipleri 10 farkl\u0131 tavan rengi ve deseni ile ara\u00e7lar\u0131n\u0131 \u00f6zg\u00fcn hale getirebiliyorlar.Ayr\u0131ca \u00a0<strong>DS4<\/strong> ve <strong>DS5<\/strong> modelleri \u00fcst\u00fcn zarafetli stil anlay\u0131\u015f\u0131yla s\u0131n\u0131rl\u0131 say\u0131da \u00fcretilen <strong>Pure Pearl<\/strong> modelleri ile fuarda yerlerini al\u0131yorlar. DS4 modeli ayn\u0131 zamanda <strong>HDi 160<\/strong> versiyonunda ve tam otomatik vites se\u00e7ene\u011fi ile sat\u0131\u015fa sunuluyor.<\/p>\n<p style=\"text-align: left;\"><span style=\"color: #333399;\"><strong><em>\u00c7evreci motor teknolojileri:\u00a0<\/em><\/strong><\/span>Citro\u00ebn bir\u00e7ok farkl\u0131 kullan\u0131ma y\u00f6nelik ekonomik teknolojileri ve yenilikleri arac\u0131l\u0131\u011f\u0131yla \u00e7evresel hareketlilik konusundaki yakla\u015f\u0131m\u0131n\u0131 da s\u00fcrd\u00fcr\u00fcyor. <strong>Citro\u00ebn C3<\/strong> modelinde kullan\u0131lan ve sadece 87 g\/km CO<sub>2 <\/sub>sal\u0131n\u0131m\u0131 ger\u00e7ekle\u015ftiren e-HDi Airdream EGS motorunu ve yeni benzinli PureTech g\u00fc\u00e7 \u00fcnitesini de i\u00e7eren ve gittik\u00e7e geni\u015fleyen verimli bir motor yelpazesine sahip. Citro\u00ebn, \u015fu anda zaten DS5 <strong>Hybrid4 <\/strong>ad\u0131 alt\u0131nda son teknoloji \u00fcr\u00fcn\u00fc dizel hibrid teknolojisinin pazarlamas\u0131n\u0131 yap\u0131yor. Dizel hibrid ara\u00e7lar Citro\u00ebn C-ZERO modeline monte edilen elektrikli ara\u00e7 teknolojisi ile birlikte DS5 serisi sat\u0131\u015flar\u0131n %20\u2019sini olu\u015fturuyor. Marka, ger\u00e7ekle\u015ftirmekte oldu\u011fu bu geli\u015fimi elektrikli ara\u00e7 teknolojisine ve yenilik\u00e7i bir mimariye sahip <strong>DS3 Electrum<\/strong> konsepti arac\u0131yla s\u00fcrd\u00fcr\u00fcyor.\u00a0Pekin Otomobil Fuar\u0131\u2019nda g\u00f6sterime sunulan Num\u00e9ro 9 Citro\u00ebn\u2019in uluslararas\u0131 alanda kendini sat\u0131\u015flar\u0131n\u0131 artt\u0131rmak hedefinin yan\u0131 s\u0131ra tasar\u0131m\u0131 ve teknolojileri sayesinde Markan\u0131n ilk defa 2012 Paris Otomobil Fuar\u0131nda a\u00e7\u0131klanacak gelecek hedeflerini de yans\u0131t\u0131yor.<\/p>\n<h4 style=\"text-align: left;\"><span style=\"color: #ff0000;\"><a href=\"https:\/\/www.digitalcarmagazine.com.tr\/Web\/wp-content\/uploads\/1348234230_C_elyse_1.jpg\"><img loading=\"lazy\" class=\"alignleft size-medium wp-image-4191\" title=\"1348234230_C_elyse_1\" src=\"https:\/\/www.digitalcarmagazine.com.tr\/Web\/wp-content\/uploads\/1348234230_C_elyse_1-300x157.jpg\" alt=\"\" width=\"300\" height=\"157\" srcset=\"https:\/\/www.digitalcarmagazine.com.tr\/Web\/wp-content\/uploads\/1348234230_C_elyse_1-300x157.jpg 300w, https:\/\/www.digitalcarmagazine.com.tr\/Web\/wp-content\/uploads\/1348234230_C_elyse_1-1024x539.jpg 1024w, https:\/\/www.digitalcarmagazine.com.tr\/Web\/wp-content\/uploads\/1348234230_C_elyse_1.jpg 1280w\" sizes=\"(max-width: 300px) 100vw, 300px\" \/><\/a>CITRO\u00cbN C-ELYS\u00c9E: MODERN, FERAH VE DAYANIKLI<\/span><\/h4>\n<p style=\"text-align: left;\">Citro\u00ebn C-Elys\u00e9e, Citro\u00ebn\u2019in teknoloji ve tasar\u0131mdaki t\u00fcm uzmanl\u0131\u011f\u0131ndan faydalan\u0131larak \u00f6zel olarak tasarlanm\u0131\u015f iddial\u0131 bir sedan modeli. Citro\u00ebn &#8216;in bu en yeni modeli, tarz\u0131 ve \u00f6zellikleri ile hem \u00e7ekici hem de ekonomik bir sedan otomobil arayan m\u00fc\u015fteriler i\u00e7in ideal bir se\u00e7enek olacak. 2012 Kas\u0131m ay\u0131nda d\u00fcnya genelinde ilk kez T\u00fcrkiye\u2019de sat\u0131\u015fa sunulacak olan C-Elys\u00e9e,\u00a0 markan\u0131n yol tutu\u015f, \u00fcst\u00fcn kalite ve motor teknolojilerindeki t\u00fcm deneyimlerini bir arada sunabiliyor. Performans, yak\u0131t verimlili\u011fi ve dayan\u0131kl\u0131l\u0131k i\u00e7in tasarlanm\u0131\u015f olan yeni benzinli 1.2 VTi 72 HP motoru ile konforu ve 92 HP g\u00fcc\u00fcndeki dizel motoru ile tasarruf \u00f6zellikleri \u00a0\u00f6ne \u00e7\u0131kan yeni sedan d\u00fc\u015f\u00fck yak\u0131t t\u00fcketim de\u011ferleri, uygun bak\u0131m maliyetleri, sa\u011flaml\u0131\u011f\u0131 ile i\u015fletme maliyetlerinde iddias\u0131n\u0131 ortaya koyuyor.<\/p>\n<p style=\"text-align: left;\"><span class=\"Apple-style-span\" style=\"color: #ff0000; font-weight: bold;\"><a href=\"https:\/\/www.digitalcarmagazine.com.tr\/Web\/wp-content\/uploads\/1348234005_DS3_Cabrio_2.jpg\"><img loading=\"lazy\" class=\"alignleft size-medium wp-image-4192\" title=\"1348234005_DS3_Cabrio_2\" src=\"https:\/\/www.digitalcarmagazine.com.tr\/Web\/wp-content\/uploads\/1348234005_DS3_Cabrio_2-300x162.jpg\" alt=\"\" width=\"300\" height=\"162\" srcset=\"https:\/\/www.digitalcarmagazine.com.tr\/Web\/wp-content\/uploads\/1348234005_DS3_Cabrio_2-300x162.jpg 300w, https:\/\/www.digitalcarmagazine.com.tr\/Web\/wp-content\/uploads\/1348234005_DS3_Cabrio_2.jpg 955w\" sizes=\"(max-width: 300px) 100vw, 300px\" \/><\/a>CITRO\u00cbN DS3 CABRIO: KES\u0130NT\u0130S\u0130Z KEY\u0130F<\/span><\/p>\n<p style=\"text-align: left;\"><strong><em><\/em><\/strong>Citro\u00ebn DS serisi ile y\u00fckseli\u015fine devam ediyor. Marka, Paris Otomobil Fuar\u0131nda \u00fcst\u00fc a\u00e7\u0131lan otomobil kullan\u0131m\u0131n\u0131 kolayla\u015ft\u0131ran ve s\u00fcr\u00fcc\u00fclere g\u00fcne\u015f \u0131\u015f\u0131\u011f\u0131ndan sonuna kadar yararlanma imk\u00e2n\u0131 tan\u0131yan ak\u0131ll\u0131 tasar\u0131m\u0131ylayeni DS3 Cabrio modelini de tan\u0131tt\u0131.\u00a0DS3 Cabrio her \u015feyden \u00f6nce ger\u00e7ek bir DS3 modeli. <strong>Koyu stil se\u00e7enekleri, en ince ayr\u0131nt\u0131lara kadar inen zarafet ve ilk kullan\u0131m heyecan\u0131<\/strong> gibi hatchback modelini ba\u015far\u0131ya g\u00f6t\u00fcren t\u00fcm g\u00fc\u00e7l\u00fc \u00f6zelliklere sahip.<strong>\u00a0<\/strong>CITRO\u00cbN, DS3 serisinin e\u015fsiz karakterini vurgulamak ve orijinal modelin sa\u011flad\u0131\u011f\u0131 yol hissini muhafaza etmek i\u00e7in DS3 Cabrio modeline y\u00f6nelik modern bir teknik \u00e7\u00f6z\u00fcm tercih etti. Ki\u015fiselle\u015ftirme beklentisini kar\u015f\u0131lamak \u00fczere \u00fc\u00e7 farkl\u0131 a\u00e7\u0131l\u0131r tavan tipi ve 10 farkl\u0131 versiyon sunuluyor. DS3 Cabrio 3 boyutlu arka stop lambas\u0131 ve orijinal bagaj kap\u0131s\u0131 a\u00e7\u0131lma hareketiyle DS serisinin t\u00fcm zarafetini bar\u0131nd\u0131r\u0131yor.<\/p>\n<p style=\"text-align: left;\">DS3 Cabrio ger\u00e7ekle\u015ftirdi\u011fi yenilik ak\u0131m\u0131yla \u00fcst\u00fc a\u00e7\u0131l\u0131r otomobil segmentinde farkl\u0131l\u0131k yarat\u0131yor:<\/p>\n<p style=\"text-align: left;\"><strong>\u2014 Elektrikli tavan 120km\/s\u2019a kadar olan h\u0131zlarda a\u00e7\u0131l\u0131p kapanabiliyor.<\/strong><\/p>\n<p style=\"text-align: left;\"><strong>\u2014 Kendi s\u0131n\u0131f\u0131nda 5 ki\u015filik olan tek ara\u00e7<\/strong><\/p>\n<p style=\"text-align: left;\"><strong>\u2014 Kategorisinde en y\u00fcksek bagaj hacmine sahip ara\u00e7<\/strong><\/p>\n<p style=\"text-align: left;\">\u00a0Fransa\u2019daki Poissy fabrikas\u0131nda \u00fcretilen DS3 Cabrio 2013 y\u0131l\u0131nda lanse edilecek. Sadece 99 g\/km emisyon de\u011ferine sahip motor se\u00e7ene\u011fi ile \u00fcretilecek.<\/p>\n<p style=\"text-align: left;\"><span class=\"Apple-style-span\" style=\"color: #ff0000; font-weight: bold;\"><a href=\"https:\/\/www.digitalcarmagazine.com.tr\/Web\/wp-content\/uploads\/1348234050_guzelds5_kucuk.jpg\"><img loading=\"lazy\" class=\"alignleft size-medium wp-image-4193\" title=\"1348234050_guzelds5_kucuk\" src=\"https:\/\/www.digitalcarmagazine.com.tr\/Web\/wp-content\/uploads\/1348234050_guzelds5_kucuk-300x162.jpg\" alt=\"\" width=\"300\" height=\"162\" srcset=\"https:\/\/www.digitalcarmagazine.com.tr\/Web\/wp-content\/uploads\/1348234050_guzelds5_kucuk-300x162.jpg 300w, https:\/\/www.digitalcarmagazine.com.tr\/Web\/wp-content\/uploads\/1348234050_guzelds5_kucuk-1024x553.jpg 1024w\" sizes=\"(max-width: 300px) 100vw, 300px\" \/><\/a>\u201cELEKTR\u0130KL\u0130\u201d \u015eEH\u0130R OTOMOB\u0130L\u0130: CITRO\u00cbN DS3 Electrum<\/span><\/p>\n<p style=\"text-align: left;\">Citro\u00ebn, b\u00fcnyesinde tam elektrik teknolojisini ve yenilik\u00e7i bir tasar\u0131m\u0131 olan DS3 Electrum konsepti arac\u0131n\u0131n sunumuyla Paris Otomobil Fuar\u0131nda teknolojisini bir ad\u0131m ileriye ta\u015f\u0131yor. \u201cElektrikli\u201d \u015fehir otomobilinde kullan\u0131lan teknoloji DS3 modeli ile uyumlu bir performans, s\u0131f\u0131r emisyon, kabin i\u00e7i konfor ve s\u0131f\u0131r g\u00fcr\u00fclt\u00fc kirlili\u011fi sa\u011fl\u0131yor. DS3 modeline tam anlam\u0131yla riayet eden DS3 Electrum elektrikli ara\u00e7lar\u0131n s\u00fcr\u00fc\u015f heyecan\u0131 sa\u011flayabilece\u011fini ve ekolojinin monotonluk manas\u0131na gelmedi\u011fini g\u00f6steriyor.\u00a0DS3 Electrum\u2019un elektrikli yap\u0131s\u0131 yenilik\u00e7i ve kesintisiz bir tasar\u0131ma sahip. \u00d6n aks \u00fczerine oturtulan 65 kW\u2019l\u0131k iki motoru arac\u0131n kabin ve bagaj hacmini hi\u00e7bir \u015fekilde daraltm\u0131yor. Bu geli\u015fme mevcut i\u00e7ten yanmal\u0131 ara\u00e7lar\u0131n \u201celektriklenmesini\u201d m\u00fcmk\u00fcn k\u0131l\u0131yor. DS3 Electrum ayr\u0131ca 17,5 kWh kapasiteli lityum kaplamal\u0131 bir Panasonic bataryaya sahip. Klasik yak\u0131t deposu kapa\u011f\u0131n\u0131n alt k\u0131sm\u0131nda yar\u0131m saat i\u00e7erisinde %80 oran\u0131nda \u015farj etme imk\u00e2n\u0131 tan\u0131yan h\u0131zl\u0131 \u015farj istasyonlar\u0131na ba\u011flanmay\u0131 kolayla\u015ft\u0131ran bir \u015farj soketi bulunuyor.<\/p>\n<p style=\"text-align: left;\"><span class=\"Apple-style-span\" style=\"color: #333399;\"><strong>S\u0131n\u0131rl\u0131 say\u0131da \u00fcretilen Citro\u00ebn DS4 ve DS5 Pure Pearl modelleri \u00a0<\/strong><\/span><\/p>\n<p style=\"text-align: left;\"><strong><\/strong>Citro\u00ebn Paris Fuar\u0131\u2019nda s\u0131n\u0131rl\u0131 say\u0131da \u00fcretilen DS4 ve DS5 Pure Pearl adl\u0131 iki yeni modelinin lansman\u0131n\u0131 da ger\u00e7ekle\u015ftirdi. \u0130ki model de inci gibi parlayan beyaz g\u00f6vde rengi ve parlak krom aksesuarlarla kapl\u0131. Ara\u00e7lar 18 in\u00e7 boyutunda ala\u015f\u0131m jantlara sahip. Pure Pearl serisinin saat kay\u0131\u015f\u0131 tarz\u0131nda Habana deri d\u00f6\u015femelere \u2013 DS serisinin klasik \u00f6zelliklerinden biri &#8211;\u00a0 sahip i\u00e7 k\u0131sm\u0131 olduk\u00e7a etkileyici.\u00a0S\u0131n\u0131rl\u0131 say\u0131da \u00fcretilen bu modeller eMyWay navigasyon sistemi, silecekli ve biXenon farlar, \u00f6n ve arka park sens\u00f6r\u00fc ve Citro\u00ebn eTouch sistemi ile donat\u0131lm\u0131\u015f.\u00a0DS4 Pure Pearl modeli ilk olarak Paris Motorshow\u2019da otomatik vitesli HDi 160 motor ile t\u00fcketiciyle bulu\u015ftu. Dinamik ve zarif \u00f6zellikli g\u00fc\u00e7 \u00fcnitesi geli\u015fmi\u015f, dinamik DS4 modeline m\u00fckemmel uyum sa\u011fl\u0131yor.<\/p>\n<p style=\"text-align: left;\"><span class=\"Apple-style-span\" style=\"color: #ff0000; font-weight: bold;\"><a href=\"https:\/\/www.digitalcarmagazine.com.tr\/Web\/wp-content\/uploads\/1348234144_c_3_picasso_d__s_mekan.jpg\"><img loading=\"lazy\" class=\"alignleft size-medium wp-image-4194\" title=\"Image converted using ifftoany\" src=\"https:\/\/www.digitalcarmagazine.com.tr\/Web\/wp-content\/uploads\/1348234144_c_3_picasso_d__s_mekan-300x212.jpg\" alt=\"\" width=\"300\" height=\"212\" srcset=\"https:\/\/www.digitalcarmagazine.com.tr\/Web\/wp-content\/uploads\/1348234144_c_3_picasso_d__s_mekan-300x212.jpg 300w, https:\/\/www.digitalcarmagazine.com.tr\/Web\/wp-content\/uploads\/1348234144_c_3_picasso_d__s_mekan-1024x723.jpg 1024w\" sizes=\"(max-width: 300px) 100vw, 300px\" \/><\/a>GEN\u0130\u015eLET\u0130LEN VE YEN\u0130LENEN \u00dcR\u00dcN YELPAZES\u0130<\/span><\/p>\n<p style=\"text-align: left;\"><span class=\"Apple-style-span\" style=\"color: #333399;\"><strong>Yeni Citro\u00ebn C3 Picasso, yeni nesil \u201cspace box\u201d<\/strong><\/span><\/p>\n<p style=\"text-align: left;\">Piyasaya \u00e7\u0131kt\u0131\u011f\u0131ndan bu yana 320.000 adedin \u00fczerinde sat\u0131\u015f\u0131 ger\u00e7ekle\u015ftirilen yeni Citro\u00ebn C3 Picasso versiyonu koyu stili ve yenilik\u00e7i tasar\u0131m\u0131 ile di\u011fer modellerden ayr\u0131l\u0131yor.\u00a0Yeni stil \u00f6zellikleri, daha spor bir g\u00f6r\u00fcn\u00fcm kazand\u0131rmas\u0131 amac\u0131yla geli\u015ftirilen LED g\u00fcnd\u00fcz \u0131\u015f\u0131klar\u0131n\u0131n yan\u0131 s\u0131ra \u00fczerinde farkl\u0131 \u015feritler bulunan yeni bir tamponu da i\u00e7eriyor. Sedef beyaz\u0131 ve M\u00fcrekkep mavisi olmak \u00fczere iki g\u00f6vde rengi ile yeni d\u00f6\u015feme se\u00e7enekleri mevcut (. C3 Picasso ayr\u0131ca 15 in\u00e7 ve 16 in\u00e7 ebatlar\u0131nda ala\u015f\u0131m jantlara sahip.\u00a0Yeni C3 Picasso AUX ve USB giri\u015fli eMyWay navigasyon sistemi ile Bluetooth \u00f6zellikli sistemine sahip. Sistem s\u00fcr\u00fcc\u00fcn\u00fcn manevralar\u0131n\u0131 kolayla\u015ft\u0131rmak amac\u0131yla arka g\u00f6r\u00fc\u015f kameras\u0131na ba\u011flanabiliyor. Di\u011fer yeni \u00f6zellikler viraj ayd\u0131nlatmal\u0131 sis lambalar\u0131n\u0131, i\u00e7 y\u00fczeyi elektrokrom kaplamal\u0131 bir dikiz aynas\u0131n\u0131 ve LED ortam \u0131\u015f\u0131\u011f\u0131 bulunan bir \u00f6n tavan konsolunu i\u00e7eriyor.<\/p>\n<p style=\"text-align: left;\"><span class=\"Apple-style-span\" style=\"color: #333399;\"><strong>Citro\u00ebn C4 Aircross, compact SUV\u2019a modern bir yakla\u015f\u0131m<\/strong><\/span><\/p>\n<p style=\"text-align: left;\">Nisan ay\u0131nda lansman\u0131 yap\u0131lan Citro\u00ebn C4 Aircross yeni bir tasar\u0131m kombinasyonu, g\u00fc\u00e7l\u00fc ve zarif g\u00f6r\u00fcn\u00fcmler, teknolojik yenilik ve kapsaml\u0131 bir donan\u0131m yelpazesi arac\u0131l\u0131\u011f\u0131yla klasik compact SUV alg\u0131s\u0131n\u0131 yeniden yorumluyor. \u0130ki veya d\u00f6rt \u00e7eker s\u00fcr\u00fc\u015f \u00f6zelli\u011fi bulunan ve 119 g\/km CO<sub>2<\/sub> sal\u0131n\u0131m\u0131 ger\u00e7ekle\u015ftiren HDi 115 motor se\u00e7enekli bu yeni model, maceran\u0131n g\u00fcnl\u00fck hayat\u0131n bir par\u00e7as\u0131 oldu\u011fu \u00e7a\u011fda\u015f ya\u015fam tarz\u0131na m\u00fckemmel bir \u015fekilde adapte edilmi\u015f.<\/p>\n<p style=\"text-align: left;\"><span class=\"Apple-style-span\" style=\"color: #ff0000; font-weight: bold;\"><a href=\"https:\/\/www.digitalcarmagazine.com.tr\/Web\/wp-content\/uploads\/1348234018_DS3_Cabrio.jpg\"><img loading=\"lazy\" class=\"alignleft size-medium wp-image-4195\" title=\"1348234018_DS3_Cabrio\" src=\"https:\/\/www.digitalcarmagazine.com.tr\/Web\/wp-content\/uploads\/1348234018_DS3_Cabrio-225x300.jpg\" alt=\"\" width=\"225\" height=\"300\" srcset=\"https:\/\/www.digitalcarmagazine.com.tr\/Web\/wp-content\/uploads\/1348234018_DS3_Cabrio-225x300.jpg 225w, https:\/\/www.digitalcarmagazine.com.tr\/Web\/wp-content\/uploads\/1348234018_DS3_Cabrio.jpg 637w\" sizes=\"(max-width: 225px) 100vw, 225px\" \/><\/a>DS SER\u0130S\u0130 \u2013 MARKANIN ULUSLARARASI ALANDAK\u0130 V\u0130TR\u0130N\u0130<\/span><\/p>\n<p style=\"text-align: left;\">DS serisi 250.000 adedin \u00fczerinde ger\u00e7ekle\u015ftirilen ara\u00e7 sat\u0131\u015f\u0131yla ink\u00e2r edilmez bir ba\u015far\u0131 yakalad\u0131. Frans\u0131z tarz\u0131 l\u00fcks anlay\u0131\u015f\u0131n\u0131n bir g\u00f6stergesi olarak, Citro\u00ebn\u2019in h\u0131zla b\u00fcy\u00fcyen uluslararas\u0131 piyasalarda yeni m\u00fc\u015fteriler kazanarak k\u00fcresel marka imaj\u0131n\u0131 sa\u011flamla\u015ft\u0131rmas\u0131n\u0131 sa\u011fl\u0131yor.<strong>\u00a0<\/strong><\/p>\n<h4 style=\"text-align: left;\"><span style=\"color: #ff0000;\">\u00c7EVRESEL HAREKETL\u0130L\u0130\u011eE YEN\u0130 B\u0130R YAKLA\u015eIM \u0130\u00c7\u0130N \u201cCREATIVE TECHNOLOGIE\u201d<\/span><\/h4>\n<p style=\"text-align: left;\"><span class=\"Apple-style-span\" style=\"color: #333399;\"><strong>Yeni benzinli motor se\u00e7enekleri ile verimin artt\u0131r\u0131lmas\u0131<\/strong><\/span><\/p>\n<p style=\"text-align: left;\">Citro\u00ebn, sera gaz\u0131 emisyonunu azalt\u0131m\u0131 konusunda olduk\u00e7a kararl\u0131. Citro\u00ebn, Paris Otomobil Fuar\u0131 ile ayn\u0131 anda PureTech isminde \u00fc\u00e7 silindirli yeni bir benzinli motor serisini lanse etti. 1.0 ve 1,2 litre kapasiteli yeni motorlar\u0131 \u00fcst\u00fcn performans sergiliyor. Maksimum 50 ve 60 kW (68 bhp ve 82 bhp) enerji kullan\u0131m\u0131 ile \u00e7ok d\u00fc\u015f\u00fck miktarlarda yak\u0131t harcayan motorlar 99\u2013104 g\/km CO<sub>2<\/sub> gibi olduk\u00e7a d\u00fc\u015f\u00fck emisyon de\u011ferleri ger\u00e7ekle\u015ftiriyor. Yeni d\u00f6nemde C3 modelinde VTi 68, C3 ve DS3 modellerinde ise VTi 82 g\u00fc\u00e7 \u00fcniteleri kullan\u0131lmas\u0131 planlan\u0131yor.<\/p>\n<p style=\"text-align: left;\"><span class=\"Apple-style-span\" style=\"color: #ff0000; font-weight: bold;\">DAHA TEM\u0130Z D\u0130ZEL MOTORLAR<\/span><\/p>\n<p style=\"text-align: left;\">Citro\u00ebn son derecece tasarruflu, son nesil Stop&amp;Start siteminden olu\u015fan e-HDi micro-hybride teknolojisini i\u00e7eren y\u00fcksek performansl\u0131 HDi motorlaruna sahip modelleri geli\u015ftirip t\u00fcketicilerle bulu\u015fturmaya devam ediyor. Marka bu \u015fekilde bir verimlilik elde etmeye y\u00f6nelik \u00e7al\u0131\u015fmalar\u0131n\u0131 y\u0131llard\u0131r s\u00fcrd\u00fcr\u00fcyor. Partik\u00fcl emisyonlar\u0131n\u0131 azaltmaya y\u00f6nelik Citro\u00ebn, temiz enerji \u00fcretme konusunda \u00f6nc\u00fcl\u00fck ediyor. Citro\u00ebn, DS5 model ara\u00e7lar\u0131nda kulland\u0131\u011f\u0131 Hybrid4 teknolojisi ile bu do\u011frultuda yeni bir ad\u0131m at\u0131yor.<\/p>\n<h4 style=\"text-align: left;\"><span class=\"Apple-style-span\" style=\"color: #ff0000;\"><a href=\"https:\/\/www.digitalcarmagazine.com.tr\/Web\/wp-content\/uploads\/1348234118_numero_9.jpg\"><img loading=\"lazy\" class=\"alignleft size-medium wp-image-4196\" title=\"1348234118_numero_9\" src=\"https:\/\/www.digitalcarmagazine.com.tr\/Web\/wp-content\/uploads\/1348234118_numero_9-300x168.jpg\" alt=\"\" width=\"300\" height=\"168\" srcset=\"https:\/\/www.digitalcarmagazine.com.tr\/Web\/wp-content\/uploads\/1348234118_numero_9-300x168.jpg 300w, https:\/\/www.digitalcarmagazine.com.tr\/Web\/wp-content\/uploads\/1348234118_numero_9-1024x576.jpg 1024w\" sizes=\"(max-width: 300px) 100vw, 300px\" \/><\/a>NUMERO 9 KONSEPT\u0130 DS SER\u0130S\u0130N\u0130N GELECE\u011e\u0130NE I\u015eIK TUTUYOR<\/span><\/h4>\n<p style=\"text-align: left;\">Num\u00e9ro 9 konsepti DS serisi modellerin DNA\u2019s\u0131n\u0131 y\u00fcceltiyor. E\u015fsiz bir yarat\u0131c\u0131 yakla\u015f\u0131m benimseyen ve \u00f6zg\u00fcn bir stile sahip olan Numero 9 zarafeti, ola\u011fan\u00fcst\u00fc malzeme kalitesi, yeni s\u00fcr\u00fc\u015f deneyimi ve g\u00fcnl\u00fck kullan\u0131m kolayl\u0131\u011f\u0131 ile dikkat \u00e7ekiyor. Dikkat \u00e7ekici g\u00f6vde stili elit\u00a0 tan\u0131m\u0131na yeni bir yorum kat\u0131yor ve arac\u0131n \u00f6n k\u0131sm\u0131na yeni bir kimlik kazand\u0131r\u0131yor. DS serisi ara\u00e7lar\u0131n gelece\u011fine \u0131\u015f\u0131k tutan Num\u00e9ro 9: Premium \u00f6zellikli C-segmenti bir sedan, bir SUV ve son teknoloji \u00fcr\u00fcn\u00fc D-segmenti yeni bir model.\u00a0Num\u00e9ro 9 cesur, y\u00fcksek standartl\u0131 ve yarat\u0131c\u0131 tasar\u0131m\u0131n\u0131n yan\u0131 s\u0131ra teknoloji bak\u0131m\u0131ndan da en iyi \u00f6zelliklere sahip. Elektrikli bir hibrid sistemle \u00e7al\u0131\u015fan ve elektrikli modda 50 km\u2019ye kadar m\u00fckemmel bir performans sergileyen ara\u00e7 295 bhp ve 39 g\/km CO<sub>2<\/sub> emisyonu ger\u00e7ekle\u015ftiriyor.<\/p>\n<p style=\"text-align: left;\">\u00a0Citro\u00ebn, Paris Otomobil Fuar\u0131 i\u00e7in konsept ara\u00e7lara da monte edilebilecek \u00f6zellikte yeni teknolojiler geli\u015ftirdi:<\/p>\n<p style=\"text-align: left;\">\u2014 \u00d6ndeki araca \u00e7ok fazla yakla\u015fan s\u00fcr\u00fcc\u00fcleri uyar\u0131p \u00e7arpma riskini azaltmak amac\u0131yla Num\u00e9ro 9 model ara\u00e7lar\u0131n arka k\u0131sm\u0131na bir hologram yans\u0131tan holografik lamba.<\/p>\n<p style=\"text-align: left;\">\u2014 Arac\u0131n \u00f6n ve arka k\u0131sm\u0131na yerle\u015ftirilen 180\u00b0\u2019lik iki kamera sayesinde elde edilen g\u00f6r\u00fcnt\u00fcleri kullanan \u00f6n ve arka park sens\u00f6r\u00fc.<\/p>\n<p style=\"text-align: left;\">\u2014 Yayalar ve ara\u00e7lar gibi hareket halindeki ve sabit nesneleri alg\u0131layarak \u00e7arpmay\u0131 \u00f6nlemek i\u00e7in arac\u0131 otomatik olarak durduran \u0131\u015f\u0131kl\u0131 ve optik alg\u0131lama teknolojisi ile kameray\u0131 birle\u015ftiren bir g\u00fcvenlik sistemi.<\/p>\n","protected":false},"excerpt":{"rendered":"<p>CITRO\u00cbN, Paris Otomobil Fuar\u0131\u2019nda sergiledi\u011fi yenilikleriyle kendi evinde fark yaratarak uluslararas\u0131 pazara daha fazla y\u00f6nelme d\u00fc\u015f\u00fcncesinin ilk \u00f6rneklerini sergiledi. \u0130lk \u00a0kez Paris\u2019te medya mensuplar\u0131n\u0131n kar\u015f\u0131s\u0131na \u00e7\u0131kan yeni sedan\u0131 C-Elys\u00e9e\u2019\u0131n\u00a0 yan\u0131 s\u0131ra DS serisinin \u00f6zel serileri CITRO\u00cbN stand\u0131nda yer ald\u0131. Ayr\u0131ca segmentindeki tek 5 ki\u015filik cabrio ara\u00e7 olan DS3 CABRIO da Paris Otomobil Fuar\u0131\u2019ndaki \u00a0CITRO\u00cbN yeniliklerinden [&hellip;]<\/p>\n","protected":false},"author":1,"featured_media":0,"comment_status":"open","ping_status":"open","sticky":false,"template":"","format":"standard","meta":[],"categories":[1],"tags":[],"_links":{"self":[{"href":"https:\/\/www.digitalcarmagazine.com.tr\/Web\/wp-json\/wp\/v2\/posts\/4189"}],"collection":[{"href":"https:\/\/www.digitalcarmagazine.com.tr\/Web\/wp-json\/wp\/v2\/posts"}],"about":[{"href":"https:\/\/www.digitalcarmagazine.com.tr\/Web\/wp-json\/wp\/v2\/types\/post"}],"author":[{"embeddable":true,"href":"https:\/\/www.digitalcarmagazine.com.tr\/Web\/wp-json\/wp\/v2\/users\/1"}],"replies":[{"embeddable":true,"href":"https:\/\/www.digitalcarmagazine.com.tr\/Web\/wp-json\/wp\/v2\/comments?post=4189"}],"version-history":[{"count":3,"href":"https:\/\/www.digitalcarmagazine.com.tr\/Web\/wp-json\/wp\/v2\/posts\/4189\/revisions"}],"predecessor-version":[{"id":4273,"href":"https:\/\/www.digitalcarmagazine.com.tr\/Web\/wp-json\/wp\/v2\/posts\/4189\/revisions\/4273"}],"wp:attachment":[{"href":"https:\/\/www.digitalcarmagazine.com.tr\/Web\/wp-json\/wp\/v2\/media?parent=4189"}],"wp:term":[{"taxonomy":"category","embeddable":true,"href":"https:\/\/www.digitalcarmagazine.com.tr\/Web\/wp-json\/wp\/v2\/categories?post=4189"},{"taxonomy":"post_tag","embeddable":true,"href":"https:\/\/www.digitalcarmagazine.com.tr\/Web\/wp-json\/wp\/v2\/tags?post=4189"}],"curies":[{"name":"wp","href":"https:\/\/api.w.org\/{rel}","templated":true}]}}