{"id":4180,"date":"2012-09-28T15:33:58","date_gmt":"2012-09-28T15:33:58","guid":{"rendered":"http:\/\/www.digitalcarmagazine.com.tr\/Web\/?p=4180"},"modified":"2012-09-28T15:33:58","modified_gmt":"2012-09-28T15:33:58","slug":"infinitiye-pariste-elektrikli-sedanini-tanitti","status":"publish","type":"post","link":"https:\/\/www.digitalcarmagazine.com.tr\/Web\/infinitiye-pariste-elektrikli-sedanini-tanitti\/","title":{"rendered":"INFINITI&#8217;ye Paris&#8217;te elektrikli sedan\u0131n\u0131 tan\u0131tt\u0131!"},"content":{"rendered":"<h3 style=\"text-align: left;\" align=\"center\">Ge\u00e7ti\u011fimiz y\u0131l New York Otomobil Fuar\u0131\u2019nda g\u00fcn y\u00fcz\u00fcne \u00e7\u0131kan ve Infiniti tutkunlar\u0131n\u0131n b\u00fcy\u00fck be\u011fenisini kazanan INFINITI\u2019nin elektrikli kompakt sedan\u0131 LE Concept\u2019in Avrupa Lansman\u0131 Paris Otomobil Fuar\u0131\u2019nda ger\u00e7ekle\u015fti. S\u0131ra d\u0131\u015f\u0131 tarz\u0131 ve geli\u015fmi\u015f teknolojisinin yan\u0131 s\u0131ra performanstan \u00f6d\u00fcn vermeyen duru\u015fuyla da dikkatleri \u00e7eken LE Concept\u2019in iki y\u0131l i\u00e7inde yollara \u00e7\u0131kmas\u0131 bekleniyor.<\/h3>\n<p style=\"text-align: left;\"><span class=\"Apple-style-span\" style=\"color: #ff0000; font-weight: bold;\"><a href=\"https:\/\/www.digitalcarmagazine.com.tr\/Web\/wp-content\/uploads\/1346394770_LE_Concept_016_hires.jpg\"><img loading=\"lazy\" class=\"alignleft size-medium wp-image-4181\" title=\"1346394770_LE_Concept_016_hires\" src=\"https:\/\/www.digitalcarmagazine.com.tr\/Web\/wp-content\/uploads\/1346394770_LE_Concept_016_hires-300x199.jpg\" alt=\"\" width=\"300\" height=\"199\" srcset=\"https:\/\/www.digitalcarmagazine.com.tr\/Web\/wp-content\/uploads\/1346394770_LE_Concept_016_hires-300x199.jpg 300w, https:\/\/www.digitalcarmagazine.com.tr\/Web\/wp-content\/uploads\/1346394770_LE_Concept_016_hires-1024x681.jpg 1024w\" sizes=\"(max-width: 300px) 100vw, 300px\" \/><\/a>INFINITI\u2019nin fuarda sergilenen di\u011fer modelleri aras\u0131nda ise; INFINITI EMERG-E, Infiniti M35 HYBRID ve Infiniti FX Vettel Edition RBR F1\u2122 bulunuyor.<\/span><\/p>\n<p style=\"text-align: left;\">2011\u2019de New York Uluslararas\u0131 Otomobil Fuar\u0131\u2019nda ilk kez tan\u0131t\u0131lan ve otomobil tutkunlar\u0131n\u0131n b\u00fcy\u00fck be\u011fenisini kazanan Infiniti\u2019nin l\u00fcks sedan\u0131\u00a0 \u2018LE Concept\u2019 bu kez Paris Otomobil Fuar\u0131\u2019nda lanse edildi. S\u00fcr\u00fc\u015f performans\u0131n\u0131 \u00e7arp\u0131c\u0131 ve zarif bir tasar\u0131mla harmanlayarak sedan g\u00f6vdesini s\u0131f\u0131r emisyonla birle\u015ftiren \u2018LE Concept\u2019 iki y\u0131l i\u00e7inde piyasaya \u00e7\u0131kmaya haz\u0131rlan\u0131yor.\u00a0Performansla ruhun m\u00fckemmel uyumunu bir arada sunan Premium otomobil markas\u0131 Infiniti\u2019nin en be\u011fenilen modelleri Paris Otomobil Fuar\u0131\u2019nda Infiniti tutkunlar\u0131 ile bulu\u015fuyor.<\/p>\n<p style=\"text-align: left;\"><span class=\"Apple-style-span\" style=\"color: #ff0000; font-weight: bold;\">Dinamik l\u00fcks\u00fcn yeni adresi \u2018INFINITI LE Concept\u2019<\/span><\/p>\n<p style=\"text-align: left;\">S\u0131ra d\u0131\u015f\u0131 h\u0131zlanma ve ivme kazanma performas\u0131na sahip olan Infiniti LE Concept, en son teknolojiye sahip kompakt lityum-iyon batarya teknolojisi ve Ak\u0131ll\u0131 Park Destek \u00f6zelli\u011fine sahip yenilik\u00e7i ev tabanl\u0131 Kablosuz \u015earj Sistemi\u2019yle de g\u00f6z dolduruyor.\u00a0Infiniti G Sedan modeliyle neredeyse ayn\u0131 uzunlukta olan Infiniti LE Concept geni\u015flikten ve konfordan hi\u00e7bir \u015fekilde taviz verilmeden tasarland\u0131. \u00d6n k\u0131s\u0131mda bulunan iki kubbeli \u0131zgarada yer alan ayd\u0131nlat\u0131lm\u0131\u015f Infiniti amblemi alt\u0131nda gizli \u015farj portu yer al\u0131yor. LED \u00f6n farlar ve arka lambalar da Infiniti\u2019nin en yeni konsept tasar\u0131m\u0131n\u0131n bir yans\u0131mas\u0131 olarak g\u00f6r\u00fcl\u00fcyor. \u00a0L\u00fcks bir otomobilin de g\u00f6rkemli ve s\u0131f\u0131r emisyonlu olabilece\u011fini kan\u0131tlayan \u201cInfiniti LE Concept\u201din kabini yeni nesil ayg\u0131tlarla donat\u0131lm\u0131\u015f. Kabinin yumu\u015fak kaplamas\u0131, m\u00fckemmel g\u00f6r\u00fc\u015f a\u00e7\u0131s\u0131, ferahl\u0131\u011f\u0131 benzersiz bir l\u00fcks duygusu ya\u015fat\u0131yor.\u00a0Aerodinamik \u00f6zelli\u011fe sahip al\u00fcminyum ala\u015f\u0131m jantlar, y\u00fcksek arka platform, arka egzoz \u00e7\u0131k\u0131\u015f\u0131 ve entegre ayd\u0131nlatmal\u0131 y\u00fczge\u00e7 tipi yan r\u00fczgarl\u0131klar gibi \u00e7ok say\u0131da tasar\u0131m \u00f6\u011fesi, arac\u0131n s\u00fcrt\u00fcnme katsay\u0131s\u0131n\u0131n 0.25 seviyesinde olmas\u0131na katk\u0131 sa\u011flayarak s\u00fcr\u00fc\u015f menzilini art\u0131r\u0131yor. Arac\u0131n \u015farj \u00fcnitesi \u00f6n \u0131zgaradaki \u0131\u015f\u0131kl\u0131 Infiniti logosunun arkas\u0131na gizlenmi\u015f. Derin etekli \u00f6n y\u00fczde y\u00fczge\u00e7 tipi, ayd\u0131nlatmal\u0131 bir aerodinamik r\u00fczgarl\u0131k yer al\u0131yor.<\/p>\n<p style=\"text-align: left;\"><span class=\"Apple-style-span\" style=\"color: #ff0000; font-weight: bold;\"><a href=\"https:\/\/www.digitalcarmagazine.com.tr\/Web\/wp-content\/uploads\/1346394762_LE_Concept_010_hires.jpg\"><img loading=\"lazy\" class=\"alignleft size-medium wp-image-4182\" title=\"1346394762_LE_Concept_010_hires\" src=\"https:\/\/www.digitalcarmagazine.com.tr\/Web\/wp-content\/uploads\/1346394762_LE_Concept_010_hires-300x199.jpg\" alt=\"\" width=\"300\" height=\"199\" srcset=\"https:\/\/www.digitalcarmagazine.com.tr\/Web\/wp-content\/uploads\/1346394762_LE_Concept_010_hires-300x199.jpg 300w, https:\/\/www.digitalcarmagazine.com.tr\/Web\/wp-content\/uploads\/1346394762_LE_Concept_010_hires-1024x681.jpg 1024w\" sizes=\"(max-width: 300px) 100vw, 300px\" \/><\/a>Mesafeden \u00f6d\u00fcn vermeksizin etkileyici bir h\u0131zlanma performans\u0131<\/span><\/p>\n<p style=\"text-align: left;\">Konforun ve performans\u0131n bir araya getirildi\u011fi Infiniti LE Concept co\u015fkulu ve hareketli bir ara\u00e7 olarak tasarland\u0131. Menzilden taviz verilmeden etkileyici bir h\u0131zlanma performans\u0131 elde eden LE Concept modelinde, otomobilin elektrikli g\u00fc\u00e7 aktarma organ\u0131n\u0131n hem s\u0131f\u0131rdan h\u0131zlanmas\u0131 hem de ivmelenme esnas\u0131nda sessiz ve sars\u0131nt\u0131s\u0131z bir \u015fekilde performans sergilemesi sa\u011flan\u0131yor.\u00a0134 beygir g\u00fcc\u00fcnde ve 240 Nm tork \u00fcreten 100 kW kapasiteli y\u00fcksek performansl\u0131 senkron elektrik motoruna sahip olan Infiniti LE Consept otomobilinde, 30 dakikada y\u00fczde 80 \u015farj sa\u011flayabilen ChaDeMo DC50kW h\u0131zl\u0131 \u015farj sistemi kullan\u0131l\u0131yor. Ba\u015far\u0131s\u0131 kan\u0131tlanm\u0131\u015f lamine 24 kWh lityum-iyon (Li-ion) tasar\u0131ml\u0131 bir batarya sistemi de kullan\u0131l\u0131yor. Bu sistemde, end\u00fcktif enerji ak\u0131\u015f\u0131 ile bataryay\u0131 \u015farj etmek i\u00e7in \u015farj rampas\u0131na tak\u0131l\u0131 bir bobin kullan\u0131l\u0131yor. Ak\u0131ll\u0131 Park Yard\u0131m\u0131 \u00f6zelli\u011fi, optimum \u015farj ve s\u00fcr\u00fcc\u00fcn\u00fcn g\u00fcvenli \u015fekilde hareket edebilmesi i\u00e7in kablosuz olarak arac\u0131 \u015farj rampas\u0131 ile otomatik olarak birle\u015ftiriyor. Arac\u0131n ekran\u0131 veya ak\u0131ll\u0131 bir telefon arac\u0131l\u0131\u011f\u0131yla kontrol edilen y\u00fcksek frekansl\u0131 ve temass\u0131z \u015farj, \u00e7ocuklar ve evcil hayvanlar i\u00e7in olduk\u00e7a g\u00fcvenli olurken ev garaj\u0131na da kolay bir \u015fekilde kurulabiliyor.<\/p>\n<p style=\"text-align: left;\"><a href=\"https:\/\/www.digitalcarmagazine.com.tr\/Web\/wp-content\/uploads\/1346394750_LE_Concept_019_hires.jpg\"><img loading=\"lazy\" class=\"alignleft size-medium wp-image-4183\" title=\"Infiniti LE Concept\" src=\"https:\/\/www.digitalcarmagazine.com.tr\/Web\/wp-content\/uploads\/1346394750_LE_Concept_019_hires-300x200.jpg\" alt=\"\" width=\"300\" height=\"200\" srcset=\"https:\/\/www.digitalcarmagazine.com.tr\/Web\/wp-content\/uploads\/1346394750_LE_Concept_019_hires-300x200.jpg 300w, https:\/\/www.digitalcarmagazine.com.tr\/Web\/wp-content\/uploads\/1346394750_LE_Concept_019_hires-1024x682.jpg 1024w\" sizes=\"(max-width: 300px) 100vw, 300px\" \/><\/a><\/p>\n","protected":false},"excerpt":{"rendered":"<p>Ge\u00e7ti\u011fimiz y\u0131l New York Otomobil Fuar\u0131\u2019nda g\u00fcn y\u00fcz\u00fcne \u00e7\u0131kan ve Infiniti tutkunlar\u0131n\u0131n b\u00fcy\u00fck be\u011fenisini kazanan INFINITI\u2019nin elektrikli kompakt sedan\u0131 LE Concept\u2019in Avrupa Lansman\u0131 Paris Otomobil Fuar\u0131\u2019nda ger\u00e7ekle\u015fti. S\u0131ra d\u0131\u015f\u0131 tarz\u0131 ve geli\u015fmi\u015f teknolojisinin yan\u0131 s\u0131ra performanstan \u00f6d\u00fcn vermeyen duru\u015fuyla da dikkatleri \u00e7eken LE Concept\u2019in iki y\u0131l i\u00e7inde yollara \u00e7\u0131kmas\u0131 bekleniyor. INFINITI\u2019nin fuarda sergilenen di\u011fer modelleri [&hellip;]<\/p>\n","protected":false},"author":1,"featured_media":0,"comment_status":"open","ping_status":"open","sticky":false,"template":"","format":"standard","meta":[],"categories":[1],"tags":[],"_links":{"self":[{"href":"https:\/\/www.digitalcarmagazine.com.tr\/Web\/wp-json\/wp\/v2\/posts\/4180"}],"collection":[{"href":"https:\/\/www.digitalcarmagazine.com.tr\/Web\/wp-json\/wp\/v2\/posts"}],"about":[{"href":"https:\/\/www.digitalcarmagazine.com.tr\/Web\/wp-json\/wp\/v2\/types\/post"}],"author":[{"embeddable":true,"href":"https:\/\/www.digitalcarmagazine.com.tr\/Web\/wp-json\/wp\/v2\/users\/1"}],"replies":[{"embeddable":true,"href":"https:\/\/www.digitalcarmagazine.com.tr\/Web\/wp-json\/wp\/v2\/comments?post=4180"}],"version-history":[{"count":1,"href":"https:\/\/www.digitalcarmagazine.com.tr\/Web\/wp-json\/wp\/v2\/posts\/4180\/revisions"}],"predecessor-version":[{"id":4184,"href":"https:\/\/www.digitalcarmagazine.com.tr\/Web\/wp-json\/wp\/v2\/posts\/4180\/revisions\/4184"}],"wp:attachment":[{"href":"https:\/\/www.digitalcarmagazine.com.tr\/Web\/wp-json\/wp\/v2\/media?parent=4180"}],"wp:term":[{"taxonomy":"category","embeddable":true,"href":"https:\/\/www.digitalcarmagazine.com.tr\/Web\/wp-json\/wp\/v2\/categories?post=4180"},{"taxonomy":"post_tag","embeddable":true,"href":"https:\/\/www.digitalcarmagazine.com.tr\/Web\/wp-json\/wp\/v2\/tags?post=4180"}],"curies":[{"name":"wp","href":"https:\/\/api.w.org\/{rel}","templated":true}]}}