{"id":3638,"date":"2012-09-16T11:48:22","date_gmt":"2012-09-16T11:48:22","guid":{"rendered":"http:\/\/www.digitalcarmagazine.com.tr\/Web\/?p=3638"},"modified":"2012-09-19T15:12:34","modified_gmt":"2012-09-19T15:12:34","slug":"the-beetle-ipadlerden-siparis-aliyor","status":"publish","type":"post","link":"https:\/\/www.digitalcarmagazine.com.tr\/Web\/the-beetle-ipadlerden-siparis-aliyor\/","title":{"rendered":"The Beetle, iPad&#8217;lerden sipari\u015f al\u0131yor!"},"content":{"rendered":"<p style=\"text-align: left;\" align=\"center\"><span class=\"Apple-style-span\" style=\"font-size: 15px; font-weight: bold;\">Otomobil tarihinin efsane modelleri aras\u0131nda yer alan Volkswagen\u2019in Beetle modelinin tamamen yenilenmi\u015f hali \u2018The Beetle\u2019, Ekim ay\u0131ndan itibaren T\u00fcrkiye\u2019de sat\u0131\u015fa sunuluyor.\u00a0<\/span><\/p>\n<p style=\"text-align: left;\" align=\"center\"><a href=\"https:\/\/www.digitalcarmagazine.com.tr\/Web\/wp-content\/uploads\/1347619481_The_Beetle_008.jpg\"><img loading=\"lazy\" class=\"alignleft size-medium wp-image-3639\" title=\"1347619481_The_Beetle_008\" src=\"https:\/\/www.digitalcarmagazine.com.tr\/Web\/wp-content\/uploads\/1347619481_The_Beetle_008-300x262.jpg\" alt=\"\" width=\"300\" height=\"262\" srcset=\"https:\/\/www.digitalcarmagazine.com.tr\/Web\/wp-content\/uploads\/1347619481_The_Beetle_008-300x262.jpg 300w, https:\/\/www.digitalcarmagazine.com.tr\/Web\/wp-content\/uploads\/1347619481_The_Beetle_008-1024x896.jpg 1024w\" sizes=\"(max-width: 300px) 100vw, 300px\" \/><\/a>T\u00fcm Volkswagen yetkili sat\u0131c\u0131lar\u0131nda \u00f6n sipari\u015fleri al\u0131nmaya ba\u015flanan \u2018The Beetle\u2019, Volkswagen Binek Ara\u00e7 taraf\u0131ndan geli\u015ftirilen bir iPad uygulamas\u0131yla da \u00f6n sipari\u015f edilebiliyor.\u00a0T\u00fcrkiye\u2019de ilk olarak 1,4 TSI 160 PS ve 1,2 TSI 105 PS motor se\u00e7enekleriyle sat\u0131\u015fa sunulacak olan \u2018The Beetle\u2019, 22 bin 900 Euro\u2019dan ba\u015flayan fiyatlarla al\u0131nabilecek.<\/p>\n<p style=\"text-align: left;\" align=\"center\">T\u00fcm d\u00fcnyan\u0131n en be\u011fendi\u011fi ve t\u00fcketicisinin duygusal ba\u011f kurdu\u011fu otomobillerden biri olarak otomotiv tarihinde \u00f6nemli bir yere sahip Beetle\u2019\u0131n yenilenmi\u015f hali \u2018The Beetle\u2019 Ekim ay\u0131ndan itibaren sat\u0131\u015fa sunuluyor.\u00a0T\u00fcrkiye\u2019de de son derece sevilen ve \u00f6zel bir m\u00fc\u015fteri grubuna, hatta fan kul\u00fcplerine sahip neredeyse ilk model olan Beetle\u2019\u0131n yenilenmi\u015f hali i\u00e7in sipari\u015f al\u0131nmaya ba\u015fland\u0131.\u00a0T\u00fcrkiye\u2019de ilk planda DSG \u015fanz\u0131mana sahip 1,4 TSI 160 PS ve hem DSG hem de manuel \u015fanz\u0131manla sunulacak 1,2 TSI 105 PS\u2019lik versiyonlar\u0131yla yer alacak \u2018The Beetle\u2019, 22 bin 900 Euro\u2019dan ba\u015flayan fiyatlarla al\u0131nabilecek.<\/p>\n<p style=\"text-align: left;\"><span class=\"Apple-style-span\" style=\"color: #ff0000; font-weight: bold;\">Farkl\u0131 modele, farkl\u0131 uygulama; The Beetle iPad\u2019ten sipari\u015f edilebilecek<\/span><\/p>\n<p style=\"text-align: left;\">Pazarlama \u00e7al\u0131\u015fmalar\u0131na entegre etti\u011fi dijital uygulamalarla fark yaratan Volkswagen Binek Ara\u00e7, \u2018The Beetle\u2019 i\u00e7in de s\u0131rad\u0131\u015f\u0131 uygulamalar ger\u00e7ekle\u015ftiriyor. Bunlardan ilki, \u2018The Beetle\u2019 i\u00e7in haz\u0131rlanan iPad uygulamas\u0131; uygulamada modelle ilgili t\u00fcm yenilikler, \u00f6zellikler, donan\u0131m detaylar\u0131 ve merak edilen her \u015fey iPad \u00fczerinden e\u011flenceli bir \u015fekilde kullan\u0131c\u0131ya aktar\u0131l\u0131yor. Ayr\u0131ca ara\u00e7 olu\u015fturucu \u00f6zelli\u011fi sayesinde istenilen renk ve jant se\u00e7ene\u011fi kullanarak kullan\u0131c\u0131ya \u00f6zel Beetle olu\u015fturulabiliyor ve Facebook, Twitter gibi sosya mecralarda payla\u015f\u0131labiliyor. Uygulama i\u00e7erisinden Yetkili Sat\u0131c\u0131lara y\u00f6nlendirme yap\u0131larak \u00f6n sipari\u015f verilebiliyor.<\/p>\n<h4 style=\"text-align: left;\"><span style=\"color: #ff0000;\"><a href=\"https:\/\/www.digitalcarmagazine.com.tr\/Web\/wp-content\/uploads\/1347619466_The_Beetle_002.jpg\"><img loading=\"lazy\" class=\"alignleft size-medium wp-image-3640\" title=\"1347619466_The_Beetle_002\" src=\"https:\/\/www.digitalcarmagazine.com.tr\/Web\/wp-content\/uploads\/1347619466_The_Beetle_002-300x267.jpg\" alt=\"\" width=\"300\" height=\"267\" srcset=\"https:\/\/www.digitalcarmagazine.com.tr\/Web\/wp-content\/uploads\/1347619466_The_Beetle_002-300x267.jpg 300w, https:\/\/www.digitalcarmagazine.com.tr\/Web\/wp-content\/uploads\/1347619466_The_Beetle_002-1024x913.jpg 1024w\" sizes=\"(max-width: 300px) 100vw, 300px\" \/><\/a>Tasar\u0131m\u0131, fiyat\u0131, donan\u0131mlar\u0131yla son derece iddial\u0131<\/span><\/h4>\n<p style=\"text-align: left;\">Beetle, standart olarak sundu\u011fu donan\u0131m \u00f6zellikleriyle de son derece iddial\u0131; Beetle ve Design olmak \u00fczere iki farkl\u0131 donan\u0131m seviyesinde sunulacak olan \u2018The Beetle\u2019\u0131n 1.4 TSI 160 PS DSG versiyonu sadece Design donan\u0131m seviyesiyle, 1.2 TSI 105 PS ise her iki donan\u0131m seviyesiyle yer alacak.\u00a0Beetle donan\u0131m seviyesinde, 16\u201d Whirl al\u00fcminyum ala\u015f\u0131ml\u0131 jantlar, \u00f6n\/arka park sens\u00f6rleri, lastik bas\u0131n\u00e7 uyar\u0131s\u0131 gibi \u00f6zellikleri i\u00e7eren Teknoloji Paketi, \u00f6n kol dayama, h\u0131z sabitleyici, Klimatik gibi \u00f6zellikleri i\u00e7eren Konfor Paketi ve RCD 310 standart olarak sunuluyor.\u00a0Design donan\u0131m seviyesinde ise, 17\u201d Rotor al\u00fcminyum ala\u015f\u0131ml\u0131 jantlar, %65 karart\u0131lm\u0131\u015f arka ve arka yan camlar, ya\u011fmur\/far sens\u00f6r\u00fc, kararan i\u00e7 dikiz aynas\u0131 gibi \u00f6zellikleri kapsayan I\u015f\u0131k ve G\u00f6r\u00fc\u015f Paketi, turbo bas\u0131nc\u0131, ya\u011f s\u0131cakl\u0131\u011f\u0131 ve kronometre gibi \u00f6zelliklerin yer ald\u0131\u011f\u0131 Ek g\u00f6sterge paneli, 3 renkli ambiyans ayd\u0131nlatma ve RCD 510 standart olarak sunuluyor. Design donan\u0131m seviyesinde ayr\u0131ca sadece 1.4 lt TSI 160 PS versiyonda standart olarak yer alacak arka spoyler de mevcut.<\/p>\n<div id='gallery-1' class='gallery galleryid-3638 gallery-columns-4 gallery-size-thumbnail'><figure class='gallery-item'>\n\t\t\t<div class='gallery-icon landscape'>\n\t\t\t\t<a href='https:\/\/www.digitalcarmagazine.com.tr\/Web\/the-beetle-ipadlerden-siparis-aliyor\/vw-3\/'><img width=\"150\" height=\"150\" src=\"https:\/\/www.digitalcarmagazine.com.tr\/Web\/wp-content\/uploads\/vw1-150x150.jpg\" class=\"attachment-thumbnail size-thumbnail\" alt=\"\" loading=\"lazy\" \/><\/a>\n\t\t\t<\/div><\/figure><figure class='gallery-item'>\n\t\t\t<div class='gallery-icon landscape'>\n\t\t\t\t<a href='https:\/\/www.digitalcarmagazine.com.tr\/Web\/the-beetle-ipadlerden-siparis-aliyor\/1347619486_the_beetle_010\/'><img width=\"150\" height=\"150\" src=\"https:\/\/www.digitalcarmagazine.com.tr\/Web\/wp-content\/uploads\/1347619486_The_Beetle_010-150x150.jpg\" class=\"attachment-thumbnail size-thumbnail\" alt=\"\" loading=\"lazy\" \/><\/a>\n\t\t\t<\/div><\/figure><figure class='gallery-item'>\n\t\t\t<div class='gallery-icon landscape'>\n\t\t\t\t<a href='https:\/\/www.digitalcarmagazine.com.tr\/Web\/the-beetle-ipadlerden-siparis-aliyor\/1347619483_the_beetle_009\/'><img width=\"150\" height=\"150\" src=\"https:\/\/www.digitalcarmagazine.com.tr\/Web\/wp-content\/uploads\/1347619483_The_Beetle_009-150x150.jpg\" class=\"attachment-thumbnail size-thumbnail\" alt=\"\" loading=\"lazy\" \/><\/a>\n\t\t\t<\/div><\/figure><figure class='gallery-item'>\n\t\t\t<div class='gallery-icon landscape'>\n\t\t\t\t<a href='https:\/\/www.digitalcarmagazine.com.tr\/Web\/the-beetle-ipadlerden-siparis-aliyor\/1347619481_the_beetle_008\/'><img width=\"150\" height=\"150\" src=\"https:\/\/www.digitalcarmagazine.com.tr\/Web\/wp-content\/uploads\/1347619481_The_Beetle_008-150x150.jpg\" class=\"attachment-thumbnail size-thumbnail\" alt=\"\" loading=\"lazy\" \/><\/a>\n\t\t\t<\/div><\/figure><figure class='gallery-item'>\n\t\t\t<div class='gallery-icon landscape'>\n\t\t\t\t<a href='https:\/\/www.digitalcarmagazine.com.tr\/Web\/the-beetle-ipadlerden-siparis-aliyor\/1347619481_the_beetle_008-2\/'><img width=\"150\" height=\"150\" src=\"https:\/\/www.digitalcarmagazine.com.tr\/Web\/wp-content\/uploads\/1347619481_The_Beetle_0081-150x150.jpg\" class=\"attachment-thumbnail size-thumbnail\" alt=\"\" loading=\"lazy\" \/><\/a>\n\t\t\t<\/div><\/figure><figure class='gallery-item'>\n\t\t\t<div class='gallery-icon landscape'>\n\t\t\t\t<a href='https:\/\/www.digitalcarmagazine.com.tr\/Web\/the-beetle-ipadlerden-siparis-aliyor\/1347619478_the_beetle_007\/'><img width=\"150\" height=\"150\" src=\"https:\/\/www.digitalcarmagazine.com.tr\/Web\/wp-content\/uploads\/1347619478_The_Beetle_007-150x150.jpg\" class=\"attachment-thumbnail size-thumbnail\" alt=\"\" loading=\"lazy\" \/><\/a>\n\t\t\t<\/div><\/figure><figure class='gallery-item'>\n\t\t\t<div class='gallery-icon landscape'>\n\t\t\t\t<a href='https:\/\/www.digitalcarmagazine.com.tr\/Web\/the-beetle-ipadlerden-siparis-aliyor\/1347619476_the_beetle_006\/'><img width=\"150\" height=\"150\" src=\"https:\/\/www.digitalcarmagazine.com.tr\/Web\/wp-content\/uploads\/1347619476_The_Beetle_006-150x150.jpg\" class=\"attachment-thumbnail size-thumbnail\" alt=\"\" loading=\"lazy\" \/><\/a>\n\t\t\t<\/div><\/figure><figure class='gallery-item'>\n\t\t\t<div class='gallery-icon landscape'>\n\t\t\t\t<a href='https:\/\/www.digitalcarmagazine.com.tr\/Web\/the-beetle-ipadlerden-siparis-aliyor\/1347619473_the_beetle_005\/'><img width=\"150\" height=\"150\" src=\"https:\/\/www.digitalcarmagazine.com.tr\/Web\/wp-content\/uploads\/1347619473_The_Beetle_005-150x150.jpg\" class=\"attachment-thumbnail size-thumbnail\" alt=\"\" loading=\"lazy\" \/><\/a>\n\t\t\t<\/div><\/figure><figure class='gallery-item'>\n\t\t\t<div class='gallery-icon landscape'>\n\t\t\t\t<a href='https:\/\/www.digitalcarmagazine.com.tr\/Web\/the-beetle-ipadlerden-siparis-aliyor\/1347619471_the_beetle_004\/'><img width=\"150\" height=\"150\" src=\"https:\/\/www.digitalcarmagazine.com.tr\/Web\/wp-content\/uploads\/1347619471_The_Beetle_004-150x150.jpg\" class=\"attachment-thumbnail size-thumbnail\" alt=\"\" loading=\"lazy\" \/><\/a>\n\t\t\t<\/div><\/figure><figure class='gallery-item'>\n\t\t\t<div class='gallery-icon landscape'>\n\t\t\t\t<a href='https:\/\/www.digitalcarmagazine.com.tr\/Web\/the-beetle-ipadlerden-siparis-aliyor\/1347619468_the_beetle_003\/'><img width=\"150\" height=\"150\" src=\"https:\/\/www.digitalcarmagazine.com.tr\/Web\/wp-content\/uploads\/1347619468_The_Beetle_003-150x150.jpg\" class=\"attachment-thumbnail size-thumbnail\" alt=\"\" loading=\"lazy\" \/><\/a>\n\t\t\t<\/div><\/figure><figure class='gallery-item'>\n\t\t\t<div class='gallery-icon landscape'>\n\t\t\t\t<a href='https:\/\/www.digitalcarmagazine.com.tr\/Web\/the-beetle-ipadlerden-siparis-aliyor\/1347619466_the_beetle_002\/'><img width=\"150\" height=\"150\" src=\"https:\/\/www.digitalcarmagazine.com.tr\/Web\/wp-content\/uploads\/1347619466_The_Beetle_002-150x150.jpg\" class=\"attachment-thumbnail size-thumbnail\" alt=\"\" loading=\"lazy\" \/><\/a>\n\t\t\t<\/div><\/figure><figure class='gallery-item'>\n\t\t\t<div class='gallery-icon landscape'>\n\t\t\t\t<a href='https:\/\/www.digitalcarmagazine.com.tr\/Web\/the-beetle-ipadlerden-siparis-aliyor\/1347619466_the_beetle_002-2\/'><img width=\"150\" height=\"150\" src=\"https:\/\/www.digitalcarmagazine.com.tr\/Web\/wp-content\/uploads\/1347619466_The_Beetle_0021-150x150.jpg\" class=\"attachment-thumbnail size-thumbnail\" alt=\"\" loading=\"lazy\" \/><\/a>\n\t\t\t<\/div><\/figure><figure class='gallery-item'>\n\t\t\t<div class='gallery-icon landscape'>\n\t\t\t\t<a href='https:\/\/www.digitalcarmagazine.com.tr\/Web\/the-beetle-ipadlerden-siparis-aliyor\/1347619463_the_beetle_001\/'><img width=\"150\" height=\"150\" src=\"https:\/\/www.digitalcarmagazine.com.tr\/Web\/wp-content\/uploads\/1347619463_The_Beetle_001-150x150.jpg\" class=\"attachment-thumbnail size-thumbnail\" alt=\"\" loading=\"lazy\" \/><\/a>\n\t\t\t<\/div><\/figure>\n\t\t<\/div>\n\n","protected":false},"excerpt":{"rendered":"<p>Otomobil tarihinin efsane modelleri aras\u0131nda yer alan Volkswagen\u2019in Beetle modelinin tamamen yenilenmi\u015f hali \u2018The Beetle\u2019, Ekim ay\u0131ndan itibaren T\u00fcrkiye\u2019de sat\u0131\u015fa sunuluyor.\u00a0 T\u00fcm Volkswagen yetkili sat\u0131c\u0131lar\u0131nda \u00f6n sipari\u015fleri al\u0131nmaya ba\u015flanan \u2018The Beetle\u2019, Volkswagen Binek Ara\u00e7 taraf\u0131ndan geli\u015ftirilen bir iPad uygulamas\u0131yla da \u00f6n sipari\u015f edilebiliyor.\u00a0T\u00fcrkiye\u2019de ilk olarak 1,4 TSI 160 PS ve 1,2 TSI 105 PS motor [&hellip;]<\/p>\n","protected":false},"author":1,"featured_media":0,"comment_status":"open","ping_status":"open","sticky":false,"template":"","format":"standard","meta":[],"categories":[1],"tags":[],"_links":{"self":[{"href":"https:\/\/www.digitalcarmagazine.com.tr\/Web\/wp-json\/wp\/v2\/posts\/3638"}],"collection":[{"href":"https:\/\/www.digitalcarmagazine.com.tr\/Web\/wp-json\/wp\/v2\/posts"}],"about":[{"href":"https:\/\/www.digitalcarmagazine.com.tr\/Web\/wp-json\/wp\/v2\/types\/post"}],"author":[{"embeddable":true,"href":"https:\/\/www.digitalcarmagazine.com.tr\/Web\/wp-json\/wp\/v2\/users\/1"}],"replies":[{"embeddable":true,"href":"https:\/\/www.digitalcarmagazine.com.tr\/Web\/wp-json\/wp\/v2\/comments?post=3638"}],"version-history":[{"count":2,"href":"https:\/\/www.digitalcarmagazine.com.tr\/Web\/wp-json\/wp\/v2\/posts\/3638\/revisions"}],"predecessor-version":[{"id":3797,"href":"https:\/\/www.digitalcarmagazine.com.tr\/Web\/wp-json\/wp\/v2\/posts\/3638\/revisions\/3797"}],"wp:attachment":[{"href":"https:\/\/www.digitalcarmagazine.com.tr\/Web\/wp-json\/wp\/v2\/media?parent=3638"}],"wp:term":[{"taxonomy":"category","embeddable":true,"href":"https:\/\/www.digitalcarmagazine.com.tr\/Web\/wp-json\/wp\/v2\/categories?post=3638"},{"taxonomy":"post_tag","embeddable":true,"href":"https:\/\/www.digitalcarmagazine.com.tr\/Web\/wp-json\/wp\/v2\/tags?post=3638"}],"curies":[{"name":"wp","href":"https:\/\/api.w.org\/{rel}","templated":true}]}}