{"id":3524,"date":"2012-09-12T15:46:23","date_gmt":"2012-09-12T15:46:23","guid":{"rendered":"http:\/\/www.digitalcarmagazine.com.tr\/Web\/?p=3524"},"modified":"2012-09-12T15:46:23","modified_gmt":"2012-09-12T15:46:23","slug":"opel-ticari-araclari-iaa%e2%80%99da","status":"publish","type":"post","link":"https:\/\/www.digitalcarmagazine.com.tr\/Web\/opel-ticari-araclari-iaa%e2%80%99da\/","title":{"rendered":"Opel Ticari Ara\u00e7lar\u0131 IAA\u2019da"},"content":{"rendered":"<h3>Opel, en modern hafif ticari filosunu IAA Ticari Ara\u00e7lar Fuar\u0131\u2019nda Hanover\u2019da sergiliyor.<\/h3>\n<p><a href=\"https:\/\/www.digitalcarmagazine.com.tr\/Web\/wp-content\/uploads\/image_00005839_1_prwxxemwq7mvg.jpg\"><img loading=\"lazy\" class=\"alignleft size-medium wp-image-3525\" title=\"image_00005839_1_prwxxemwq7mvg\" src=\"https:\/\/www.digitalcarmagazine.com.tr\/Web\/wp-content\/uploads\/image_00005839_1_prwxxemwq7mvg-300x207.jpg\" alt=\"\" width=\"300\" height=\"207\" srcset=\"https:\/\/www.digitalcarmagazine.com.tr\/Web\/wp-content\/uploads\/image_00005839_1_prwxxemwq7mvg-300x207.jpg 300w, https:\/\/www.digitalcarmagazine.com.tr\/Web\/wp-content\/uploads\/image_00005839_1_prwxxemwq7mvg-1024x706.jpg 1024w, https:\/\/www.digitalcarmagazine.com.tr\/Web\/wp-content\/uploads\/image_00005839_1_prwxxemwq7mvg.jpg 1500w\" sizes=\"(max-width: 300px) 100vw, 300px\" \/><\/a>20 \u2013 27 Eyl\u00fcl aras\u0131nda ziyarete a\u00e7\u0131k olan fuarda Opel\u2019in Movano, Vivaro ve Combo modelleri son teknoloji \u00fcr\u00fcn\u00fc yenilikleriyle Hall 12 D22\u2019de yerini al\u0131yor. 5 Combo , 3 Vivaro ve 5 Movano modeli ile Opel hafif ticarileri d\u00fcnyan\u0131n kar\u015f\u0131s\u0131na \u00e7\u0131k\u0131yor.<\/p>\n<p><span class=\"Apple-style-span\" style=\"font-weight: bold;\">Opelden acil servis ve kurtarma i\u00e7in kullan\u0131labilecek yeni ticariler<\/span><\/p>\n<p>Geni\u015f \u00fcr\u00fcn yelpazesi ve ergonomisi ile Movano acil servis ve kurtarma i\u00e7in ideal bir ara\u00e7. Yang\u0131n s\u00f6nd\u00fcrme ekipman\u0131 ve d\u00f6nen 2 koltu\u011fu ile itfaiye ya da polis arac\u0131 olabilecek \u00f6zellikler sunuyor. Combo\u2019da ise kuru temizleme ekipman\u0131ndan so\u011futma sistemine kadar bir\u00e7ok durum i\u00e7in uygun \u00e7\u00f6z\u00fcm sunuluyor.\u00a0G\u00fcvenlik, Opel ticarilerinde her\u015feyden \u00f6nce geliyor. Merdiven parmakl\u0131\u011f\u0131, kaymaz taban kaplamas\u0131, ba\u011flama halat\u0131 bir\u00e7ok modelde standart olarak sunuluyor.<\/p>\n<h4>Opel&#8217;den i\u015f dal\u0131na \u00f6zel \u00e7\u00f6z\u00fcmler<\/h4>\n<h4><span class=\"Apple-style-span\" style=\"font-weight: normal;\">Ayr\u0131ca end\u00fcstri ihtiya\u00e7lar\u0131 i\u00e7in \u00f6zel \u00fcretilmi\u015f \u00e7\u00f6z\u00fcmler de bulunuyor. Sert manevralar s\u0131ras\u0131nda y\u00fck\u00fc olmas\u0131 gerekti\u011fi yerde tutacak ve arac\u0131n a\u011f\u0131rl\u0131k merkezini sabit tutacak y\u00fckleme \u00e7\u00f6z\u00fcmleri olduk\u00e7a dikkat \u00e7eken \u00f6zellikler aras\u0131nda bulunuyor.<\/span><\/h4>\n<p><a href=\"https:\/\/www.digitalcarmagazine.com.tr\/Web\/wp-content\/uploads\/image_00005840_1_2izghziyxbglo.jpg\"><img loading=\"lazy\" class=\"alignleft size-medium wp-image-3526\" title=\"image_00005840_1_2izghziyxbglo\" src=\"https:\/\/www.digitalcarmagazine.com.tr\/Web\/wp-content\/uploads\/image_00005840_1_2izghziyxbglo-300x175.jpg\" alt=\"\" width=\"300\" height=\"175\" srcset=\"https:\/\/www.digitalcarmagazine.com.tr\/Web\/wp-content\/uploads\/image_00005840_1_2izghziyxbglo-300x175.jpg 300w, https:\/\/www.digitalcarmagazine.com.tr\/Web\/wp-content\/uploads\/image_00005840_1_2izghziyxbglo-1024x598.jpg 1024w, https:\/\/www.digitalcarmagazine.com.tr\/Web\/wp-content\/uploads\/image_00005840_1_2izghziyxbglo.jpg 1500w\" sizes=\"(max-width: 300px) 100vw, 300px\" \/><\/a><\/p>\n","protected":false},"excerpt":{"rendered":"<p>Opel, en modern hafif ticari filosunu IAA Ticari Ara\u00e7lar Fuar\u0131\u2019nda Hanover\u2019da sergiliyor. 20 \u2013 27 Eyl\u00fcl aras\u0131nda ziyarete a\u00e7\u0131k olan fuarda Opel\u2019in Movano, Vivaro ve Combo modelleri son teknoloji \u00fcr\u00fcn\u00fc yenilikleriyle Hall 12 D22\u2019de yerini al\u0131yor. 5 Combo , 3 Vivaro ve 5 Movano modeli ile Opel hafif ticarileri d\u00fcnyan\u0131n kar\u015f\u0131s\u0131na \u00e7\u0131k\u0131yor. Opelden acil servis [&hellip;]<\/p>\n","protected":false},"author":1,"featured_media":0,"comment_status":"open","ping_status":"open","sticky":false,"template":"","format":"standard","meta":[],"categories":[1],"tags":[],"_links":{"self":[{"href":"https:\/\/www.digitalcarmagazine.com.tr\/Web\/wp-json\/wp\/v2\/posts\/3524"}],"collection":[{"href":"https:\/\/www.digitalcarmagazine.com.tr\/Web\/wp-json\/wp\/v2\/posts"}],"about":[{"href":"https:\/\/www.digitalcarmagazine.com.tr\/Web\/wp-json\/wp\/v2\/types\/post"}],"author":[{"embeddable":true,"href":"https:\/\/www.digitalcarmagazine.com.tr\/Web\/wp-json\/wp\/v2\/users\/1"}],"replies":[{"embeddable":true,"href":"https:\/\/www.digitalcarmagazine.com.tr\/Web\/wp-json\/wp\/v2\/comments?post=3524"}],"version-history":[{"count":1,"href":"https:\/\/www.digitalcarmagazine.com.tr\/Web\/wp-json\/wp\/v2\/posts\/3524\/revisions"}],"predecessor-version":[{"id":3527,"href":"https:\/\/www.digitalcarmagazine.com.tr\/Web\/wp-json\/wp\/v2\/posts\/3524\/revisions\/3527"}],"wp:attachment":[{"href":"https:\/\/www.digitalcarmagazine.com.tr\/Web\/wp-json\/wp\/v2\/media?parent=3524"}],"wp:term":[{"taxonomy":"category","embeddable":true,"href":"https:\/\/www.digitalcarmagazine.com.tr\/Web\/wp-json\/wp\/v2\/categories?post=3524"},{"taxonomy":"post_tag","embeddable":true,"href":"https:\/\/www.digitalcarmagazine.com.tr\/Web\/wp-json\/wp\/v2\/tags?post=3524"}],"curies":[{"name":"wp","href":"https:\/\/api.w.org\/{rel}","templated":true}]}}