{"id":29564,"date":"2024-12-11T12:18:54","date_gmt":"2024-12-11T09:18:54","guid":{"rendered":"https:\/\/www.digitalcarmagazine.com.tr\/Web\/?p=29564"},"modified":"2024-12-15T12:29:04","modified_gmt":"2024-12-15T09:29:04","slug":"yeni-opel-frontera-ilkbaharda-geliyor","status":"publish","type":"post","link":"https:\/\/www.digitalcarmagazine.com.tr\/Web\/yeni-opel-frontera-ilkbaharda-geliyor\/","title":{"rendered":"YEN\u0130 OPEL FRONTERA \u0130LKBAHARDA GEL\u0130YOR"},"content":{"rendered":"<p><strong>Gelece\u011fin teknolojisini bug\u00fcne ta\u015f\u0131yan Alman otomotiv \u00fcreticisi Opel\u2019in cesur ve yal\u0131n tasar\u0131m felsefesinin yeni ve sa\u011flam bir yorumu olarak \u00f6ne \u00e7\u0131kan yeni SUV modeli Frontera, kademeli olarak Avrupa pazarlar\u0131nda yollara \u00e7\u0131kmaya ba\u015fl\u0131yor. Tamamen elektrikli ve verimli 48\u00a0Volt hibrit g\u00fc\u00e7 se\u00e7enekleri ile 2025 y\u0131l\u0131n\u0131n ilkbahar aylar\u0131nda T\u00fcrkiye\u2019de sat\u0131\u015fa sunulacak olan yeni Frontera, etkileyici sil\u00fceti, yeni \u201c\u015eim\u015fek\u201d logolu Opel Viz\u00f6r \u00f6n paneli ve geni\u015f \u00e7amurluk tasar\u0131m\u0131yla sa\u011flam bir duru\u015f sergiliyor. Bununla birlikte \u00e7ift geni\u015f ekran\u0131, ergonomik \u00f6n koltuklar\u0131 ve ak\u0131ll\u0131 saklama alan\u0131 \u00e7\u00f6z\u00fcmleri ile keyifli bir i\u00e7 mekana sahip olan yeni model, kablosuz \u015farj \u00fcnitesi ve ek USB ba\u011flant\u0131 noktalar\u0131n\u0131n yan\u0131nda pek \u00e7ok ak\u0131ll\u0131 \u00e7\u00f6z\u00fcm\u00fc de beraberinde getiriyor. 1.600 litreye varan bagaj hacmi ile kalabal\u0131k aileler de dahil olmak \u00fczere geni\u015f kullan\u0131m alan\u0131 arayanlar\u0131n ihtiya\u00e7lar\u0131n\u0131 kar\u015f\u0131l\u0131yor. Tavan raylar\u0131 sayesinde \u00fcst\u00fcn bir fonksiyonelli\u011fe sahip bu yeni model, her detay\u0131nda kullan\u0131c\u0131 dostu bir yakla\u015f\u0131m sunuyor. Yeni Frontera ile Opel, her ara\u00e7 segmentinde en az bir elektrikli model sunma hedefine bir ad\u0131m daha yakla\u015farak, s\u00fcrd\u00fcr\u00fclebilir gelece\u011fe olan ba\u011fl\u0131l\u0131\u011f\u0131n\u0131 bir kez daha vurguluyor.<\/strong><strong>\u00a0<\/strong><\/p>\n<p><img loading=\"lazy\" class=\"alignnone size-large wp-image-29565\" src=\"https:\/\/www.digitalcarmagazine.com.tr\/Web\/wp-content\/uploads\/Yeni-Opel-Frontera-Elektrik-1-1024x580.jpg\" alt=\"\" width=\"840\" height=\"476\" srcset=\"https:\/\/www.digitalcarmagazine.com.tr\/Web\/wp-content\/uploads\/Yeni-Opel-Frontera-Elektrik-1-1024x580.jpg 1024w, https:\/\/www.digitalcarmagazine.com.tr\/Web\/wp-content\/uploads\/Yeni-Opel-Frontera-Elektrik-1-300x170.jpg 300w, https:\/\/www.digitalcarmagazine.com.tr\/Web\/wp-content\/uploads\/Yeni-Opel-Frontera-Elektrik-1-768x435.jpg 768w, https:\/\/www.digitalcarmagazine.com.tr\/Web\/wp-content\/uploads\/Yeni-Opel-Frontera-Elektrik-1-1536x870.jpg 1536w, https:\/\/www.digitalcarmagazine.com.tr\/Web\/wp-content\/uploads\/Yeni-Opel-Frontera-Elektrik-1-2048x1160.jpg 2048w, https:\/\/www.digitalcarmagazine.com.tr\/Web\/wp-content\/uploads\/Yeni-Opel-Frontera-Elektrik-1-1920x1087.jpg 1920w, https:\/\/www.digitalcarmagazine.com.tr\/Web\/wp-content\/uploads\/Yeni-Opel-Frontera-Elektrik-1-600x340.jpg 600w\" sizes=\"(max-width: 840px) 100vw, 840px\" \/>Alman otomobil \u00fcreticisi Opel, do\u011fu\u015ftan elektrikli yeni Frontera modelini kademeli olarak ba\u015fta Avrupa\u2019da olmak \u00fczere m\u00fc\u015fterileriyle bulu\u015fturuyor. Opel\u2019in yeni \u015fim\u015fek logosunun ilk temsilcisi olan bu keyifli ve geni\u015f yeni SUV, 2025 y\u0131l\u0131n\u0131n ilkbahar aylar\u0131nda T\u00fcrkiye\u2019de sat\u0131\u015fa sunulacak. M\u00fc\u015fteriler, en ba\u015f\u0131ndan itibaren elektrikli motor se\u00e7ene\u011fi ile sunulacak olan yeni Frontera&#8217;n\u0131n 48V hibrit teknolojisine sahip versiyonunu da tercih e<span style=\"font-size: 1rem;\">debilecekler.<\/span><\/p>\n<p><strong>Benzersiz \u00f6n siluet; cesur ve yal\u0131n tasar\u0131m!<\/strong><\/p>\n<p>Yeni Frontera, Opel&#8217;in cesur ve yal\u0131n tasar\u0131m felsefesini g\u00fc\u00e7l\u00fc bir \u015fekilde yans\u0131tarak ilk bak\u0131\u015fta dikkat \u00e7eken bir g\u00f6r\u00fcn\u00fcme sahip. Benzersiz \u00f6n sil\u00fceti, fonksiyonel ve geni\u015f kabin alan\u0131n\u0131 modern, etkileyici ve sa\u011flam bir tasar\u0131mla bulu\u015fturuyor. Yeni Frontera, cesur duru\u015fuyla hem estetik hem de pratik bir SUV deneyimi sunuyor. Yeni Opel &#8220;\u015eim\u015fek&#8221; logosu, seri \u00fcretimdeki bir modelde ilk kez kullan\u0131larak, Frontera\u2019n\u0131n tasar\u0131m\u0131na \u00f6zel bir kimlik kazand\u0131r\u0131yor. Bu ikonik logo, Opel Viz\u00f6r isimli \u00f6n panelin merkezinde gururla yerini al\u0131yor. Kesintisiz bir tasar\u0131m sunan Viz\u00f6r, otomatik uzun far \u00f6zellikli Eco LED farlarla birle\u015ferek otomobilin modern ve dikkat \u00e7ekici g\u00f6r\u00fcn\u00fcm\u00fcn\u00fc tamaml\u0131yor. Alttaki ikizkenar so\u011futma a\u00e7\u0131kl\u0131\u011f\u0131yla desteklenen bu tasar\u0131m, otomobilin g\u00fc\u00e7l\u00fc duru\u015funu \u00f6ne \u00e7\u0131kar\u0131yor. Opel\u2019in \u00fcnl\u00fc &#8220;kanat imzas\u0131&#8221; ise g\u00f6vde rengindeki ek k\u0131s\u0131mlarla ayr\u0131lan \u00fc\u00e7 ayd\u0131nlatma blo\u011funa sahip modern g\u00f6r\u00fcn\u00fcm\u00fcyle par\u0131ld\u0131yor. Yandan g\u00f6r\u00fcn\u00fcm, geni\u015f kabini g\u00f6rsel olarak b\u00f6len ay\u0131rt edici bir C s\u00fctununu ortaya \u00e7\u0131kar\u0131yor. Bunlara ek olarak, belirgin \u00e7amurluklar, yoldaki sa\u011flam duru\u015fu peki\u015ftirerek yeni modele modern bir g\u00f6r\u00fcn\u00fcm kazand\u0131r\u0131yor.<\/p>\n<p><strong><img loading=\"lazy\" class=\"alignnone size-large wp-image-29568\" src=\"https:\/\/www.digitalcarmagazine.com.tr\/Web\/wp-content\/uploads\/Yeni-Opel-Frontera-Elektrik-4-1024x629.jpg\" alt=\"\" width=\"840\" height=\"516\" srcset=\"https:\/\/www.digitalcarmagazine.com.tr\/Web\/wp-content\/uploads\/Yeni-Opel-Frontera-Elektrik-4-1024x629.jpg 1024w, https:\/\/www.digitalcarmagazine.com.tr\/Web\/wp-content\/uploads\/Yeni-Opel-Frontera-Elektrik-4-300x184.jpg 300w, https:\/\/www.digitalcarmagazine.com.tr\/Web\/wp-content\/uploads\/Yeni-Opel-Frontera-Elektrik-4-768x472.jpg 768w, https:\/\/www.digitalcarmagazine.com.tr\/Web\/wp-content\/uploads\/Yeni-Opel-Frontera-Elektrik-4-1536x944.jpg 1536w, https:\/\/www.digitalcarmagazine.com.tr\/Web\/wp-content\/uploads\/Yeni-Opel-Frontera-Elektrik-4-2048x1259.jpg 2048w, https:\/\/www.digitalcarmagazine.com.tr\/Web\/wp-content\/uploads\/Yeni-Opel-Frontera-Elektrik-4-1920x1180.jpg 1920w, https:\/\/www.digitalcarmagazine.com.tr\/Web\/wp-content\/uploads\/Yeni-Opel-Frontera-Elektrik-4-600x369.jpg 600w\" sizes=\"(max-width: 840px) 100vw, 840px\" \/>Modern ve teknolojik ak\u0131ll\u0131 kokpit!<\/strong><\/p>\n<p>Yeni Frontera, modern g\u00f6r\u00fcn\u00fcm\u00fc i\u00e7 mekanda da ak\u0131ll\u0131 ve pratik bir tasar\u0131mla birle\u015ftiriyor. G\u00f6sterge paneli ve kap\u0131lardaki dekor detay\u0131, kabini g\u00f6rsel a\u00e7\u0131dan daha da ferah hale getiriyor. Ayr\u0131ca, iki adet 10 in\u00e7lik ekrana sahip yeni nesil bilgi-e\u011flence sistemiyle sunulan Opel&#8217;e \u00f6zg\u00fc, tamamen dijital Pure Panel kokpit ile birlikte cesur ve \u015f\u0131k bir g\u00f6r\u00fcn\u00fcme kavu\u015fan yeni direksiyon, sofistike bir dokunu\u015f sergiliyor. Opel, yeni Frontera\u2019da minimum dikkat da\u011f\u0131n\u0131kl\u0131yla maksimum konfor felsefesini tutarl\u0131 bir \u015fekilde yans\u0131tarak yal\u0131n ve kullan\u0131\u015fl\u0131 bir s\u00fcr\u00fc\u015f deneyimi vadediyor. GS donan\u0131m seviyesinde standart olarak sunulan renkli dokunmatik multimedya sistemi \u00fczerinden ak\u0131ll\u0131 telefonlarda oldu\u011fu gibi widget\u2019lar ile \u00f6zelle\u015ftirilebiliyor ve kolay bir kullan\u0131m sa\u011fl\u0131yor. Navigasyon sistemi ile birlikte sesli kontrol \u00f6zelli\u011fi de destekleniyor. Yeni Opel Frontera\u2019n\u0131n hem bilgi-e\u011flence ekran\u0131 hem de s\u00fcr\u00fcc\u00fc bilgi ekran\u0131 ki\u015fiselle\u015ftirilebiliyor.<\/p>\n<p><strong><img loading=\"lazy\" class=\"alignnone size-large wp-image-29571\" src=\"https:\/\/www.digitalcarmagazine.com.tr\/Web\/wp-content\/uploads\/Yeni-Opel-Frontera-Hibrit-1-1-1024x715.jpg\" alt=\"\" width=\"840\" height=\"587\" srcset=\"https:\/\/www.digitalcarmagazine.com.tr\/Web\/wp-content\/uploads\/Yeni-Opel-Frontera-Hibrit-1-1-1024x715.jpg 1024w, https:\/\/www.digitalcarmagazine.com.tr\/Web\/wp-content\/uploads\/Yeni-Opel-Frontera-Hibrit-1-1-300x210.jpg 300w, https:\/\/www.digitalcarmagazine.com.tr\/Web\/wp-content\/uploads\/Yeni-Opel-Frontera-Hibrit-1-1-768x537.jpg 768w, https:\/\/www.digitalcarmagazine.com.tr\/Web\/wp-content\/uploads\/Yeni-Opel-Frontera-Hibrit-1-1-600x419.jpg 600w, https:\/\/www.digitalcarmagazine.com.tr\/Web\/wp-content\/uploads\/Yeni-Opel-Frontera-Hibrit-1-1.jpg 1536w\" sizes=\"(max-width: 840px) 100vw, 840px\" \/>S\u00fcrd\u00fcr\u00fclebilir malzemelerle ola\u011fan\u00fcst\u00fc konfor!<\/strong><\/p>\n<p>T\u00fcm bu yeniliklerin yan\u0131nda yeni Frontera&#8217;da Opel yine koltuk yeniliklerini m\u00fc\u015fteri yelpazesine sunuyor. \u00d6n koltuklarda bulunan ve omurilik \u00fczerindeki bask\u0131y\u0131 alan patentli Intelli-Seat \u00f6zelli\u011fi, t\u00fcm yolculuklarda ola\u011fan\u00fcst\u00fc konfor sa\u011fl\u0131yor. Koltuklar, dikkat \u00e7ekici tasar\u0131m\u0131yla birlikte kontrast olu\u015fturan renkteki diki\u015fleriyle \u00f6n plana \u00e7\u0131k\u0131yor. Kuma\u015flar ve kap\u0131 panelleri gibi y\u00fczeylerde geri d\u00f6n\u00fc\u015ft\u00fcr\u00fclm\u00fc\u015f i\u00e7erikli malzemelerden \u00fcretiliyor. Kuma\u015flar\u0131 tamamen s\u00fcrd\u00fcr\u00fclebilir nitelikteki geri d\u00f6n\u00fc\u015ft\u00fcr\u00fclm\u00fc\u015f malzemeyle \u00fcretilen ara\u00e7ta hi\u00e7bir krom \u00f6\u011fe de kullan\u0131lm\u0131yor. Ayn\u0131 yakla\u015f\u0131m, Yeni Frontera\u2019n\u0131n ayd\u0131nlatma \u00fcnitelerinde de enerji tasarruflu Eco LED farlar ile kendini g\u00f6steriyor. Bununla birlikte GS donan\u0131mdaki direksiyon simidi de vegan sentetik deriden \u00fcretiliyor. Yeni Frontera&#8217;n\u0131n \u00fcretiminde i\u015flenmi\u015f al\u00fcminyumun yan\u0131 s\u0131ra geri d\u00f6n\u00fc\u015ft\u00fcr\u00fclm\u00fc\u015f i\u00e7erikli \u00e7elik ve \u00e7e\u015fitli polimer \u00f6\u011feler de kullan\u0131ld\u0131. Bu sayede, yeni Opel Frontera&#8217;n\u0131n y\u00fczde 95&#8217;e kadar tekrar kullan\u0131labilir malzemelerden olu\u015fmas\u0131 ve y\u00fczde 85 oran\u0131nda geri d\u00f6n\u00fc\u015ft\u00fcr\u00fclebilir olmas\u0131 sa\u011fland\u0131. Yeni Frontera, sundu\u011fu ak\u0131ll\u0131 \u00e7\u00f6z\u00fcmlerle ara\u00e7 i\u00e7i e\u011flenceyi ve konforu bir \u00fcst seviyeye \u00e7\u0131kar\u0131yor. \u00d6rne\u011fin; \u00f6n tarafta bulunan kablosuz \u015farj \u00fcnitesi ve iki USB ba\u011flant\u0131 noktas\u0131 ile arka koltukta b\u00f6l\u00fcm\u00fcnde bulunan iki adet USB ba\u011flant\u0131 noktas\u0131 mobil cihazlar\u0131 kolayca \u015farj etme imkan\u0131 sunuyor. Genellikle \u00f6n b\u00f6l\u00fcmde yer bulamayan tablet gibi b\u00fcy\u00fck cihazlar, esnek bir kay\u0131\u015f sayesinde orta konsolda g\u00fcvenli bir \u015fekilde saklanabiliyor. Bunla birlikte g\u00fcnl\u00fck kullan\u0131lan e\u015fyalar, kaymay\u0131 \u00f6nleyen kau\u00e7uk kaplamal\u0131 kabin saklama alanlar\u0131na koyulabiliyor. Arka koltuktaki yolcular ise \u00f6n koltuklar\u0131n s\u0131rtl\u0131klar\u0131ndaki entegre ak\u0131ll\u0131 telefon ceplerini kullanabiliyorlar. T\u00fcm bu \u00f6zellikler ara\u00e7 i\u00e7i e\u011flence ve konfora katk\u0131 sa\u011fl\u0131yor.<\/p>\n<p><strong><img loading=\"lazy\" class=\"alignnone size-large wp-image-29572\" src=\"https:\/\/www.digitalcarmagazine.com.tr\/Web\/wp-content\/uploads\/Yeni-Opel-Frontera-Hibrit-2-1-1024x665.jpg\" alt=\"\" width=\"840\" height=\"546\" srcset=\"https:\/\/www.digitalcarmagazine.com.tr\/Web\/wp-content\/uploads\/Yeni-Opel-Frontera-Hibrit-2-1-1024x665.jpg 1024w, https:\/\/www.digitalcarmagazine.com.tr\/Web\/wp-content\/uploads\/Yeni-Opel-Frontera-Hibrit-2-1-300x195.jpg 300w, https:\/\/www.digitalcarmagazine.com.tr\/Web\/wp-content\/uploads\/Yeni-Opel-Frontera-Hibrit-2-1-768x499.jpg 768w, https:\/\/www.digitalcarmagazine.com.tr\/Web\/wp-content\/uploads\/Yeni-Opel-Frontera-Hibrit-2-1-600x390.jpg 600w, https:\/\/www.digitalcarmagazine.com.tr\/Web\/wp-content\/uploads\/Yeni-Opel-Frontera-Hibrit-2-1.jpg 1536w\" sizes=\"(max-width: 840px) 100vw, 840px\" \/>Geni\u015f, verimli ve ak\u0131ll\u0131 bir yol arkada\u015f\u0131<\/strong><\/p>\n<p>Yeni Opel Frontera 4.380 mm uzunlu\u011fu, 1.795 mm geni\u015fli\u011fi ve 1.627 mm y\u00fcksekli\u011fi ile bol miktarda esnek bir ya\u015fam ve y\u00fckleme alan\u0131 sunuyor. B\u00f6ylece kalabal\u0131k yolculuklar i\u00e7in de ideal bir ara\u00e7 olmay\u0131 ba\u015far\u0131yor. Yeni Frontera, y\u00fckleme kapasitesiyle de olduk\u00e7a etkileyici bir ara\u00e7 oldu\u011funu g\u00f6steriyor. Otomobilin arka koltuklar\u0131 dik haldeyken 460 litrenin \u00fczerinde olan bagaj hacmi, koltuklar katland\u0131\u011f\u0131nda 1.600 litreye kadar y\u00fckseliyor. Di\u011fer taraftan 40\/60 oran\u0131nda b\u00f6l\u00fcnebilir arka koltuklar sayesinde \u00e7ok y\u00f6nl\u00fcl\u00fck sa\u011flan\u0131yor ve ikinci kademe y\u00fckleme zemini de standart olarak sunuluyor. Yeni Frontera, iste\u011fe ba\u011fl\u0131 tavan raylar\u0131 sayesinde 240 kilograma kadar sabit tavan y\u00fck\u00fcn\u00fc ta\u015f\u0131yabiliyor.<\/p>\n<p><strong><img loading=\"lazy\" class=\"alignnone size-large wp-image-29574\" src=\"https:\/\/www.digitalcarmagazine.com.tr\/Web\/wp-content\/uploads\/Yeni-Opel-Frontera-Elektrik-3-2-1024x657.jpg\" alt=\"\" width=\"840\" height=\"539\" srcset=\"https:\/\/www.digitalcarmagazine.com.tr\/Web\/wp-content\/uploads\/Yeni-Opel-Frontera-Elektrik-3-2-1024x657.jpg 1024w, https:\/\/www.digitalcarmagazine.com.tr\/Web\/wp-content\/uploads\/Yeni-Opel-Frontera-Elektrik-3-2-300x193.jpg 300w, https:\/\/www.digitalcarmagazine.com.tr\/Web\/wp-content\/uploads\/Yeni-Opel-Frontera-Elektrik-3-2-768x493.jpg 768w, https:\/\/www.digitalcarmagazine.com.tr\/Web\/wp-content\/uploads\/Yeni-Opel-Frontera-Elektrik-3-2-600x385.jpg 600w, https:\/\/www.digitalcarmagazine.com.tr\/Web\/wp-content\/uploads\/Yeni-Opel-Frontera-Elektrik-3-2.jpg 1536w\" sizes=\"(max-width: 840px) 100vw, 840px\" \/>Yeni Opel Frontera Elektrik ile emisyonsuz s\u00fcr\u00fc\u015f<\/strong><\/p>\n<p>T\u00fcm yeni Opel modellerinde oldu\u011fu gibi yeni Frontera da sadece cesur ve yal\u0131n tasar\u0131m\u0131yla de\u011fil, ayn\u0131 zamanda \u00e7evreci sorumlulu\u011fun \u00f6n planda oldu\u011fu performans\u0131yla da g\u00f6z dolduruyor. M\u00fc\u015fteriler, tamamen elektrikli modelin yan\u0131 s\u0131ra 48V hibrit teknolojisine ve y\u00fcksek verimli g\u00fc\u00e7 \u00fcnitesine sahip versiyonlar\u0131 da tercih edebilecekler. Emisyonsuz ula\u015f\u0131m\u0131 tercih eden m\u00fc\u015fteriler i\u00e7in 83 kW (113 HP) g\u00fc\u00e7 ve 44 kWs kullan\u0131labilir batarya kapasitesine sahip olan y\u00fczde 100 elektrikli yeni Frontera Elektrik sunulacak. Frontera Elektrik, iki \u015farj aras\u0131nda maksimum 305 kilometre (WLTP&#8217;ye g\u00f6re) yol kat edebiliyor. Tamamen elektrikli yeni model, 0&#8217;dan 100 km\/s h\u0131za 12,1 saniyede \u00e7\u0131k\u0131yor ve elektronik olarak s\u0131n\u0131rland\u0131r\u0131lm\u0131\u015f 140 km\/s azami h\u0131za ula\u015f\u0131yor. Frontera Elektrik&#8217;in rejeneratif fren sistemi, yava\u015flama s\u0131ras\u0131nda enerjinin geri kazan\u0131lmas\u0131n\u0131 sa\u011flayarak t\u00fcm elektrikli Opel modelleri gibi verimlili\u011fe katk\u0131 sa\u011fl\u0131yor. Geni\u015f aile dostu yeni Frontera Elektrik\u2019in \u015farj edilmesi gerekti\u011finde ise h\u0131zl\u0131 \u015farj istasyonunda k\u0131sa bir mola vermek yeterli oluyor. Yeni Frontera Elektrik, do\u011fru ak\u0131m \u015farj istasyonunda yakla\u015f\u0131k 26 dakikada batarya kapasitesinin y\u00fczde 20&#8217;sinden y\u00fczde 80&#8217;ine kadar \u015farj edilebiliyor. Evde \u015farj i\u00e7in ise standart olarak tek fazl\u0131 11 kW yerle\u015fik \u015farj cihaz\u0131yla sunuluyor. Yeni Frontera Elektrik, Opel m\u00fc\u015fterilerine se\u00e7im \u00f6zg\u00fcrl\u00fc\u011f\u00fc sunmak amac\u0131yla daha fazla menzil sunan bir ba\u015fka y\u00fczde y\u00fcz elektrikli versiyonla \u00fcr\u00fcn yelpazesini geni\u015fletecek. Yeni Frontera Elektrik\u2019in \u201duzun menzilli\u201d versiyonunda ise yakla\u015f\u0131k 400 kilometreye kadar (WLTP\u2019ye g\u00f6re \u00f6n de\u011fer) menzil m\u00fcmk\u00fcn olacak.<\/p>\n<p><strong><img loading=\"lazy\" class=\"alignnone size-large wp-image-29568\" src=\"https:\/\/www.digitalcarmagazine.com.tr\/Web\/wp-content\/uploads\/Yeni-Opel-Frontera-Elektrik-4-1024x629.jpg\" alt=\"\" width=\"840\" height=\"516\" srcset=\"https:\/\/www.digitalcarmagazine.com.tr\/Web\/wp-content\/uploads\/Yeni-Opel-Frontera-Elektrik-4-1024x629.jpg 1024w, https:\/\/www.digitalcarmagazine.com.tr\/Web\/wp-content\/uploads\/Yeni-Opel-Frontera-Elektrik-4-300x184.jpg 300w, https:\/\/www.digitalcarmagazine.com.tr\/Web\/wp-content\/uploads\/Yeni-Opel-Frontera-Elektrik-4-768x472.jpg 768w, https:\/\/www.digitalcarmagazine.com.tr\/Web\/wp-content\/uploads\/Yeni-Opel-Frontera-Elektrik-4-1536x944.jpg 1536w, https:\/\/www.digitalcarmagazine.com.tr\/Web\/wp-content\/uploads\/Yeni-Opel-Frontera-Elektrik-4-2048x1259.jpg 2048w, https:\/\/www.digitalcarmagazine.com.tr\/Web\/wp-content\/uploads\/Yeni-Opel-Frontera-Elektrik-4-1920x1180.jpg 1920w, https:\/\/www.digitalcarmagazine.com.tr\/Web\/wp-content\/uploads\/Yeni-Opel-Frontera-Elektrik-4-600x369.jpg 600w\" sizes=\"(max-width: 840px) 100vw, 840px\" \/>48 volt teknolojisine sahip verimli Frontera Hybrid<\/strong><\/p>\n<p>Yeni Opel Frontera Hybrid, 48 volt hibrit teknolojisine sahip 100 kW (136 HP) g\u00fcce sahip turbo\u015farjl\u0131 benzinli motorla sunuluyor. Hibrit \u00e7\u00f6z\u00fcm, elektrikli ula\u015f\u0131m aray\u0131\u015f\u0131nda olan ancak s\u00fcr\u00fc\u015f ve kullan\u0131m al\u0131\u015fkanl\u0131klar\u0131n\u0131 hen\u00fcz de\u011fi\u015ftirmek istemeyen kullan\u0131c\u0131lar i\u00e7in m\u00fckemmel bir se\u00e7im olarak \u00f6ne \u00e7\u0131k\u0131yor. 1,2 litrelik benzinli motor, 21 kW (28 HP) g\u00fc\u00e7 \u00fcreten elektrik motoru ve elektrikli 6 ileri \u00e7ift kavramal\u0131 \u015fanz\u0131mandan olu\u015fan kompakt sistem, g\u00fcnl\u00fck kullan\u0131mda ak\u0131ll\u0131 ve uygun maliyetli bir tahrik sistemi \u00e7\u00f6z\u00fcm\u00fc olarak bir\u00e7ok avantaj sunuyor. Yenilik\u00e7i ve dikkat \u00e7ekici tasar\u0131m\u0131 ile ak\u0131ll\u0131 ve e\u011flenceli \u00e7\u00f6z\u00fcmler sunan yeni Opel Frontera, elektrikli veya hibrit g\u00fc\u00e7 \u00fcnitesi se\u00e7enekleri ile yollara \u00e7\u0131kmaya haz\u0131rlan\u0131yor. Bu model, Opel\u2019in elektrifikasyon konusundaki kararl\u0131l\u0131\u011f\u0131n\u0131 vurgularken, farkl\u0131 t\u00fcrde m\u00fc\u015fterilerin ihtiya\u00e7lar\u0131na uyum sa\u011flama konusundaki ba\u015far\u0131s\u0131n\u0131 da g\u00f6zler \u00f6n\u00fcne seriyor. 48 volt hibrit teknolojisi, benzer bir i\u00e7ten yanmal\u0131 araca k\u0131yasla yak\u0131t t\u00fcketimini ve CO2 emisyonunu \u00f6nemli \u00f6l\u00e7\u00fcde azalt\u0131rken, s\u00fcr\u00fc\u015f konforunu da art\u0131r\u0131yor. \u015eehir i\u00e7i ve \u015fehir d\u0131\u015f\u0131 yollarda g\u00fcnl\u00fck s\u00fcr\u00fc\u015fte benzinli motor ve elektrik motoru, gereksinimlere ba\u011fl\u0131 olarak verimlilik ve performans\u0131 optimize ederek birlikte veya ayr\u0131 ayr\u0131 \u00e7al\u0131\u015f\u0131yor. Elektrikli tahrik sistemi, h\u0131zlanmalarda ve ilk kalk\u0131\u015fta benzinli motora destek sa\u011fl\u0131yor. D\u00fc\u015f\u00fck h\u0131zlarda ise \u015fehir i\u00e7inde bir kilometreye kadar veya manevra yaparken s\u00fcr\u00fc\u015f\u00fcn y\u00fczde 50&#8217;sine kadar tamamen elektrikli seyahat olana\u011f\u0131 sa\u011fl\u0131yor. Opel Frontera Hybrid\u2019in y\u00fcksek h\u0131zlarda yava\u015flamas\u0131 durumunda, benzinli motor devre d\u0131\u015f\u0131 kal\u0131yor ve elektrik motoru da jenerat\u00f6r g\u00f6revi g\u00f6rerek hibrit sistemin 48 voltluk bataryas\u0131n\u0131 \u015farj ediyor. Opel Frontera Hybrid, turbo benzinli motorun g\u00fcc\u00fcnden ba\u011f\u0131ms\u0131z olarak \u00e7evik bir s\u00fcr\u00fc\u015f keyfi sunuyor. 230 Nm maksimum torka sahip olan ara\u00e7, 0&#8217;dan 100 km\/s h\u0131za 9.0 saniyede ula\u015f\u0131yor. Modelin azami h\u0131z\u0131 ise 190 km\/s.<\/p>\n<p><strong>Opel&#8217;in Alman DNA\u2019s\u0131na sahip benzersiz s\u00fcspansiyon d\u00fczeni ve s\u00fcr\u00fc\u015f destek sistemleri<\/strong><\/p>\n<p>Yeni Opel Frontera kullan\u0131c\u0131lar\u0131, se\u00e7ilen tahrik sistemi fark etmeksizin Alman DNA&#8217;s\u0131 ta\u015f\u0131yan \u015fasi sayesinde \u00fcst d\u00fczey s\u00fcr\u00fc\u015f konforunun tad\u0131n\u0131 \u00e7\u0131kar\u0131yor. Opel m\u00fchendisleri, otoyollardaki y\u00fcksek h\u0131zlarda bile optimum g\u00f6vde kontrol\u00fc ve markaya \u00f6zg\u00fc s\u00fcr\u00fc\u015f karakteri sa\u011flamak i\u00e7in \u00f6zel bir \u00e7aba harcad\u0131lar. Frontera, al\u00e7ak a\u011f\u0131rl\u0131k merkezi sayesinde yola her zaman sa\u011flam bir \u015fekilde tutunuyor. \u00d6zellikle Frontera Elektrik\u2019te, bataryan\u0131n zemine entegre edilmesi bu dengeli s\u00fcr\u00fc\u015fe \u00f6nemli katk\u0131da bulunuyor. Son olarak, yeni Opel Frontera\u2019da bulunan geli\u015fmi\u015f s\u00fcr\u00fc\u015f destek sistemleri, s\u00fcr\u00fcc\u00fc ve yolcular\u0131n var\u0131\u015f noktas\u0131na g\u00fcvenli ve konforlu bir \u015fekilde ula\u015fmas\u0131n\u0131 sa\u011fl\u0131yor. Elektronik s\u00fcr\u00fc\u015f destek sistemleri aras\u0131nda, Aktif Acil Fren Sistemi ve Yaya Alg\u0131lama \u00f6zellikli \u00d6n \u00c7arp\u0131\u015fma \u0130kaz\u0131, S\u00fcr\u00fcc\u00fc Yorgunluk Tespit Sistemi, H\u0131z S\u0131n\u0131rlay\u0131c\u0131 \u00f6zellikli Adaptif H\u0131z Sabitleyici ve geri g\u00f6r\u00fc\u015f kameras\u0131 gibi sistemler sistem yer al\u0131yor.<\/p>\n","protected":false},"excerpt":{"rendered":"<p>Gelece\u011fin teknolojisini bug\u00fcne ta\u015f\u0131yan Alman otomotiv \u00fcreticisi Opel\u2019in cesur ve yal\u0131n tasar\u0131m felsefesinin yeni ve sa\u011flam bir yorumu olarak \u00f6ne \u00e7\u0131kan yeni SUV modeli Frontera, kademeli olarak Avrupa pazarlar\u0131nda yollara \u00e7\u0131kmaya ba\u015fl\u0131yor. Tamamen elektrikli ve verimli 48\u00a0Volt hibrit g\u00fc\u00e7 se\u00e7enekleri ile 2025 y\u0131l\u0131n\u0131n ilkbahar aylar\u0131nda T\u00fcrkiye\u2019de sat\u0131\u015fa sunulacak olan yeni Frontera, etkileyici sil\u00fceti, yeni \u201c\u015eim\u015fek\u201d [&hellip;]<\/p>\n","protected":false},"author":1,"featured_media":29565,"comment_status":"open","ping_status":"open","sticky":false,"template":"","format":"standard","meta":[],"categories":[1,7906],"tags":[16615,16811,16812],"_links":{"self":[{"href":"https:\/\/www.digitalcarmagazine.com.tr\/Web\/wp-json\/wp\/v2\/posts\/29564"}],"collection":[{"href":"https:\/\/www.digitalcarmagazine.com.tr\/Web\/wp-json\/wp\/v2\/posts"}],"about":[{"href":"https:\/\/www.digitalcarmagazine.com.tr\/Web\/wp-json\/wp\/v2\/types\/post"}],"author":[{"embeddable":true,"href":"https:\/\/www.digitalcarmagazine.com.tr\/Web\/wp-json\/wp\/v2\/users\/1"}],"replies":[{"embeddable":true,"href":"https:\/\/www.digitalcarmagazine.com.tr\/Web\/wp-json\/wp\/v2\/comments?post=29564"}],"version-history":[{"count":1,"href":"https:\/\/www.digitalcarmagazine.com.tr\/Web\/wp-json\/wp\/v2\/posts\/29564\/revisions"}],"predecessor-version":[{"id":29576,"href":"https:\/\/www.digitalcarmagazine.com.tr\/Web\/wp-json\/wp\/v2\/posts\/29564\/revisions\/29576"}],"wp:featuredmedia":[{"embeddable":true,"href":"https:\/\/www.digitalcarmagazine.com.tr\/Web\/wp-json\/wp\/v2\/media\/29565"}],"wp:attachment":[{"href":"https:\/\/www.digitalcarmagazine.com.tr\/Web\/wp-json\/wp\/v2\/media?parent=29564"}],"wp:term":[{"taxonomy":"category","embeddable":true,"href":"https:\/\/www.digitalcarmagazine.com.tr\/Web\/wp-json\/wp\/v2\/categories?post=29564"},{"taxonomy":"post_tag","embeddable":true,"href":"https:\/\/www.digitalcarmagazine.com.tr\/Web\/wp-json\/wp\/v2\/tags?post=29564"}],"curies":[{"name":"wp","href":"https:\/\/api.w.org\/{rel}","templated":true}]}}