{"id":28612,"date":"2024-03-20T16:44:57","date_gmt":"2024-03-20T13:44:57","guid":{"rendered":"https:\/\/www.digitalcarmagazine.com.tr\/Web\/?p=28612"},"modified":"2024-03-24T16:49:01","modified_gmt":"2024-03-24T13:49:01","slug":"yeni-bmw-ix2-edrive20-satisa-sunuldu","status":"publish","type":"post","link":"https:\/\/www.digitalcarmagazine.com.tr\/Web\/yeni-bmw-ix2-edrive20-satisa-sunuldu\/","title":{"rendered":"YEN\u0130 BMW iX2 eDrive20 SATI\u015eA SUNULDU"},"content":{"rendered":"<p><strong>Borusan Otomotiv&#8217;in T\u00fcrkiye distrib\u00fct\u00f6r\u00fc oldu\u011fu BMW&#8217;nin tamamen elektrikli kompakt Spor Aktivite Coupe (SAC) modeli Yeni BMW iX2 eDrive20 yollara \u00e7\u0131k\u0131yor. Dinamik tasar\u0131m\u0131, son nesil teknolojilere sahip kabini ve 478 km&#8217;ye varan menzili ile Yeni BMW iX2 eDrive20, M Sport tasar\u0131m paketiyle 2.744.500 TL liste fiyat\u0131 ile sat\u0131\u015fa sunuldu. <\/strong><\/p>\n<p><img loading=\"lazy\" class=\"alignnone size-large wp-image-28613\" src=\"https:\/\/www.digitalcarmagazine.com.tr\/Web\/wp-content\/uploads\/Yeni-BMW-iX2-eDrive20-1-1024x683.jpg\" alt=\"\" width=\"840\" height=\"560\" srcset=\"https:\/\/www.digitalcarmagazine.com.tr\/Web\/wp-content\/uploads\/Yeni-BMW-iX2-eDrive20-1-1024x683.jpg 1024w, https:\/\/www.digitalcarmagazine.com.tr\/Web\/wp-content\/uploads\/Yeni-BMW-iX2-eDrive20-1-300x200.jpg 300w, https:\/\/www.digitalcarmagazine.com.tr\/Web\/wp-content\/uploads\/Yeni-BMW-iX2-eDrive20-1-768x512.jpg 768w, https:\/\/www.digitalcarmagazine.com.tr\/Web\/wp-content\/uploads\/Yeni-BMW-iX2-eDrive20-1-1536x1024.jpg 1536w, https:\/\/www.digitalcarmagazine.com.tr\/Web\/wp-content\/uploads\/Yeni-BMW-iX2-eDrive20-1-2048x1366.jpg 2048w, https:\/\/www.digitalcarmagazine.com.tr\/Web\/wp-content\/uploads\/Yeni-BMW-iX2-eDrive20-1-1920x1280.jpg 1920w, https:\/\/www.digitalcarmagazine.com.tr\/Web\/wp-content\/uploads\/Yeni-BMW-iX2-eDrive20-1-600x400.jpg 600w\" sizes=\"(max-width: 840px) 100vw, 840px\" \/>\u0130kinci jenerasyonunda artan boyutlar\u0131 ile tamamen yeni bir konseptte sat\u0131\u015fa sunulan Yeni BMW X2, mild hybrid-benzinli versiyonun ard\u0131ndan Yeni BMW iX2 eDrive20 versiyonu ile ilk kez tamamen elektrikli se\u00e7ene\u011fi ile sunuluyor.<\/p>\n<p>Tamamen elektrikli Yeni BMW iX2 eDrive20, \u00f6n aksta yer alan elektrik motoru ile 204 beygir g\u00fc\u00e7 250 Nm tork \u00fcretiyor. 0-100 km\/s h\u0131zlanmas\u0131n\u0131 8,6 saniyede tamamlayan otomobil, tam dolu bataryalar\u0131yla 478 km&#8217;ye varan menzili kullan\u0131c\u0131s\u0131na sunuyor. Yeni BMW iX2 eDrive20 130 kW DC \u015earj teknolojisi ile 29 dakikada y\u00fczde 80 batarya dolulu\u011funa ula\u015fabiliyor. Opsiyonel olarak sunulan AC Charging Professional donan\u0131m\u0131 ile AC ak\u0131mda 22 kW \u015farj h\u0131z\u0131 deste\u011fi sunan Yeni BMW iX2 eDrive20, bataryalar\u0131n %0-100 dolumunu yakla\u015f\u0131k 3 saat 45 dakikada tamamlayarak esnek kullan\u0131ma da imkan tan\u0131yor<\/p>\n<p><strong><img loading=\"lazy\" class=\"alignnone size-large wp-image-28615\" src=\"https:\/\/www.digitalcarmagazine.com.tr\/Web\/wp-content\/uploads\/Yeni-BMW-iX2-eDrive20-3-1024x683.jpg\" alt=\"\" width=\"840\" height=\"560\" srcset=\"https:\/\/www.digitalcarmagazine.com.tr\/Web\/wp-content\/uploads\/Yeni-BMW-iX2-eDrive20-3-1024x683.jpg 1024w, https:\/\/www.digitalcarmagazine.com.tr\/Web\/wp-content\/uploads\/Yeni-BMW-iX2-eDrive20-3-300x200.jpg 300w, https:\/\/www.digitalcarmagazine.com.tr\/Web\/wp-content\/uploads\/Yeni-BMW-iX2-eDrive20-3-768x512.jpg 768w, https:\/\/www.digitalcarmagazine.com.tr\/Web\/wp-content\/uploads\/Yeni-BMW-iX2-eDrive20-3-1536x1024.jpg 1536w, https:\/\/www.digitalcarmagazine.com.tr\/Web\/wp-content\/uploads\/Yeni-BMW-iX2-eDrive20-3-2048x1366.jpg 2048w, https:\/\/www.digitalcarmagazine.com.tr\/Web\/wp-content\/uploads\/Yeni-BMW-iX2-eDrive20-3-1920x1281.jpg 1920w, https:\/\/www.digitalcarmagazine.com.tr\/Web\/wp-content\/uploads\/Yeni-BMW-iX2-eDrive20-3-600x400.jpg 600w\" sizes=\"(max-width: 840px) 100vw, 840px\" \/>M Sport Tasar\u0131m Paketi ile Daha Dinamik<\/strong><br \/>\nYeni iX2 eDrive20 sportif ve keskin \u00e7izgilere sahip tasar\u0131m\u0131yla rakiplerinden ayr\u0131l\u0131yor. Sadece M Sport tasar\u0131m paketiyle sat\u0131\u015fa sunulan otomobil daha sportif ve aerodinamik \u00f6zellikleriyle dikkat \u00e7ekiyor. Premium kompakt segmentinde bir ilk niteli\u011finde olan Iconic Glow kont\u00fcr ayd\u0131nlatmal\u0131 alt\u0131gen BMW B\u00f6brek Izgaralar\u0131 ve parlak siyah renkli \u00f6n hava giri\u015fi otomobilin \u00f6n k\u0131sm\u0131n\u0131 domine ediyor. Arka k\u0131s\u0131mda Yeni tasar\u0131ma sahip yatay hizalanan ayd\u0131nlatmalar, parlak siyah dif\u00fcz\u00f6r ve arka spoiler Yeni BMW iX2 eDrive20\u2019nin dinamik duru\u015funu g\u00fc\u00e7lendiriyor.<\/p>\n<p><strong><img loading=\"lazy\" class=\"alignnone size-large wp-image-28617\" src=\"https:\/\/www.digitalcarmagazine.com.tr\/Web\/wp-content\/uploads\/Yeni-BMW-iX2-eDrive20-5-1024x683.jpg\" alt=\"\" width=\"840\" height=\"560\" srcset=\"https:\/\/www.digitalcarmagazine.com.tr\/Web\/wp-content\/uploads\/Yeni-BMW-iX2-eDrive20-5-1024x683.jpg 1024w, https:\/\/www.digitalcarmagazine.com.tr\/Web\/wp-content\/uploads\/Yeni-BMW-iX2-eDrive20-5-300x200.jpg 300w, https:\/\/www.digitalcarmagazine.com.tr\/Web\/wp-content\/uploads\/Yeni-BMW-iX2-eDrive20-5-768x512.jpg 768w, https:\/\/www.digitalcarmagazine.com.tr\/Web\/wp-content\/uploads\/Yeni-BMW-iX2-eDrive20-5-1536x1024.jpg 1536w, https:\/\/www.digitalcarmagazine.com.tr\/Web\/wp-content\/uploads\/Yeni-BMW-iX2-eDrive20-5-2048x1366.jpg 2048w, https:\/\/www.digitalcarmagazine.com.tr\/Web\/wp-content\/uploads\/Yeni-BMW-iX2-eDrive20-5-1920x1280.jpg 1920w, https:\/\/www.digitalcarmagazine.com.tr\/Web\/wp-content\/uploads\/Yeni-BMW-iX2-eDrive20-5-600x400.jpg 600w\" sizes=\"(max-width: 840px) 100vw, 840px\" \/>Teknoloji ile Fonksiyonelli\u011fin Birle\u015fti\u011fi Kabin<\/strong><br \/>\nYeni BMW iX2&#8217;nin kabini dinamizmle modernli\u011fi bir araya getiriyor. Kokpitin merkezi konumundaki BMW Kavisli Ekran, y\u00fczer kontrol paneliyle t\u00fcm sisteme ergonomik bir eri\u015fim imk\u00e2n\u0131 tan\u0131yor. B\u00f6ylece s\u00fcr\u00fcc\u00fc kullan\u0131m esnas\u0131nda g\u00f6z\u00fcn\u00fc yoldan ay\u0131rmadan multimedya sisteminde diledi\u011fi de\u011fi\u015fiklikleri yapabiliyor. \u0130\u00e7 mek\u00e2nda yer alan kontrol ekran\u0131 ve sesli komut enstr\u00fcmanlar\u0131 sayesinde fiziksel d\u00fc\u011fme ve kontrollerin say\u0131s\u0131 \u00f6nemli \u00f6l\u00e7\u00fcde azalt\u0131l\u0131yor.<\/p>\n<p>Her detayda sportifli\u011fi ile \u00f6ne \u00e7\u0131kan Yeni BMW iX2 eDrive20, standart olarak sunulan elektrikli ayarlanabilir spor \u00f6n koltuklar ile konforlu kullan\u0131ma da imkan tan\u0131yor.<\/p>\n<p><strong><img loading=\"lazy\" class=\"alignnone size-large wp-image-28614\" src=\"https:\/\/www.digitalcarmagazine.com.tr\/Web\/wp-content\/uploads\/Yeni-BMW-iX2-eDrive20-2-1024x683.jpg\" alt=\"\" width=\"840\" height=\"560\" srcset=\"https:\/\/www.digitalcarmagazine.com.tr\/Web\/wp-content\/uploads\/Yeni-BMW-iX2-eDrive20-2-1024x683.jpg 1024w, https:\/\/www.digitalcarmagazine.com.tr\/Web\/wp-content\/uploads\/Yeni-BMW-iX2-eDrive20-2-300x200.jpg 300w, https:\/\/www.digitalcarmagazine.com.tr\/Web\/wp-content\/uploads\/Yeni-BMW-iX2-eDrive20-2-768x512.jpg 768w, https:\/\/www.digitalcarmagazine.com.tr\/Web\/wp-content\/uploads\/Yeni-BMW-iX2-eDrive20-2-1536x1024.jpg 1536w, https:\/\/www.digitalcarmagazine.com.tr\/Web\/wp-content\/uploads\/Yeni-BMW-iX2-eDrive20-2-2048x1366.jpg 2048w, https:\/\/www.digitalcarmagazine.com.tr\/Web\/wp-content\/uploads\/Yeni-BMW-iX2-eDrive20-2-1920x1280.jpg 1920w, https:\/\/www.digitalcarmagazine.com.tr\/Web\/wp-content\/uploads\/Yeni-BMW-iX2-eDrive20-2-600x400.jpg 600w\" sizes=\"(max-width: 840px) 100vw, 840px\" \/>\u00dcst D\u00fczey Standart Donan\u0131m<\/strong><br \/>\nM Sport tasar\u0131m paketiyle tercih edilebilen Yeni BMW iX2 eDrive20, standart olarak sundu\u011fu \u00fcst d\u00fczey donan\u0131mlar\u0131yla yolculuklarda \u00fcst\u00fcn konfor sa\u011fl\u0131yor. BMW Live Cockpit Plus, Park Asistan\u0131, S\u00fcr\u00fc\u015f Asistan\u0131, Adaptif LED Farlar, Akustik Koruma, Otomatik Uzun Far Fonksiyonu, Konfor Eri\u015fim Sistemi, Elektrikli \u00d6n Koltuklar ve Haf\u0131za Fonksiyonlu S\u00fcr\u00fcc\u00fc Koltu\u011fu, Panoramik Cam Tavan, Is\u0131tmal\u0131 \u00d6n Koltuklar, Otomatik A\u00e7\u0131l\u0131r Bagaj Kapa\u011f\u0131, Kablosuz \u015earj Haznesi, Spor \u00d6n Koltuklar, G\u00fcne\u015f Korumal\u0131 Arka Camlar, Ak\u0131ll\u0131 Telefon Aray\u00fcz\u00fc gibi geli\u015fmi\u015f donan\u0131mlar standart olarak sunuluyor. Ayr\u0131ca ayd\u0131nlatmal\u0131 BMW Iconic Glow B\u00f6brek Izgaralar\u0131, M Sport Fren Diskleri, M Shadow Farlar, M Emniyet Kemerleri ve Shadow D\u0131\u015f Kaplamay\u0131 i\u00e7eren M Sport Pro paketi, 360 derece g\u00f6r\u00fc\u015f a\u00e7\u0131s\u0131na sahip Park Asistan\u0131 Plus, 22 kW AC \u015farj h\u0131z\u0131 deste\u011fi sunan AC Charging Professional ve en \u00fcst seviye asistan sistemlerini sunan S\u00fcr\u00fc\u015f Asistan\u0131 Professional gibi donan\u0131mlar iste\u011fe ba\u011fl\u0131 olarak eklenerek ki\u015fiselle\u015ftirilebiliyor.<\/p>\n","protected":false},"excerpt":{"rendered":"<p>Borusan Otomotiv&#8217;in T\u00fcrkiye distrib\u00fct\u00f6r\u00fc oldu\u011fu BMW&#8217;nin tamamen elektrikli kompakt Spor Aktivite Coupe (SAC) modeli Yeni BMW iX2 eDrive20 yollara \u00e7\u0131k\u0131yor. Dinamik tasar\u0131m\u0131, son nesil teknolojilere sahip kabini ve 478 km&#8217;ye varan menzili ile Yeni BMW iX2 eDrive20, M Sport tasar\u0131m paketiyle 2.744.500 TL liste fiyat\u0131 ile sat\u0131\u015fa sunuldu. \u0130kinci jenerasyonunda artan boyutlar\u0131 ile tamamen yeni [&hellip;]<\/p>\n","protected":false},"author":1,"featured_media":28616,"comment_status":"open","ping_status":"open","sticky":false,"template":"","format":"standard","meta":[],"categories":[8723,1],"tags":[16594,16595,16596],"_links":{"self":[{"href":"https:\/\/www.digitalcarmagazine.com.tr\/Web\/wp-json\/wp\/v2\/posts\/28612"}],"collection":[{"href":"https:\/\/www.digitalcarmagazine.com.tr\/Web\/wp-json\/wp\/v2\/posts"}],"about":[{"href":"https:\/\/www.digitalcarmagazine.com.tr\/Web\/wp-json\/wp\/v2\/types\/post"}],"author":[{"embeddable":true,"href":"https:\/\/www.digitalcarmagazine.com.tr\/Web\/wp-json\/wp\/v2\/users\/1"}],"replies":[{"embeddable":true,"href":"https:\/\/www.digitalcarmagazine.com.tr\/Web\/wp-json\/wp\/v2\/comments?post=28612"}],"version-history":[{"count":1,"href":"https:\/\/www.digitalcarmagazine.com.tr\/Web\/wp-json\/wp\/v2\/posts\/28612\/revisions"}],"predecessor-version":[{"id":28618,"href":"https:\/\/www.digitalcarmagazine.com.tr\/Web\/wp-json\/wp\/v2\/posts\/28612\/revisions\/28618"}],"wp:featuredmedia":[{"embeddable":true,"href":"https:\/\/www.digitalcarmagazine.com.tr\/Web\/wp-json\/wp\/v2\/media\/28616"}],"wp:attachment":[{"href":"https:\/\/www.digitalcarmagazine.com.tr\/Web\/wp-json\/wp\/v2\/media?parent=28612"}],"wp:term":[{"taxonomy":"category","embeddable":true,"href":"https:\/\/www.digitalcarmagazine.com.tr\/Web\/wp-json\/wp\/v2\/categories?post=28612"},{"taxonomy":"post_tag","embeddable":true,"href":"https:\/\/www.digitalcarmagazine.com.tr\/Web\/wp-json\/wp\/v2\/tags?post=28612"}],"curies":[{"name":"wp","href":"https:\/\/api.w.org\/{rel}","templated":true}]}}