{"id":28598,"date":"2024-03-21T16:33:51","date_gmt":"2024-03-21T13:33:51","guid":{"rendered":"https:\/\/www.digitalcarmagazine.com.tr\/Web\/?p=28598"},"modified":"2024-03-24T16:37:05","modified_gmt":"2024-03-24T13:37:05","slug":"turkiyede-yilin-otomobili-icin-28-aday-var","status":"publish","type":"post","link":"https:\/\/www.digitalcarmagazine.com.tr\/Web\/turkiyede-yilin-otomobili-icin-28-aday-var\/","title":{"rendered":"T\u00dcRK\u0130YE&#8217;DE YILIN OTOMOB\u0130L\u0130 \u0130\u00c7\u0130N 28 ADAY VAR!"},"content":{"rendered":"<h3><strong>\u00a0<\/strong>Otomotiv Gazetecileri Derne\u011fi (OGD), taraf\u0131ndan bu y\u0131l dokuzuncusu ger\u00e7ekle\u015ftirilecek \u201cT\u00fcrkiye\u2019de Y\u0131l\u0131n Otomobili\u201d se\u00e7imi i\u00e7in aday otomobiller belli oldu. \u015eubat 2023 ile \u015eubat 2024 aras\u0131nda T\u00fcrkiye otomobil pazar\u0131nda sat\u0131\u015fa sunulan modeller aras\u0131ndan yap\u0131lan de\u011ferlendirme sonucunda 28 aday, \u201cY\u0131l\u0131n Otomobili\u201d \u00f6d\u00fcl\u00fcn\u00fc almak i\u00e7in yar\u0131\u015facak.<\/h3>\n<p><img loading=\"lazy\" class=\"alignnone size-large wp-image-28599\" src=\"https:\/\/www.digitalcarmagazine.com.tr\/Web\/wp-content\/uploads\/Turkiyede-Yilin-Otomobili_2024-632x1024.jpg\" alt=\"\" width=\"632\" height=\"1024\" srcset=\"https:\/\/www.digitalcarmagazine.com.tr\/Web\/wp-content\/uploads\/Turkiyede-Yilin-Otomobili_2024-632x1024.jpg 632w, https:\/\/www.digitalcarmagazine.com.tr\/Web\/wp-content\/uploads\/Turkiyede-Yilin-Otomobili_2024-185x300.jpg 185w, https:\/\/www.digitalcarmagazine.com.tr\/Web\/wp-content\/uploads\/Turkiyede-Yilin-Otomobili_2024-768x1244.jpg 768w, https:\/\/www.digitalcarmagazine.com.tr\/Web\/wp-content\/uploads\/Turkiyede-Yilin-Otomobili_2024-948x1536.jpg 948w, https:\/\/www.digitalcarmagazine.com.tr\/Web\/wp-content\/uploads\/Turkiyede-Yilin-Otomobili_2024-1264x2048.jpg 1264w, https:\/\/www.digitalcarmagazine.com.tr\/Web\/wp-content\/uploads\/Turkiyede-Yilin-Otomobili_2024-600x972.jpg 600w, https:\/\/www.digitalcarmagazine.com.tr\/Web\/wp-content\/uploads\/Turkiyede-Yilin-Otomobili_2024-scaled.jpg 1580w\" sizes=\"(max-width: 632px) 100vw, 632px\" \/>Uzman otomotiv gazetecilerinden olu\u015fan OGD \u00fcyelerinin yapaca\u011f\u0131 test s\u00fcr\u00fc\u015fleri ve oylama sonucu aday modeller aras\u0131ndan belirlenecek 7 finalist otomobil Nisan ay\u0131nda a\u00e7\u0131klanacak.\u00a021 May\u0131s Sal\u0131 g\u00fcn\u00fc Intercity \u0130stanbul Park\u2019ta yap\u0131lacak test s\u00fcr\u00fc\u015f\u00fcn\u00fcn ard\u0131ndan yap\u0131lacak son oylama sonras\u0131nda finalist otomobiller aras\u0131ndan bir model, \u201cT\u00fcrkiye\u2019de Y\u0131l\u0131n Otomobili\u201d \u00f6d\u00fcl\u00fcn\u00fc kazanacak. Kazanan otomobil 11 Haziran\u2019da Intercity \u0130stanbul Park\u2019ta d\u00fczenlenecek \u00f6d\u00fcl t\u00f6reninde a\u00e7\u0131klanacak.<\/p>\n<p>\u201cY\u0131l\u0131n Tasar\u0131m\u0131\u201d,\u00a0Y\u0131l\u0131n \u0130novatif Projesi\u201d ve \u201cY\u0131l\u0131n Bas\u0131n Lansman\u0131\u201d kategorileri kapsam\u0131nda da \u00f6zel \u00f6d\u00fcllerin da\u011f\u0131t\u0131laca\u011f\u0131 \u00f6zel gecede OGD, bu y\u0131l ilk kez yeni bir kategoride daha \u00f6d\u00fcl verecek. \u00dcniversite \u00f6\u011frencilerinin projelerinin de\u011ferlendirilece\u011fi \u201cGelece\u011fin Otomotivcileri\u201d kategorisiyle sekt\u00f6r\u00fcn gelece\u011fini temsil eden \u00f6\u011frenciler \u00f6d\u00fcllendirilecek.<\/p>\n<p><strong>Bu y\u0131l dokuzuncusu d\u00fczenlenen \u201cT\u00fcrkiye\u2019de Y\u0131l\u0131n Otomobili\u201d se\u00e7imi i\u00e7in belirlenen aday 28 otomobil \u015fu \u015fekilde s\u0131ralan\u0131yor; <\/strong><\/p>\n<p><em>\u201cBMW 5 Serisi, BYD Atto 3, Chery Omoda 5, Chery Tiggo 7 Pro, Chery Tiggo 8 Pro, Dacia Spring, DFSK Fengon 5, DFSK Fengon 500, DFSK Glory 580, Ford Mustang Mach-E, Honda ZR-V, Honda CR-V, Hongqi E-HS9, Hyundai Kona, Hyundai IONIQ 6, Jeep Avenger, Kia Cerato, Kia EV9, Leapmotor T03, Lexus LM, Mercedes-Benz CLE Coupe, Mercedes-Benz E Serisi, MG Marvel R, Renault Austral, Renault Megane E-Tech, Tesla Model Y, Togg T10X, Toyota C-HR.\u201d<\/em><strong><em>\u00a0<\/em><\/strong><\/p>\n<p><strong><em>\u201c10. y\u0131l\u0131na giren OGD, sekt\u00f6r\u00fcn nabz\u0131n\u0131 tutarak t\u00fcketicilere y\u00f6n veriyor\u201d<\/em><\/strong><\/p>\n<p><strong><em>\u00a0<\/em><\/strong><strong>OGD Y\u00f6netim Kurulu Ba\u015fkan\u0131 Ufuk Sand\u0131k, bu y\u0131l 10\u2019uncu y\u0131l\u0131na giren OGD\u2019nin d\u00fczenledi\u011fi yar\u0131\u015fman\u0131n b\u00fcy\u00fck bir rekabete sahne olaca\u011f\u0131n\u0131 belirterek, \u201c2024 y\u0131l\u0131nda ger\u00e7ekle\u015ftirilecek T\u00fcrkiye\u2019de Y\u0131l\u0131n Otomobili (TYO) yar\u0131\u015fmas\u0131 olduk\u00e7a b\u00fcy\u00fck bir rekabete daha sahne olacak. Adaylar aras\u0131nda elektrikliler ve hibritler dahil olmak \u00fczere farkl\u0131 motor se\u00e7eneklerine sahip modeller var. Ayr\u0131ca farkl\u0131 segmentlerden bir\u00e7ok ara\u00e7 da yar\u0131\u015facak aday otomobiller aras\u0131nda. Artan rekabet ve daha fazla markan\u0131n T\u00fcrkiye pazar\u0131nda yer almas\u0131yla birlikte bu y\u0131l\u0131n finalistlerini belirlemek \u00e7ok daha zor olacak. T\u00fcrkiye\u2019de Y\u0131l\u0131n Otomobili yar\u0131\u015fmas\u0131 her ge\u00e7en y\u0131l daha fazla takip edilerek t\u00fcketicilere y\u00f6n vermeye devam ediyor. 2024\u2019te dokuzuncu kez ger\u00e7ekle\u015ftirmenin gururunu ya\u015fayaca\u011f\u0131m\u0131z T\u00fcrkiye\u2019de Y\u0131l\u0131n Otomobili yar\u0131\u015fmas\u0131 \u00f6nemli bir kilometre ta\u015f\u0131n\u0131 da geride b\u0131rakacak\u201d diye konu\u015ftu.<\/strong><\/p>\n<p>\u201cT\u00fcrkiye\u2019de Y\u0131l\u0131n Otomobili 2024\u201d Bosch, Bridgestone, D-Expert, Intercity, Shell Helix Motor Ya\u011flar\u0131 ve <a href=\"https:\/\/urldefense.com\/v3\/__http:\/sigortalad**Am.com__;xLE!!OwOGJ5V_Sw!kgNfDq3Odlvych_67p6n6YRjIzAQLq5Y5M7vDwXhzmP2bXKxrKz8ZyCvlbsmtrcegxxJs5mPB6Qa-rhdodCLK5scpA$\">sigortalad\u0131m.com<\/a> sponsorlu\u011funda ger\u00e7ekle\u015fiyor.<\/p>\n","protected":false},"excerpt":{"rendered":"<p>\u00a0Otomotiv Gazetecileri Derne\u011fi (OGD), taraf\u0131ndan bu y\u0131l dokuzuncusu ger\u00e7ekle\u015ftirilecek \u201cT\u00fcrkiye\u2019de Y\u0131l\u0131n Otomobili\u201d se\u00e7imi i\u00e7in aday otomobiller belli oldu. \u015eubat 2023 ile \u015eubat 2024 aras\u0131nda T\u00fcrkiye otomobil pazar\u0131nda sat\u0131\u015fa sunulan modeller aras\u0131ndan yap\u0131lan de\u011ferlendirme sonucunda 28 aday, \u201cY\u0131l\u0131n Otomobili\u201d \u00f6d\u00fcl\u00fcn\u00fc almak i\u00e7in yar\u0131\u015facak. Uzman otomotiv gazetecilerinden olu\u015fan OGD \u00fcyelerinin yapaca\u011f\u0131 test s\u00fcr\u00fc\u015fleri ve oylama sonucu aday [&hellip;]<\/p>\n","protected":false},"author":1,"featured_media":28599,"comment_status":"open","ping_status":"open","sticky":false,"template":"","format":"standard","meta":[],"categories":[1],"tags":[5183,16402,16431,16381,16309,14326,16579,16580,16581,16582,2585,16583,16584,16585,10978,16586,16587,16526,16588,16391,14645,16589,16590,15223,16356,16591,16592,2748,16577,16578],"_links":{"self":[{"href":"https:\/\/www.digitalcarmagazine.com.tr\/Web\/wp-json\/wp\/v2\/posts\/28598"}],"collection":[{"href":"https:\/\/www.digitalcarmagazine.com.tr\/Web\/wp-json\/wp\/v2\/posts"}],"about":[{"href":"https:\/\/www.digitalcarmagazine.com.tr\/Web\/wp-json\/wp\/v2\/types\/post"}],"author":[{"embeddable":true,"href":"https:\/\/www.digitalcarmagazine.com.tr\/Web\/wp-json\/wp\/v2\/users\/1"}],"replies":[{"embeddable":true,"href":"https:\/\/www.digitalcarmagazine.com.tr\/Web\/wp-json\/wp\/v2\/comments?post=28598"}],"version-history":[{"count":1,"href":"https:\/\/www.digitalcarmagazine.com.tr\/Web\/wp-json\/wp\/v2\/posts\/28598\/revisions"}],"predecessor-version":[{"id":28600,"href":"https:\/\/www.digitalcarmagazine.com.tr\/Web\/wp-json\/wp\/v2\/posts\/28598\/revisions\/28600"}],"wp:featuredmedia":[{"embeddable":true,"href":"https:\/\/www.digitalcarmagazine.com.tr\/Web\/wp-json\/wp\/v2\/media\/28599"}],"wp:attachment":[{"href":"https:\/\/www.digitalcarmagazine.com.tr\/Web\/wp-json\/wp\/v2\/media?parent=28598"}],"wp:term":[{"taxonomy":"category","embeddable":true,"href":"https:\/\/www.digitalcarmagazine.com.tr\/Web\/wp-json\/wp\/v2\/categories?post=28598"},{"taxonomy":"post_tag","embeddable":true,"href":"https:\/\/www.digitalcarmagazine.com.tr\/Web\/wp-json\/wp\/v2\/tags?post=28598"}],"curies":[{"name":"wp","href":"https:\/\/api.w.org\/{rel}","templated":true}]}}