{"id":28256,"date":"2023-12-09T13:11:45","date_gmt":"2023-12-09T10:11:45","guid":{"rendered":"https:\/\/www.digitalcarmagazine.com.tr\/Web\/?p=28256"},"modified":"2023-12-18T13:14:46","modified_gmt":"2023-12-18T10:14:46","slug":"mercedes-benz-en-degerli-7-marka","status":"publish","type":"post","link":"https:\/\/www.digitalcarmagazine.com.tr\/Web\/mercedes-benz-en-degerli-7-marka\/","title":{"rendered":"MERCEDES-BENZ EN DE\u011eERL\u0130 7. MARKA"},"content":{"rendered":"<p><strong>Interbrand taraf\u0131ndan yap\u0131lan de\u011ferlendirmede Mercedes-Benz, \u00fcst \u00fcste sekizinci kez d\u00fcnyan\u0131n en de\u011ferli markalar\u0131 aras\u0131nda yer al\u0131rken d\u00fcnyan\u0131n en de\u011ferli l\u00fcks otomobil markas\u0131 olmaya devam etti. <\/strong><strong>Marka de\u011feri 2022 y\u0131l\u0131na k\u0131yasla y\u00fczde dokuz daha artarak 61,414 milyar dolara ula\u015ft\u0131.<\/strong><\/p>\n<p><img loading=\"lazy\" class=\"alignnone size-large wp-image-28258\" src=\"https:\/\/www.digitalcarmagazine.com.tr\/Web\/wp-content\/uploads\/Mercedes-Benz_2-1024x576.jpg\" alt=\"\" width=\"840\" height=\"473\" srcset=\"https:\/\/www.digitalcarmagazine.com.tr\/Web\/wp-content\/uploads\/Mercedes-Benz_2-1024x576.jpg 1024w, https:\/\/www.digitalcarmagazine.com.tr\/Web\/wp-content\/uploads\/Mercedes-Benz_2-300x169.jpg 300w, https:\/\/www.digitalcarmagazine.com.tr\/Web\/wp-content\/uploads\/Mercedes-Benz_2-768x432.jpg 768w, https:\/\/www.digitalcarmagazine.com.tr\/Web\/wp-content\/uploads\/Mercedes-Benz_2-600x338.jpg 600w, https:\/\/www.digitalcarmagazine.com.tr\/Web\/wp-content\/uploads\/Mercedes-Benz_2.jpg 1280w\" sizes=\"(max-width: 840px) 100vw, 840px\" \/>Mercedes-Benz, Interbrand\u2019in her y\u0131l a\u00e7\u0131klad\u0131\u011f\u0131 \u2018D\u00fcnyan\u0131n En \u0130yi 100 Markas\u0131\u2019 ara\u015ft\u0131rmas\u0131nda y\u00fckseli\u015fini s\u00fcrd\u00fcr\u00fcyor. Yedinci s\u0131raya y\u00fckselen Mercedes-Benz, \u00fcst \u00fcste sekizinci kez d\u00fcnyan\u0131n en de\u011ferli on markas\u0131 aras\u0131nda yer ald\u0131. Dikkate de\u011fer esteti\u011fi, yenilik\u00e7i teknolojileri ve b\u00fct\u00fcnle\u015fik s\u00fcrd\u00fcr\u00fclebilirli\u011fi ile etkileyici bir marka olan Mercedes-Benz\u2019in marka de\u011feri y\u00fczde dokuzluk art\u0131\u015fla 61,414 milyar dolara ula\u015ft\u0131.<\/p>\n<p><img loading=\"lazy\" class=\"alignnone size-large wp-image-28257\" src=\"https:\/\/www.digitalcarmagazine.com.tr\/Web\/wp-content\/uploads\/Mercedes-Benz_1-1024x682.jpg\" alt=\"\" width=\"840\" height=\"559\" srcset=\"https:\/\/www.digitalcarmagazine.com.tr\/Web\/wp-content\/uploads\/Mercedes-Benz_1-1024x682.jpg 1024w, https:\/\/www.digitalcarmagazine.com.tr\/Web\/wp-content\/uploads\/Mercedes-Benz_1-300x200.jpg 300w, https:\/\/www.digitalcarmagazine.com.tr\/Web\/wp-content\/uploads\/Mercedes-Benz_1-768x512.jpg 768w, https:\/\/www.digitalcarmagazine.com.tr\/Web\/wp-content\/uploads\/Mercedes-Benz_1-600x400.jpg 600w, https:\/\/www.digitalcarmagazine.com.tr\/Web\/wp-content\/uploads\/Mercedes-Benz_1.jpg 1280w\" sizes=\"(max-width: 840px) 100vw, 840px\" \/>2021&#8217;de stratejik d\u00fczenlemeye giden \u015firket, markan\u0131n \u00f6z\u00fcn\u00fc \u2018\u0130konik L\u00fcks Arzusu\u2019 \u015feklinde tan\u0131mlayarak iki temel \u00f6zelli\u011fi bir araya getiriyor. \u00c7ok say\u0131da stil belirleyici ikon yaratm\u0131\u015f l\u00fcks bir otomobil \u00fcreticisi olarak g\u00fc\u00e7l\u00fc k\u00f6klere sahip olan marka ayr\u0131ca inovasyon lideri olarak otomobilin geli\u015fimini ileriye g\u00f6t\u00fcren \u00f6nc\u00fc bir ruha da sahip.<\/p>\n<p>1999 y\u0131l\u0131ndan bu yana d\u00fcnyan\u0131n en de\u011ferli markalar\u0131n\u0131 ara\u015ft\u0131ran ve analiz eden ABD&#8217;li marka dan\u0131\u015fmanl\u0131k \u015firketi Interbrand, t\u00fcm adaylar\u0131 \u2018Markan\u0131n \u00fcr\u00fcn veya hizmetlerinin finansal performans\u0131\u2019, \u2018Markan\u0131n sat\u0131n alma karar s\u00fcrecindeki rol\u00fc\u2019 ve \u2018Markan\u0131n \u015firketin gelecekteki kazan\u00e7lar\u0131n\u0131 g\u00fcvence alt\u0131na alma a\u00e7\u0131s\u0131ndan g\u00fcc\u00fc\u2019 ba\u015fl\u0131klar\u0131 alt\u0131nda de\u011ferlendiriyor.<\/p>\n","protected":false},"excerpt":{"rendered":"<p>Interbrand taraf\u0131ndan yap\u0131lan de\u011ferlendirmede Mercedes-Benz, \u00fcst \u00fcste sekizinci kez d\u00fcnyan\u0131n en de\u011ferli markalar\u0131 aras\u0131nda yer al\u0131rken d\u00fcnyan\u0131n en de\u011ferli l\u00fcks otomobil markas\u0131 olmaya devam etti. Marka de\u011feri 2022 y\u0131l\u0131na k\u0131yasla y\u00fczde dokuz daha artarak 61,414 milyar dolara ula\u015ft\u0131. Mercedes-Benz, Interbrand\u2019in her y\u0131l a\u00e7\u0131klad\u0131\u011f\u0131 \u2018D\u00fcnyan\u0131n En \u0130yi 100 Markas\u0131\u2019 ara\u015ft\u0131rmas\u0131nda y\u00fckseli\u015fini s\u00fcrd\u00fcr\u00fcyor. Yedinci s\u0131raya y\u00fckselen Mercedes-Benz, [&hellip;]<\/p>\n","protected":false},"author":1,"featured_media":28258,"comment_status":"open","ping_status":"open","sticky":false,"template":"","format":"standard","meta":[],"categories":[1],"tags":[16457,98],"_links":{"self":[{"href":"https:\/\/www.digitalcarmagazine.com.tr\/Web\/wp-json\/wp\/v2\/posts\/28256"}],"collection":[{"href":"https:\/\/www.digitalcarmagazine.com.tr\/Web\/wp-json\/wp\/v2\/posts"}],"about":[{"href":"https:\/\/www.digitalcarmagazine.com.tr\/Web\/wp-json\/wp\/v2\/types\/post"}],"author":[{"embeddable":true,"href":"https:\/\/www.digitalcarmagazine.com.tr\/Web\/wp-json\/wp\/v2\/users\/1"}],"replies":[{"embeddable":true,"href":"https:\/\/www.digitalcarmagazine.com.tr\/Web\/wp-json\/wp\/v2\/comments?post=28256"}],"version-history":[{"count":1,"href":"https:\/\/www.digitalcarmagazine.com.tr\/Web\/wp-json\/wp\/v2\/posts\/28256\/revisions"}],"predecessor-version":[{"id":28260,"href":"https:\/\/www.digitalcarmagazine.com.tr\/Web\/wp-json\/wp\/v2\/posts\/28256\/revisions\/28260"}],"wp:featuredmedia":[{"embeddable":true,"href":"https:\/\/www.digitalcarmagazine.com.tr\/Web\/wp-json\/wp\/v2\/media\/28258"}],"wp:attachment":[{"href":"https:\/\/www.digitalcarmagazine.com.tr\/Web\/wp-json\/wp\/v2\/media?parent=28256"}],"wp:term":[{"taxonomy":"category","embeddable":true,"href":"https:\/\/www.digitalcarmagazine.com.tr\/Web\/wp-json\/wp\/v2\/categories?post=28256"},{"taxonomy":"post_tag","embeddable":true,"href":"https:\/\/www.digitalcarmagazine.com.tr\/Web\/wp-json\/wp\/v2\/tags?post=28256"}],"curies":[{"name":"wp","href":"https:\/\/api.w.org\/{rel}","templated":true}]}}