{"id":27641,"date":"2023-07-16T21:18:38","date_gmt":"2023-07-16T18:18:38","guid":{"rendered":"https:\/\/www.digitalcarmagazine.com.tr\/Web\/?p=27641"},"modified":"2023-07-22T21:29:24","modified_gmt":"2023-07-22T18:29:24","slug":"citroen-turkiye-fransanin-ensesinde","status":"publish","type":"post","link":"https:\/\/www.digitalcarmagazine.com.tr\/Web\/citroen-turkiye-fransanin-ensesinde\/","title":{"rendered":"CITROEN T\u00dcRK\u0130YE FRANSA&#8217;NIN ENSES\u0130NDE"},"content":{"rendered":"<p><strong><img loading=\"lazy\" class=\"alignnone size-large wp-image-27647\" src=\"https:\/\/www.digitalcarmagazine.com.tr\/Web\/wp-content\/uploads\/Citroe\u0308n-Tu\u0308rkiye-Genel-Mu\u0308du\u0308ru\u0308-Selen-Alkim-1024x683.jpg\" alt=\"\" width=\"840\" height=\"560\" srcset=\"https:\/\/www.digitalcarmagazine.com.tr\/Web\/wp-content\/uploads\/Citroe\u0308n-Tu\u0308rkiye-Genel-Mu\u0308du\u0308ru\u0308-Selen-Alkim-1024x683.jpg 1024w, https:\/\/www.digitalcarmagazine.com.tr\/Web\/wp-content\/uploads\/Citroe\u0308n-Tu\u0308rkiye-Genel-Mu\u0308du\u0308ru\u0308-Selen-Alkim-300x200.jpg 300w, https:\/\/www.digitalcarmagazine.com.tr\/Web\/wp-content\/uploads\/Citroe\u0308n-Tu\u0308rkiye-Genel-Mu\u0308du\u0308ru\u0308-Selen-Alkim-768x512.jpg 768w, https:\/\/www.digitalcarmagazine.com.tr\/Web\/wp-content\/uploads\/Citroe\u0308n-Tu\u0308rkiye-Genel-Mu\u0308du\u0308ru\u0308-Selen-Alkim-1536x1024.jpg 1536w, https:\/\/www.digitalcarmagazine.com.tr\/Web\/wp-content\/uploads\/Citroe\u0308n-Tu\u0308rkiye-Genel-Mu\u0308du\u0308ru\u0308-Selen-Alkim-2048x1365.jpg 2048w, https:\/\/www.digitalcarmagazine.com.tr\/Web\/wp-content\/uploads\/Citroe\u0308n-Tu\u0308rkiye-Genel-Mu\u0308du\u0308ru\u0308-Selen-Alkim-1920x1280.jpg 1920w, https:\/\/www.digitalcarmagazine.com.tr\/Web\/wp-content\/uploads\/Citroe\u0308n-Tu\u0308rkiye-Genel-Mu\u0308du\u0308ru\u0308-Selen-Alkim-600x400.jpg 600w\" sizes=\"(max-width: 840px) 100vw, 840px\" \/>Konforu \u00f6n planda tutan yenilik\u00e7i ve y\u00fcksek teknolojili modelleriyle otomotiv tarihinin en k\u00f6kl\u00fc \u00fcreticilerinden olan Citro\u00ebn,\u00a0 y\u0131l ba\u015f\u0131ndan bu yana artan sat\u0131\u015f performans\u0131n\u0131 haziran ay\u0131 verileriyle ta\u00e7land\u0131rd\u0131. Haziran ay\u0131nda 8 bin 14 adet ara\u00e7 sat\u0131\u015f\u0131 ger\u00e7ekle\u015ftiren Citro\u00ebn, y\u0131l\u0131n ilk yar\u0131s\u0131n\u0131 ise 32 bin 30 adetlik toplam sat\u0131\u015fla tamamlad\u0131. T\u00fcrk t\u00fcketicisinin Citro\u00ebn modellerine olan ilgisinin kendilerini memnun etti\u011fini s\u00f6yleyen Citro\u00ebn T\u00fcrkiye Genel M\u00fcd\u00fcr\u00fc Selen Alk\u0131m, \u201c\u00d6zellikle mart ay\u0131ndan itibaren sat\u0131\u015flar\u0131m\u0131zda b\u00fcy\u00fck bir art\u0131\u015f trendine girdik. Ge\u00e7en y\u0131l\u0131 28 bin 831 adetlik sat\u0131\u015f rakam\u0131yla kapatm\u0131\u015ft\u0131k. Elektrikli mobilite \u00e7\u00f6z\u00fcm\u00fc Citro\u00ebn Ami\u2019yi de ekledi\u011fimizde sat\u0131\u015flar\u0131m\u0131z yakla\u015f\u0131k 30 bin seviyesini bulmu\u015ftu. Bu y\u0131l ise hen\u00fcz 6 ayda, ge\u00e7en y\u0131l\u0131n toplam sat\u0131\u015f\u0131n\u0131 geride b\u0131rakt\u0131k. Y\u0131l\u0131n ilk yar\u0131s\u0131ndaki performans\u0131m\u0131z ile global pazarda \u00fc\u00e7\u00fcnc\u00fc s\u0131raya y\u00fckseldik. Haziran ay\u0131 baz al\u0131nd\u0131\u011f\u0131nda ise T\u00fcrkiye olarak, Fransa\u2019dan sonra en fazla Citro\u00ebn\u2019in sat\u0131ld\u0131\u011f\u0131 \u00fclke olmay\u0131 ba\u015fard\u0131k\u201d dedi.<\/strong><\/p>\n<p>Otomotiv sekt\u00f6r\u00fcn\u00fcn en k\u00f6kl\u00fc oyuncular\u0131ndan Citro\u00ebn, konforu \u00f6n planda tutan yenilik\u00e7i modelleriyle t\u00fcketicilerin tercihi olmaya devam ediyor. Y\u0131l ba\u015f\u0131ndan bu yana artan performans\u0131yla T\u00fcrkiye pazar\u0131nda \u00f6ne \u00e7\u0131kan Citro\u00ebn, haziran ay\u0131nda ger\u00e7ekle\u015ftirdi\u011fi 8 bin 14 adetlik sat\u0131\u015fla ay\u0131 5\u2019inci s\u0131rada tamamlad\u0131. Markan\u0131n ilk 6 ayl\u0131k sat\u0131\u015flar\u0131 ise, ge\u00e7en y\u0131l\u0131n ayn\u0131 d\u00f6nemine g\u00f6re 2,5 kat artarak 32 bin 30 adede ula\u015ft\u0131. Markan\u0131n dikkat \u00e7ekici sat\u0131\u015f performans\u0131, T\u00fcrkiye\u2019nin global pazardaki konumunu da g\u00fc\u00e7lendirdi.\u00a0 May\u0131s ay\u0131nda oldu\u011fu gibi haziranda da d\u00fcnyada Citro\u00ebn\u2019in en fazla sat\u0131\u015f yap\u0131lan ikinci \u00fclkesi olan T\u00fcrkiye, ilk 6 ayl\u0131k d\u00f6nemde de globalde 5\u2019inci s\u0131radan 3\u2019\u00fcnc\u00fcl\u00fc\u011fe y\u00fckselmi\u015f oldu.<\/p>\n<p><img loading=\"lazy\" class=\"alignnone wp-image-27645 size-large\" src=\"https:\/\/www.digitalcarmagazine.com.tr\/Web\/wp-content\/uploads\/Citroe\u0308n-C5-Aircross-SUV-1024x575.jpg\" alt=\"\" width=\"840\" height=\"472\" srcset=\"https:\/\/www.digitalcarmagazine.com.tr\/Web\/wp-content\/uploads\/Citroe\u0308n-C5-Aircross-SUV-1024x575.jpg 1024w, https:\/\/www.digitalcarmagazine.com.tr\/Web\/wp-content\/uploads\/Citroe\u0308n-C5-Aircross-SUV-300x168.jpg 300w, https:\/\/www.digitalcarmagazine.com.tr\/Web\/wp-content\/uploads\/Citroe\u0308n-C5-Aircross-SUV-768x431.jpg 768w, https:\/\/www.digitalcarmagazine.com.tr\/Web\/wp-content\/uploads\/Citroe\u0308n-C5-Aircross-SUV-1536x862.jpg 1536w, https:\/\/www.digitalcarmagazine.com.tr\/Web\/wp-content\/uploads\/Citroe\u0308n-C5-Aircross-SUV-2048x1150.jpg 2048w, https:\/\/www.digitalcarmagazine.com.tr\/Web\/wp-content\/uploads\/Citroe\u0308n-C5-Aircross-SUV-1920x1078.jpg 1920w, https:\/\/www.digitalcarmagazine.com.tr\/Web\/wp-content\/uploads\/Citroe\u0308n-C5-Aircross-SUV-600x337.jpg 600w\" sizes=\"(max-width: 840px) 100vw, 840px\" \/><\/p>\n<p><strong>6 ayda 2022 sat\u0131\u015flar\u0131n\u0131 geride b\u0131rakt\u0131k!<\/strong><\/p>\n<p>Citro\u00ebn\u2019in ilk 6 ayda 5 bin 361 adetle en fazla tercih edilen modeli olan C3, haziran ay\u0131nda y\u00fczde 7,6\u2019l\u0131k pazar pay\u0131na ula\u015ft\u0131. B-HB segmentinde 3\u2019\u00fcnc\u00fc s\u0131rada yer alan C3, ge\u00e7en y\u0131l\u0131n ayn\u0131 ay\u0131na g\u00f6re sat\u0131\u015flar\u0131n\u0131 y\u00fczde 125 art\u0131rarak dikkatleri \u00fczerine \u00e7ekti. Markan\u0131n kompakt HB modeli C4 ise, segmentinde y\u00fczde 11,5\u2019lik paya ula\u015ft\u0131 ve ikinci s\u0131raya y\u00fckseldi.\u00a0 Markan\u0131n SUV segment temsilcileri C3 Aircross ve C5 Aircross modelleri de, 2022 y\u0131l\u0131n\u0131n haziran ay\u0131na g\u00f6re sat\u0131\u015flar\u0131n\u0131 s\u0131r\u0131s\u0131yla y\u00fczde 49 ve y\u00fczde 229 seviyesinde art\u0131rm\u0131\u015f oldu. Citro\u00ebn, binek ara\u00e7taki performans\u0131n\u0131 hafif ticari ara\u00e7 pazar\u0131nda da s\u00fcrd\u00fcrd\u00fc. Markan\u0131n iddial\u0131 oyuncusu Berlingo, haziran ay\u0131nda elde etti\u011fi y\u00fczde 19,3\u2019l\u00fck pazar pay\u0131yla segmentinin en fazla sat\u0131lan ikinci modeli oldu. Berlingo, ge\u00e7en y\u0131l\u0131n ayn\u0131 ay\u0131na g\u00f6re de sat\u0131\u015flar\u0131n\u0131 y\u00fczde 277 art\u0131rarak \u00f6ne \u00e7\u0131kt\u0131. T\u00fcrk t\u00fcketicisinin Citro\u00ebn modellerine olan ilgisinin kendilerini memnun etti\u011fini s\u00f6yleyen Citro\u00ebn T\u00fcrkiye Genel M\u00fcd\u00fcr Selen Alk\u0131m, \u201c\u00d6zellikle mart ay\u0131ndan itibaren sat\u0131\u015flar\u0131m\u0131zda b\u00fcy\u00fck bir art\u0131\u015f trendine giri\u015f yapt\u0131k. Ge\u00e7en y\u0131l\u0131 28 bin 831 adetlik sat\u0131\u015f rakam\u0131yla kapatm\u0131\u015ft\u0131k. Elektrikli mobilite \u00e7\u00f6z\u00fcm\u00fc Citro\u00ebn Ami\u2019yi de ekledi\u011fimizde sat\u0131\u015flar\u0131m\u0131z yakla\u015f\u0131k 30 bin adet seviyesini bulmu\u015ftu. Bu y\u0131l ise hen\u00fcz 6 ayda, ge\u00e7en y\u0131l\u0131n toplam sat\u0131\u015f\u0131n\u0131 geride b\u0131rakt\u0131k\u201d dedi.<\/p>\n<p><strong><img loading=\"lazy\" class=\"alignnone size-large wp-image-27646\" src=\"https:\/\/www.digitalcarmagazine.com.tr\/Web\/wp-content\/uploads\/Citroe\u0308n-e\u0308-C4-1024x496.jpg\" alt=\"\" width=\"840\" height=\"407\" srcset=\"https:\/\/www.digitalcarmagazine.com.tr\/Web\/wp-content\/uploads\/Citroe\u0308n-e\u0308-C4-1024x496.jpg 1024w, https:\/\/www.digitalcarmagazine.com.tr\/Web\/wp-content\/uploads\/Citroe\u0308n-e\u0308-C4-300x145.jpg 300w, https:\/\/www.digitalcarmagazine.com.tr\/Web\/wp-content\/uploads\/Citroe\u0308n-e\u0308-C4-768x372.jpg 768w, https:\/\/www.digitalcarmagazine.com.tr\/Web\/wp-content\/uploads\/Citroe\u0308n-e\u0308-C4-1536x744.jpg 1536w, https:\/\/www.digitalcarmagazine.com.tr\/Web\/wp-content\/uploads\/Citroe\u0308n-e\u0308-C4-2048x992.jpg 2048w, https:\/\/www.digitalcarmagazine.com.tr\/Web\/wp-content\/uploads\/Citroe\u0308n-e\u0308-C4-1920x930.jpg 1920w, https:\/\/www.digitalcarmagazine.com.tr\/Web\/wp-content\/uploads\/Citroe\u0308n-e\u0308-C4-600x291.jpg 600w\" sizes=\"(max-width: 840px) 100vw, 840px\" \/>Fransa\u2019dan sonra en \u00e7ok Citro\u00ebn, T\u00fcrkiye\u2019de sat\u0131ld\u0131!<\/strong><\/p>\n<p>Y\u0131l\u0131n ilk yar\u0131s\u0131ndaki performansla Citro\u00ebn T\u00fcrkiye\u2019nin global pazarda \u00fc\u00e7\u00fcnc\u00fc s\u0131raya y\u00fckseldi\u011fini vurgulayan Selen Alk\u0131m, \u201cHaziran ay\u0131 baz al\u0131nd\u0131\u011f\u0131nda ise T\u00fcrkiye olarak, Fransa\u2019dan sonra d\u00fcnyada en fazla Citro\u00ebn\u2019in sat\u0131ld\u0131\u011f\u0131 \u00fclke olmay\u0131 ba\u015fard\u0131k. Sat\u0131\u015flar\u0131m\u0131zdaki b\u00fcy\u00fck art\u0131\u015fta, binek modeller kadar hafif ticari \u00fcr\u00fcn gam\u0131m\u0131z\u0131n da b\u00fcy\u00fck pay\u0131 bulunuyor. Bu y\u0131l hedefimiz sat\u0131\u015flar\u0131m\u0131zda hafif ticari modellerimizin pay\u0131n\u0131 y\u00fczde 30\u2019a \u00e7\u0131karmakt\u0131. \u0130lk 6 ayda 10 bin 71 adet ticari ara\u00e7 sat\u0131\u015f\u0131 yapt\u0131k. Bug\u00fcn itibar\u0131yla sat\u0131\u015flar\u0131m\u0131zdaki hafif ticari ara\u00e7lar\u0131n pay\u0131 y\u00fczde 31,4 seviyesine ula\u015ft\u0131.\u00a0 \u00d6zellikle Berlingo modelimizde ticari tarafta da iddial\u0131y\u0131z\u201d diye konu\u015ftu.<\/p>\n","protected":false},"excerpt":{"rendered":"<p>Konforu \u00f6n planda tutan yenilik\u00e7i ve y\u00fcksek teknolojili modelleriyle otomotiv tarihinin en k\u00f6kl\u00fc \u00fcreticilerinden olan Citro\u00ebn,\u00a0 y\u0131l ba\u015f\u0131ndan bu yana artan sat\u0131\u015f performans\u0131n\u0131 haziran ay\u0131 verileriyle ta\u00e7land\u0131rd\u0131. Haziran ay\u0131nda 8 bin 14 adet ara\u00e7 sat\u0131\u015f\u0131 ger\u00e7ekle\u015ftiren Citro\u00ebn, y\u0131l\u0131n ilk yar\u0131s\u0131n\u0131 ise 32 bin 30 adetlik toplam sat\u0131\u015fla tamamlad\u0131. T\u00fcrk t\u00fcketicisinin Citro\u00ebn modellerine olan ilgisinin kendilerini [&hellip;]<\/p>\n","protected":false},"author":1,"featured_media":27647,"comment_status":"open","ping_status":"open","sticky":false,"template":"","format":"standard","meta":[],"categories":[8060,1],"tags":[192,16264,5102,16263],"_links":{"self":[{"href":"https:\/\/www.digitalcarmagazine.com.tr\/Web\/wp-json\/wp\/v2\/posts\/27641"}],"collection":[{"href":"https:\/\/www.digitalcarmagazine.com.tr\/Web\/wp-json\/wp\/v2\/posts"}],"about":[{"href":"https:\/\/www.digitalcarmagazine.com.tr\/Web\/wp-json\/wp\/v2\/types\/post"}],"author":[{"embeddable":true,"href":"https:\/\/www.digitalcarmagazine.com.tr\/Web\/wp-json\/wp\/v2\/users\/1"}],"replies":[{"embeddable":true,"href":"https:\/\/www.digitalcarmagazine.com.tr\/Web\/wp-json\/wp\/v2\/comments?post=27641"}],"version-history":[{"count":1,"href":"https:\/\/www.digitalcarmagazine.com.tr\/Web\/wp-json\/wp\/v2\/posts\/27641\/revisions"}],"predecessor-version":[{"id":27648,"href":"https:\/\/www.digitalcarmagazine.com.tr\/Web\/wp-json\/wp\/v2\/posts\/27641\/revisions\/27648"}],"wp:featuredmedia":[{"embeddable":true,"href":"https:\/\/www.digitalcarmagazine.com.tr\/Web\/wp-json\/wp\/v2\/media\/27647"}],"wp:attachment":[{"href":"https:\/\/www.digitalcarmagazine.com.tr\/Web\/wp-json\/wp\/v2\/media?parent=27641"}],"wp:term":[{"taxonomy":"category","embeddable":true,"href":"https:\/\/www.digitalcarmagazine.com.tr\/Web\/wp-json\/wp\/v2\/categories?post=27641"},{"taxonomy":"post_tag","embeddable":true,"href":"https:\/\/www.digitalcarmagazine.com.tr\/Web\/wp-json\/wp\/v2\/tags?post=27641"}],"curies":[{"name":"wp","href":"https:\/\/api.w.org\/{rel}","templated":true}]}}