{"id":27495,"date":"2023-06-11T10:24:20","date_gmt":"2023-06-11T07:24:20","guid":{"rendered":"https:\/\/www.digitalcarmagazine.com.tr\/Web\/?p=27495"},"modified":"2023-06-11T19:06:45","modified_gmt":"2023-06-11T16:06:45","slug":"yenilenen-fiat-doblo-satisa-sunuldu","status":"publish","type":"post","link":"https:\/\/www.digitalcarmagazine.com.tr\/Web\/yenilenen-fiat-doblo-satisa-sunuldu\/","title":{"rendered":"YEN\u0130LENEN FIAT DOBLO SATI\u015eA SUNULDU"},"content":{"rendered":"<h3>Yeni Fiat Doblo T\u00fcrkiye&#8217;de sat\u0131\u015fa sunuldu. Yeni y\u00fcz\u00fc, yeni teknolojileri ile beklentileri fazlas\u0131yla kar\u015f\u0131layacak Doblo, hem manuel hem de otomatik \u015fanz\u0131man se\u00e7enekleri ile sunuluyor&#8230;<\/h3>\n<p><img loading=\"lazy\" class=\"alignnone size-large wp-image-27500\" src=\"https:\/\/www.digitalcarmagazine.com.tr\/Web\/wp-content\/uploads\/Yeni-FIAT-DOBLO-3-1024x683.jpg\" alt=\"\" width=\"840\" height=\"560\" srcset=\"https:\/\/www.digitalcarmagazine.com.tr\/Web\/wp-content\/uploads\/Yeni-FIAT-DOBLO-3-1024x683.jpg 1024w, https:\/\/www.digitalcarmagazine.com.tr\/Web\/wp-content\/uploads\/Yeni-FIAT-DOBLO-3-300x200.jpg 300w, https:\/\/www.digitalcarmagazine.com.tr\/Web\/wp-content\/uploads\/Yeni-FIAT-DOBLO-3-768x512.jpg 768w, https:\/\/www.digitalcarmagazine.com.tr\/Web\/wp-content\/uploads\/Yeni-FIAT-DOBLO-3-1536x1024.jpg 1536w, https:\/\/www.digitalcarmagazine.com.tr\/Web\/wp-content\/uploads\/Yeni-FIAT-DOBLO-3-600x400.jpg 600w, https:\/\/www.digitalcarmagazine.com.tr\/Web\/wp-content\/uploads\/Yeni-FIAT-DOBLO-3.jpg 1900w\" sizes=\"(max-width: 840px) 100vw, 840px\" \/>Fiat Doblo 2000 y\u0131l\u0131nda T\u00fcrkiye&#8217;de, T\u00fcrk i\u015f\u00e7isinin eme\u011fi ile \u00fcretilmeye ba\u015fland\u0131 ve D\u00fcnyaya ihra\u00e7 edildi. Bu\u00a0 ge\u00e7en s\u00fcre\u00e7te 2,3 milyon adetlik bir \u00fcretim ger\u00e7ekle\u015fti. 1, 7 milyon adedi ise ihra\u00e7 edildi. Bu \u00fcretim adetlerinin 5&#8217;te 1&#8217;i ise T\u00fcrkiye topraklar\u0131nda sat\u0131ld\u0131. Art\u0131k \u00fclkemizde \u00fcretilmiyor. \u0130spanya ve Portekiz topraklar\u0131nda \u00fcretilen Doblo&#8217;yu art\u0131k ithal ediyoruz. Bu durum Fiat Doblo&#8217;ya olan ilgiyi azaltmayacakt\u0131r. Bodrum&#8217;da yap\u0131lan bas\u0131n lansman\u0131nda da Fiat y\u00f6neticilerinin bu konuda bir \u015f\u00fcphesi yok. Zira bir y\u0131ll\u0131k sat\u0131\u015f hedefinde 20 bin adetlik bir rakam\u0131 \u00e7ok rahat s\u00f6yl\u00fcyorlar. Zaten bug\u00fcne kadarki y\u0131ll\u0131k ortalamas\u0131na bakarsak 23 bin adetler civar\u0131nda.<\/p>\n<figure id=\"attachment_27496\" aria-describedby=\"caption-attachment-27496\" style=\"width: 840px\" class=\"wp-caption alignnone\"><img loading=\"lazy\" class=\"wp-image-27496 size-large\" src=\"https:\/\/www.digitalcarmagazine.com.tr\/Web\/wp-content\/uploads\/FIAT-Marka-Direkto\u0308ru\u0308-Altan-Aytac\u0327-Pazarlama-Mu\u0308du\u0308ru\u0308-Burak-Umur-C\u0327elik-1024x683.jpg\" alt=\"\" width=\"840\" height=\"560\" srcset=\"https:\/\/www.digitalcarmagazine.com.tr\/Web\/wp-content\/uploads\/FIAT-Marka-Direkto\u0308ru\u0308-Altan-Aytac\u0327-Pazarlama-Mu\u0308du\u0308ru\u0308-Burak-Umur-C\u0327elik-1024x683.jpg 1024w, https:\/\/www.digitalcarmagazine.com.tr\/Web\/wp-content\/uploads\/FIAT-Marka-Direkto\u0308ru\u0308-Altan-Aytac\u0327-Pazarlama-Mu\u0308du\u0308ru\u0308-Burak-Umur-C\u0327elik-300x200.jpg 300w, https:\/\/www.digitalcarmagazine.com.tr\/Web\/wp-content\/uploads\/FIAT-Marka-Direkto\u0308ru\u0308-Altan-Aytac\u0327-Pazarlama-Mu\u0308du\u0308ru\u0308-Burak-Umur-C\u0327elik-768x512.jpg 768w, https:\/\/www.digitalcarmagazine.com.tr\/Web\/wp-content\/uploads\/FIAT-Marka-Direkto\u0308ru\u0308-Altan-Aytac\u0327-Pazarlama-Mu\u0308du\u0308ru\u0308-Burak-Umur-C\u0327elik-1536x1024.jpg 1536w, https:\/\/www.digitalcarmagazine.com.tr\/Web\/wp-content\/uploads\/FIAT-Marka-Direkto\u0308ru\u0308-Altan-Aytac\u0327-Pazarlama-Mu\u0308du\u0308ru\u0308-Burak-Umur-C\u0327elik-600x400.jpg 600w, https:\/\/www.digitalcarmagazine.com.tr\/Web\/wp-content\/uploads\/FIAT-Marka-Direkto\u0308ru\u0308-Altan-Aytac\u0327-Pazarlama-Mu\u0308du\u0308ru\u0308-Burak-Umur-C\u0327elik.jpg 1800w\" sizes=\"(max-width: 840px) 100vw, 840px\" \/><figcaption id=\"caption-attachment-27496\" class=\"wp-caption-text\">Fiat \/ Marka Direkt\u00f6r\u00fc Altan Ayta\u00e7 (solda) \/ Pazarlama M\u00fcd\u00fcr\u00fc Burak Umur \u00c7elik (sa\u011fda)<\/figcaption><\/figure>\n<p>Yeni Nesil Fiat Doblo\u2019nun tan\u0131t\u0131ld\u0131\u011f\u0131 bas\u0131n etkinli\u011finde konu\u015fan <strong>Marka Direkt\u00f6r\u00fc Altan Ayta\u00e7<\/strong> \u201cFIAT Professional markas\u0131 olarak 2022 y\u0131l\u0131n\u0131 hafif ticari ara\u00e7lar \u00fcr\u00fcn gam\u0131m\u0131z\u0131 b\u00fcy\u00fcterek kapatm\u0131\u015ft\u0131k. Ge\u00e7ti\u011fimiz y\u0131l 49 bin adet sat\u0131\u015f ger\u00e7ekle\u015ftirdik ve hafif ticari ara\u00e7 pazar\u0131ndan y\u00fczde 26 pay ald\u0131k. Doblo ve Fiorino\u2019nun ba\u015far\u0131l\u0131 performanslar\u0131 s\u00fcrd\u00fc, modellerimiz minivan segmentinin lideri oldular. Ge\u00e7en y\u0131l aral\u0131k ay\u0131nda orta ticari ara\u00e7 segmentine Fiat Scudo ve Ulysse ile yeniden ve g\u00fc\u00e7l\u00fc bir \u015fekilde giri\u015f yapt\u0131k ve hafif ticari ara\u00e7 pazar\u0131n\u0131n farkl\u0131 segmentlerindeki t\u00fcm m\u00fc\u015fteri ihtiya\u00e7lar\u0131na y\u00f6nelik \u00e7\u00f6z\u00fcmler sunmaya ba\u015flad\u0131k.\u201d dedi. S\u00f6zlerine 2023 T\u00fcrkiye Toplam Otomotiv Pazar\u0131\u2019n\u0131n ilk 5 ay\u0131n\u0131 de\u011ferlendirerek devam eden <strong>Altan Ayta\u00e7<\/strong>, FIAT markas\u0131n\u0131n T\u00fcrkiye otomobil ve hafif ticari ara\u00e7 toplam pazar\u0131n\u0131n 5 y\u0131ld\u0131r lideri oldu\u011funu hat\u0131rlatt\u0131. 2023 y\u0131l\u0131\u0131n ilk 5 ay\u0131nda, toplam pazar\u0131n 445 bin adet ger\u00e7ekle\u015fti\u011fini ve FIAT\u2019\u0131n\u00a0 85.249 adet ile \u00a0toplam pazardan %19,2 pazar pay ald\u0131\u011f\u0131n\u0131 s\u00f6yledi. <strong>Ayta\u00e7<\/strong> ayr\u0131ca markan\u0131n 59.465 binek otomobil sat\u0131\u015f\u0131 ve\u00a0 %17,5 Pazar pay\u0131na ula\u015ft\u0131\u011f\u0131na de\u011findi. \u00a0FIAT Professional markas\u0131n\u0131n ise\u00a0 25.784 adetlik sat\u0131\u015f ile pazarda %24,6\u2019l\u0131k pay sahibi oldu\u011funu s\u00f6zlerine ekledi. Egea\u2019n\u0131n, lansman\u0131ndan itibaren, yedi kez \u201cT\u00fcrkiye\u2019nin En \u00c7ok Tercih Edilen Otomobili\u201d oldu\u011funu; Doblo ve Fiorino\u2019nun minivan segmentinin liderli\u011fini s\u00fcrd\u00fcrd\u00fcklerini belirtti.<\/p>\n<p><img loading=\"lazy\" class=\"alignnone size-large wp-image-27501\" src=\"https:\/\/www.digitalcarmagazine.com.tr\/Web\/wp-content\/uploads\/Yeni-FIAT-DOBLO-4-1024x673.jpg\" alt=\"\" width=\"840\" height=\"552\" srcset=\"https:\/\/www.digitalcarmagazine.com.tr\/Web\/wp-content\/uploads\/Yeni-FIAT-DOBLO-4-1024x673.jpg 1024w, https:\/\/www.digitalcarmagazine.com.tr\/Web\/wp-content\/uploads\/Yeni-FIAT-DOBLO-4-300x197.jpg 300w, https:\/\/www.digitalcarmagazine.com.tr\/Web\/wp-content\/uploads\/Yeni-FIAT-DOBLO-4-768x504.jpg 768w, https:\/\/www.digitalcarmagazine.com.tr\/Web\/wp-content\/uploads\/Yeni-FIAT-DOBLO-4-1536x1009.jpg 1536w, https:\/\/www.digitalcarmagazine.com.tr\/Web\/wp-content\/uploads\/Yeni-FIAT-DOBLO-4-600x394.jpg 600w, https:\/\/www.digitalcarmagazine.com.tr\/Web\/wp-content\/uploads\/Yeni-FIAT-DOBLO-4.jpg 1900w\" sizes=\"(max-width: 840px) 100vw, 840px\" \/>Fiat Doblo\u2019nun be\u015finci neslinin de t\u0131pk\u0131 kendinden \u00f6nceki nesiller gibi; geni\u015f aileler i\u00e7in ideal yol arkada\u015f\u0131 olmay\u0131 s\u00fcrd\u00fcrd\u00fc\u011f\u00fcn\u00fc s\u00f6yleyen <strong>Pazarlama M\u00fcd\u00fcr\u00fc Burak Umur \u00c7elik <\/strong>ise \u201c2023 Haziran ay\u0131nda pazara sundu\u011fumuz Fiat Doblo, ticaretin profesyonellerinden, geni\u015f ailelere kadar t\u00fcm seyahatleri ve ihtiya\u00e7lar\u0131 konforlu ve teknolojik bir hale getirerek beklentileri en \u00fcst d\u00fczeyde kar\u015f\u0131layacak\u201d dedi. <strong>\u00c7elik<\/strong> ayr\u0131ca \u201cDoblo; \u015fehir i\u00e7inde konforlu, g\u00fcvenli, yenilik\u00e7i \u00e7\u00f6z\u00fcmleri sayesinde ticaretin profesyonellerinin de t\u00fcm ihtiya\u00e7lar\u0131na cevap verecek \u015fekilde yollarla bulu\u015fuyor. Fonksiyonellik, ta\u015f\u0131ma kapasitesi ve g\u00fcvenlik a\u00e7\u0131s\u0131ndan en \u00fcst seviyeyi sunuyor. M\u00fc\u015fteri gereksiniminlerini maksimum seviyede kar\u015f\u0131layacak \u015fekilde tasarlanan Dobl\u00f2\u2019da ilk bak\u0131\u015fta, arac\u0131n \u00f6n\u00fcne konumland\u0131r\u0131lan yeni FIAT logosu g\u00f6ze \u00e7arp\u0131yor. Yine arac\u0131n \u00f6n tasar\u0131m\u0131nda g\u00fc\u00e7l\u00fc kaput \u00e7izgileri ve iki far aras\u0131nda uzanan krom \u00e7\u0131ta di\u011fer dikkat \u00e7eken tasar\u0131m unsurlar\u0131 olarak dikkat \u00e7ekiyor. Yen Nesil Doblo\u2019nun T\u00fcrk t\u00fcketicisi taraf\u0131ndan sevilece\u011fine inan\u0131yoruz. Bundaki en \u00f6nemli unsurlardan biri, marka olarak; Doblo kullan\u0131c\u0131lar\u0131n\u0131 \u00e7ok iyi tan\u0131mam\u0131z ve bug\u00fcne kadar Doblo kullanan m\u00fc\u015fterilerimizin, yeni Doblo\u2019ya kar\u015f\u0131 duyduklar\u0131 heyecan. FIAT markas\u0131n\u0131n yayg\u0131n, deneyimli ve g\u00fc\u00e7l\u00fc bayi &amp; servis a\u011f\u0131, b\u00fcy\u00fck bir ticari ara\u00e7 m\u00fc\u015fteri portf\u00f6y\u00fcne sahip olmam\u0131z olacakt\u0131r. Bunun yan\u0131nda, Yeni Doblo\u2019da sunulan; \u00fcst d\u00fczey s\u00fcr\u00fc\u015f konforu sunan 8 ileri otomatik \u015fanz\u0131man se\u00e7ene\u011fiyle de yeni bir m\u00fc\u015fteri portf\u00f6y\u00fcne ula\u015faca\u011f\u0131m\u0131za inan\u0131yoruz.\u201ddedi.<\/p>\n<h5><img loading=\"lazy\" class=\"alignnone size-large wp-image-27499\" src=\"https:\/\/www.digitalcarmagazine.com.tr\/Web\/wp-content\/uploads\/Yeni-FIAT-DOBLO-2-1024x711.jpg\" alt=\"\" width=\"840\" height=\"583\" srcset=\"https:\/\/www.digitalcarmagazine.com.tr\/Web\/wp-content\/uploads\/Yeni-FIAT-DOBLO-2-1024x711.jpg 1024w, https:\/\/www.digitalcarmagazine.com.tr\/Web\/wp-content\/uploads\/Yeni-FIAT-DOBLO-2-300x208.jpg 300w, https:\/\/www.digitalcarmagazine.com.tr\/Web\/wp-content\/uploads\/Yeni-FIAT-DOBLO-2-768x533.jpg 768w, https:\/\/www.digitalcarmagazine.com.tr\/Web\/wp-content\/uploads\/Yeni-FIAT-DOBLO-2-1536x1066.jpg 1536w, https:\/\/www.digitalcarmagazine.com.tr\/Web\/wp-content\/uploads\/Yeni-FIAT-DOBLO-2-1920x1332.jpg 1920w, https:\/\/www.digitalcarmagazine.com.tr\/Web\/wp-content\/uploads\/Yeni-FIAT-DOBLO-2-600x416.jpg 600w, https:\/\/www.digitalcarmagazine.com.tr\/Web\/wp-content\/uploads\/Yeni-FIAT-DOBLO-2.jpg 2000w\" sizes=\"(max-width: 840px) 100vw, 840px\" \/>&#8220;Yeni Doblo, Yine Doblo&#8221; slogan\u0131 ile yollara \u00e7\u0131k\u0131yor<\/h5>\n<p>Fiat Doblo yeni Fiat logosu ve yeni y\u00fcz\u00fcyle \u015f\u0131k g\u00f6r\u00fcn\u00fcyor. Tasar\u0131m olarak beklentileri kar\u015f\u0131layaca\u011f\u0131 kesin. D\u0131\u015f tasar\u0131m\u0131nda \u00f6n b\u00f6l\u00fcm \u015f\u0131k. Sadece plastik tamponlar \u00fcretim karde\u015fleri kar\u015f\u0131s\u0131nda onu biraz zora sokacak gibi. \u00d6n b\u00f6l\u00fcm &#8220;elektrikli&#8221; havas\u0131nda. Asl\u0131nda bu bir ge\u00e7i\u015f de olabilir. Zira elektrikli Doblo&#8217;nun da eli kula\u011f\u0131nda. 2023 son \u00e7eyre\u011finde E-Doblo \u00fclkemizde de sat\u0131\u015fa sunulacak. E-Dobl\u00f2 100 kW elektromotor ve 50 kW\/h batarya kapasitesi ile WLTP d\u00f6ng\u00fcs\u00fcnde 280 km&#8217;nin \u00fczerinde menzil sunuyor. 100 kW&#8217;a kadar H\u0131zl\u0131 \u015earj sayesinde, 30 dakikada y\u00fczde 80 \u015farja ula\u015f\u0131rken, i\u00e7ten yanmal\u0131 motorlarla ayn\u0131 CARGO boyutlar\u0131 ve \u00f6zellikleri ile yollara \u00e7\u0131k\u0131yor. Dizel motor se\u00e7enekli versiyon ile ayn\u0131 y\u00fckleme hacmine sahip olan E-Doblo, 800 KG\u2019lik istihap haddi sunuyor. Sat\u0131\u015fa sunulan Yeni Doblo \u015fimdilik Cargo ve Combi versiyonlar\u0131 ile sunuluyor. Sat\u0131\u015flar\u0131n y\u00fczde 67&#8217;si\u00a0 Combi versiyonu oldu\u011funu da hat\u0131rlatmak isterim.<\/p>\n<p>Yeni Doblo; 1,5 litrelik iki farkl\u0131 motor se\u00e7ene\u011fiyle sat\u0131\u015fa sunuluyor. Bunlardan ilki, 100 HP g\u00fc\u00e7 \u00fcreten ve 6 ileri manuel \u015famz\u0131man ile kombinlenmi\u015f dizel motor. \u0130kinci motor se\u00e7ene\u011fine ise 130 HP g\u00fcce 6 ileri manuel \u015fanz\u0131man ve 8 ileri tam otomatik \u015fanz\u0131manlar e\u015flik ediyor. \u00dcst seviyede konfor, performans ve ekonomi sunan yeni nesil Doblo\u2019nun 100 HP\u2019lik motoru 250 Nm tork \u00fcretirken; WLTP normlar\u0131na g\u00f6re birle\u015fik 5,6,-5,7 lt \/ 100 km aral\u0131\u011f\u0131nda yak\u0131t t\u00fcketimi sunuyor. Yeni Nesil Doblo\u2019nun 130 HP g\u00fcc\u00fcdeki 1,5 litrelik dizel motoru ise 5,9-.6,0 lt \/ 100 km aral\u0131\u011f\u0131nda yak\u0131t t\u00fcketimi sunuyor. Yeni Nesil Doblo, renk se\u00e7enekleriyle de g\u00f6z al\u0131yor. Doblo; Akdeniz Mavi, Platin Gri, Buz Beyaz\u0131, \u0130nci Siyah\u0131 ve Artense Gri renkleri ile FIAT showroomlar\u0131ndaki yerini al\u0131yor.<\/p>\n<p><img loading=\"lazy\" class=\"alignnone size-large wp-image-27498\" src=\"https:\/\/www.digitalcarmagazine.com.tr\/Web\/wp-content\/uploads\/Yeni-FIAT-DOBLO-1-1-1024x682.jpg\" alt=\"\" width=\"840\" height=\"559\" srcset=\"https:\/\/www.digitalcarmagazine.com.tr\/Web\/wp-content\/uploads\/Yeni-FIAT-DOBLO-1-1-1024x682.jpg 1024w, https:\/\/www.digitalcarmagazine.com.tr\/Web\/wp-content\/uploads\/Yeni-FIAT-DOBLO-1-1-300x200.jpg 300w, https:\/\/www.digitalcarmagazine.com.tr\/Web\/wp-content\/uploads\/Yeni-FIAT-DOBLO-1-1-768x512.jpg 768w, https:\/\/www.digitalcarmagazine.com.tr\/Web\/wp-content\/uploads\/Yeni-FIAT-DOBLO-1-1-1536x1024.jpg 1536w, https:\/\/www.digitalcarmagazine.com.tr\/Web\/wp-content\/uploads\/Yeni-FIAT-DOBLO-1-1-1920x1280.jpg 1920w, https:\/\/www.digitalcarmagazine.com.tr\/Web\/wp-content\/uploads\/Yeni-FIAT-DOBLO-1-1-600x400.jpg 600w, https:\/\/www.digitalcarmagazine.com.tr\/Web\/wp-content\/uploads\/Yeni-FIAT-DOBLO-1-1.jpg 2000w\" sizes=\"(max-width: 840px) 100vw, 840px\" \/>Geni\u015f i\u00e7 mekana sahip olan Doblo Combi, 8 in\u00e7lik dokunmatik ekran, navigasyon, anahtars\u0131z \u00e7al\u0131\u015ft\u0131rma, elektrikli park freni, otomatik klima, elektrikli arka camlar gibi \u00f6zellikler bulunuyor. Kullan\u0131c\u0131n\u0131n geri manevralar\u0131n\u0131 kolayla\u015ft\u0131ran ve panaromik bir g\u00f6r\u00fc\u015f sa\u011flayan 180 derecelik geri g\u00f6r\u00fc\u015f kameras\u0131 (Magic View) \u00f6zellikle dik park noktalar\u0131ndan \u00e7\u0131karken fark yaratan bir donan\u0131m olarak \u00f6ne \u00e7\u0131k\u0131yor. \u00a0Doblo Combi\u2019de ayr\u0131ca panaromik cam tavan, \u0131\u015f\u0131kland\u0131rma kemeri ve ek olarak 92 litrelik saklama alan\u0131 sunan \u201cMagic Top\u201d \u00f6zelli\u011fi de bulunuyor. Ayr\u0131ca Yeni Doblo\u2019da, elektrikli park freni, yoku\u015f-kalk\u0131\u015f destek sistemi, trafik i\u015fareti tan\u0131ma sistemi, uzun far asistan\u0131, yar\u0131 otomatik park asistan\u0131, k\u00f6r nokta uyar\u0131 sistemi, \u00f6n \u00e7arp\u0131\u015fma uyar\u0131 ve acil durum freni, \u015ferit takip sistemi, yorgunluk uyar\u0131 asistan\u0131 gibi \u00f6zellikler de \u00a0bulunuyor. Doblo, birbirinden ba\u011f\u0131ms\u0131z, katlanabilen \u00fc\u00e7l\u00fc arka koltuklar\u0131 ve 775 ile 3000 litre aras\u0131nda de\u011fi\u015fen bagaj hacmi ile geni\u015f ve kolay yerle\u015fim alan\u0131 sunuyor.<\/p>\n<p>Easy, Urban ve Premio Plus donan\u0131m seviyeleriyle sat\u0131n al\u0131nabilecek olan Yeni Nesil Fiat Doblo\u2019nun Easy donan\u0131m seviyesinde; s\u00fcr\u00fcc\u00fc ve yolcu yan hava yast\u0131klar\u0131, ya\u011fmur ve\u00a0 karanl\u0131k sens\u00f6rleri, h\u0131z sabitleme ve s\u0131n\u0131rland\u0131rma, manuel klima, 5 in\u00e7 dokunmatik ekran ve ba\u011f\u0131ms\u0131z katlanabilir arka koltuklar standart olarak yer al\u0131yor. Orta donan\u0131m seviyesi olan Urban\u2019da ise Easy\u2019de sunulan \u00f6zelliklere ek olarak; 16 in\u00e7 ala\u015f\u0131m jantlar, karart\u0131lm\u0131\u015f ve elektrikli arka camlar, a\u00e7\u0131labilir bagaj cam\u0131 (Magic Window) anahtars\u0131z giri\u015f ve \u00e7al\u0131\u015ft\u0131rma, otomatik klima, uzun far asistan\u0131 ve 8 in\u00e7 dokunmatik ekranl\u0131 multimedya sistemi bulunuyor. Doblo\u2019nun en \u00fcst donan\u0131m seviyesi olan Premio Plus\u2019ta ise Urban\u2019a ek olarak, 17 in\u00e7 ala\u015f\u0131m jantlar, \u00f6n park sens\u00f6rleri, k\u00f6r nokta uyar\u0131 sistemi, perde hava yast\u0131klar\u0131, panaromik cam tavan (Magic Top), navigasyon, 180 derece geri g\u00f6r\u00fc\u015f kameras\u0131 (Magic View) ve yar\u0131 otomatik park asistan\u0131 sunuluyor. Premio Plus\u2019a ek olarak al\u0131nabilen G\u00fcvenlik Paketi\u2019yle ise trafik i\u015fareti tan\u0131ma, \u015ferit takip sistemi, \u00f6n \u00e7arp\u0131\u015fma uyar\u0131s\u0131 ve acil durum freni ile yorgunluk uyar\u0131 asistan\u0131 donan\u0131ma ekleniyor.<\/p>\n<h5>Fiat Doblo, Cargo ve Combi g\u00f6vde se\u00e7enekleriyle, Haziran ay\u0131nda, FIAT bayilerindeki yerini al\u0131yor. Doblo Cargo lansmana \u00f6zel 509 bin 900 TL\u2019den, Doblo Combi ise 644 bin 900 TL\u2019den ba\u015flayan fiyatlarla sahiplerini bekliyor.<\/h5>\n<p>&nbsp;<\/p>\n<p>&nbsp;<\/p>\n<p>&nbsp;<\/p>\n","protected":false},"excerpt":{"rendered":"<p>Yeni Fiat Doblo T\u00fcrkiye&#8217;de sat\u0131\u015fa sunuldu. Yeni y\u00fcz\u00fc, yeni teknolojileri ile beklentileri fazlas\u0131yla kar\u015f\u0131layacak Doblo, hem manuel hem de otomatik \u015fanz\u0131man se\u00e7enekleri ile sunuluyor&#8230; Fiat Doblo 2000 y\u0131l\u0131nda T\u00fcrkiye&#8217;de, T\u00fcrk i\u015f\u00e7isinin eme\u011fi ile \u00fcretilmeye ba\u015fland\u0131 ve D\u00fcnyaya ihra\u00e7 edildi. Bu\u00a0 ge\u00e7en s\u00fcre\u00e7te 2,3 milyon adetlik bir \u00fcretim ger\u00e7ekle\u015fti. 1, 7 milyon adedi ise ihra\u00e7 edildi. [&hellip;]<\/p>\n","protected":false},"author":1,"featured_media":27500,"comment_status":"open","ping_status":"open","sticky":false,"template":"","format":"standard","meta":[],"categories":[14973,7],"tags":[792,16211,16207,752,16210,16209,16208],"_links":{"self":[{"href":"https:\/\/www.digitalcarmagazine.com.tr\/Web\/wp-json\/wp\/v2\/posts\/27495"}],"collection":[{"href":"https:\/\/www.digitalcarmagazine.com.tr\/Web\/wp-json\/wp\/v2\/posts"}],"about":[{"href":"https:\/\/www.digitalcarmagazine.com.tr\/Web\/wp-json\/wp\/v2\/types\/post"}],"author":[{"embeddable":true,"href":"https:\/\/www.digitalcarmagazine.com.tr\/Web\/wp-json\/wp\/v2\/users\/1"}],"replies":[{"embeddable":true,"href":"https:\/\/www.digitalcarmagazine.com.tr\/Web\/wp-json\/wp\/v2\/comments?post=27495"}],"version-history":[{"count":1,"href":"https:\/\/www.digitalcarmagazine.com.tr\/Web\/wp-json\/wp\/v2\/posts\/27495\/revisions"}],"predecessor-version":[{"id":27503,"href":"https:\/\/www.digitalcarmagazine.com.tr\/Web\/wp-json\/wp\/v2\/posts\/27495\/revisions\/27503"}],"wp:featuredmedia":[{"embeddable":true,"href":"https:\/\/www.digitalcarmagazine.com.tr\/Web\/wp-json\/wp\/v2\/media\/27500"}],"wp:attachment":[{"href":"https:\/\/www.digitalcarmagazine.com.tr\/Web\/wp-json\/wp\/v2\/media?parent=27495"}],"wp:term":[{"taxonomy":"category","embeddable":true,"href":"https:\/\/www.digitalcarmagazine.com.tr\/Web\/wp-json\/wp\/v2\/categories?post=27495"},{"taxonomy":"post_tag","embeddable":true,"href":"https:\/\/www.digitalcarmagazine.com.tr\/Web\/wp-json\/wp\/v2\/tags?post=27495"}],"curies":[{"name":"wp","href":"https:\/\/api.w.org\/{rel}","templated":true}]}}