{"id":27344,"date":"2023-04-01T15:11:52","date_gmt":"2023-04-01T12:11:52","guid":{"rendered":"https:\/\/www.digitalcarmagazine.com.tr\/Web\/?p=27344"},"modified":"2023-04-08T15:14:01","modified_gmt":"2023-04-08T12:14:01","slug":"50-yilini-dolduran-fiat-motor-sporlari-bodrumda","status":"publish","type":"post","link":"https:\/\/www.digitalcarmagazine.com.tr\/Web\/50-yilini-dolduran-fiat-motor-sporlari-bodrumda\/","title":{"rendered":"50. YILINI DOLDURAN FIAT MOTOR SPORLARI BODRUM&#8217;DA"},"content":{"rendered":"<h2>Temelleri 50 y\u0131l \u00f6nce at\u0131lan FIAT Motor Sporlar\u0131, 2023 T\u00fcrkiye Ralli \u015eampiyonas\u0131\u2019n\u0131n ilk yar\u0131\u015f\u0131 olan, 14\/16 Nisan tarihleri aras\u0131nda Karya Otomobil Spor Kul\u00fcb\u00fc (KAROSK) taraf\u0131ndan d\u00fczenlenecek \u201cRally Bodrum\u201dda yeni kadrosuyla yer almaya haz\u0131rlan\u0131yor.<\/h2>\n<p><img loading=\"lazy\" class=\"alignnone size-large wp-image-27341\" src=\"https:\/\/www.digitalcarmagazine.com.tr\/Web\/wp-content\/uploads\/Koray-Kafkas_FIAT-Motor-Sporlari-Takim-Direkto\u0308ru\u0308-683x1024.jpg\" alt=\"\" width=\"683\" height=\"1024\" srcset=\"https:\/\/www.digitalcarmagazine.com.tr\/Web\/wp-content\/uploads\/Koray-Kafkas_FIAT-Motor-Sporlari-Takim-Direkto\u0308ru\u0308-683x1024.jpg 683w, https:\/\/www.digitalcarmagazine.com.tr\/Web\/wp-content\/uploads\/Koray-Kafkas_FIAT-Motor-Sporlari-Takim-Direkto\u0308ru\u0308-200x300.jpg 200w, https:\/\/www.digitalcarmagazine.com.tr\/Web\/wp-content\/uploads\/Koray-Kafkas_FIAT-Motor-Sporlari-Takim-Direkto\u0308ru\u0308-768x1152.jpg 768w, https:\/\/www.digitalcarmagazine.com.tr\/Web\/wp-content\/uploads\/Koray-Kafkas_FIAT-Motor-Sporlari-Takim-Direkto\u0308ru\u0308-1024x1536.jpg 1024w, https:\/\/www.digitalcarmagazine.com.tr\/Web\/wp-content\/uploads\/Koray-Kafkas_FIAT-Motor-Sporlari-Takim-Direkto\u0308ru\u0308-1365x2048.jpg 1365w, https:\/\/www.digitalcarmagazine.com.tr\/Web\/wp-content\/uploads\/Koray-Kafkas_FIAT-Motor-Sporlari-Takim-Direkto\u0308ru\u0308-600x900.jpg 600w, https:\/\/www.digitalcarmagazine.com.tr\/Web\/wp-content\/uploads\/Koray-Kafkas_FIAT-Motor-Sporlari-Takim-Direkto\u0308ru\u0308.jpg 1568w\" sizes=\"(max-width: 683px) 100vw, 683px\" \/>Tofa\u015f \u00e7at\u0131s\u0131 alt\u0131ndaki FIAT Motor Sporlar\u0131, 14-16 Nisan tarihlerinde 2023 T\u00fcrkiye Ralli \u015eampiyonas\u0131 ilk yar\u0131\u015f\u0131 olarak ger\u00e7ekle\u015ftirilecek Rally Bodrum\u2019da yeni kadrosuyla yer almaya haz\u0131rlan\u0131yor. Yeni sezonda bayra\u011f\u0131, deneyimli pilot Fatih Kara\u2019dan tak\u0131mda 2016- 2019 y\u0131llar\u0131 aras\u0131nda yar\u0131\u015fan Yi\u011fit Timur devralacak. 2023 sezonunda T\u00fcrkiye Ralli \u015eampiyonas\u0131\u2019nda lansman\u0131n\u0131n yap\u0131ld\u0131\u011f\u0131 g\u00fcnden bu yana \u201cT\u00fcrkiye\u2019nin En \u00c7ok Tercih Edilen Otomobili\u201d olan FIAT Egea\u2019n\u0131n, Tofa\u015f Ar-Ge\u2019de bir \u00f6nceki Egea ralli otomobilinin \u00fczerinde geli\u015ftirilen versiyonu ile yar\u0131\u015facak olan fabrika tak\u0131m\u0131, y\u0131l boyunca Rally 4 s\u0131n\u0131f\u0131nda ve \u00f6nden iki \u00e7eker kategorisinde m\u00fccadele edecek.<\/p>\n<h5><img loading=\"lazy\" class=\"alignnone size-large wp-image-27342\" src=\"https:\/\/www.digitalcarmagazine.com.tr\/Web\/wp-content\/uploads\/Yig\u0306it-Timur-683x1024.jpg\" alt=\"\" width=\"683\" height=\"1024\" srcset=\"https:\/\/www.digitalcarmagazine.com.tr\/Web\/wp-content\/uploads\/Yig\u0306it-Timur-683x1024.jpg 683w, https:\/\/www.digitalcarmagazine.com.tr\/Web\/wp-content\/uploads\/Yig\u0306it-Timur-200x300.jpg 200w, https:\/\/www.digitalcarmagazine.com.tr\/Web\/wp-content\/uploads\/Yig\u0306it-Timur-768x1152.jpg 768w, https:\/\/www.digitalcarmagazine.com.tr\/Web\/wp-content\/uploads\/Yig\u0306it-Timur-1024x1536.jpg 1024w, https:\/\/www.digitalcarmagazine.com.tr\/Web\/wp-content\/uploads\/Yig\u0306it-Timur-600x900.jpg 600w, https:\/\/www.digitalcarmagazine.com.tr\/Web\/wp-content\/uploads\/Yig\u0306it-Timur.jpg 1344w\" sizes=\"(max-width: 683px) 100vw, 683px\" \/>Yeni Kadro ile Bodrum Rallisi&#8217;nde<\/h5>\n<p>T\u00fcrkiye\u2019nin g\u00f6z bebe\u011fi Egea\u2019n\u0131n Tofa\u015f Ar-GE\u2019de \u00f6zel olarak geli\u015ftirilen versiyonu ile\u00a0 sezona en iyi \u015fekilde haz\u0131rland\u0131klar\u0131n\u0131 ifade eden <strong>FIAT Motor Sporlar\u0131<\/strong> <strong>Tak\u0131m Direkt\u00f6r\u00fc Koray Kafkas<\/strong> \u201c<em>\u00d6ncelikle 2016 y\u0131l\u0131ndan bu yana tak\u0131m\u0131m\u0131z\u0131 en iyi \u015fekilde temsil eden deneyimli pilotumuz Fatih Kara\u2019ya t\u00fcm emekleri ve tak\u0131m\u0131m\u0131za katt\u0131\u011f\u0131 de\u011fer i\u00e7in \u00e7ok te\u015fekk\u00fcr ediyorum. Fatih gibi yetenekli ve deneyimli bir pilot ile yar\u0131\u015fmak her zaman \u00e7ok keyifli. Bayra\u011f\u0131 Fatih\u2019ten devralan Yi\u011fit\u2019in yeniden aram\u0131za d\u00f6nmesinden \u00f6t\u00fcr\u00fc mutluyuz. Yi\u011fit\u2019in yetene\u011fi ve tecr\u00fcbesinin yar\u0131\u015flarda ba\u015far\u0131lara imza atmam\u0131z\u0131n \u00f6tesinde, t\u0131pk\u0131 Fatih\u2019in yapt\u0131\u011f\u0131 gibi otomobilimizin geli\u015fimine de katk\u0131 sa\u011flayaca\u011f\u0131na inan\u0131yorum. Yi\u011fit ve Bilge\u2019nin yar\u0131\u015flarda en iyi \u015fekilde m\u00fccadele verece\u011fine y\u00fcrekten inan\u0131yorum. 2023 T\u00fcrkiye Ralli \u015eampiyonas\u0131\u2019nda Yi\u011fit Timur ve Bilge Ayan\u2019\u0131n temsil edece\u011fi tak\u0131m\u0131m\u0131zla ilk olarak 14\/16 Nisan\u00a0 tarihlerinde d\u00fczenlenecek olan Bodrum Rallisi\u2019nde yar\u0131\u015faca\u011f\u0131z. Sezon boyunca, t\u00fcm ekibimizde, Egea\u2019n\u0131n s\u0131n\u0131f\u0131n\u0131n en iddial\u0131 otomobillerinden biri olmas\u0131 i\u00e7in \u00e7al\u0131\u015faca\u011f\u0131z<\/em>\u201d dedi.<\/p>\n<p>&nbsp;<\/p>\n","protected":false},"excerpt":{"rendered":"<p>Temelleri 50 y\u0131l \u00f6nce at\u0131lan FIAT Motor Sporlar\u0131, 2023 T\u00fcrkiye Ralli \u015eampiyonas\u0131\u2019n\u0131n ilk yar\u0131\u015f\u0131 olan, 14\/16 Nisan tarihleri aras\u0131nda Karya Otomobil Spor Kul\u00fcb\u00fc (KAROSK) taraf\u0131ndan d\u00fczenlenecek \u201cRally Bodrum\u201dda yeni kadrosuyla yer almaya haz\u0131rlan\u0131yor. Tofa\u015f \u00e7at\u0131s\u0131 alt\u0131ndaki FIAT Motor Sporlar\u0131, 14-16 Nisan tarihlerinde 2023 T\u00fcrkiye Ralli \u015eampiyonas\u0131 ilk yar\u0131\u015f\u0131 olarak ger\u00e7ekle\u015ftirilecek Rally Bodrum\u2019da yeni kadrosuyla yer [&hellip;]<\/p>\n","protected":false},"author":1,"featured_media":27341,"comment_status":"open","ping_status":"open","sticky":false,"template":"","format":"standard","meta":[],"categories":[10156,1,10],"tags":[16172,16173,437],"_links":{"self":[{"href":"https:\/\/www.digitalcarmagazine.com.tr\/Web\/wp-json\/wp\/v2\/posts\/27344"}],"collection":[{"href":"https:\/\/www.digitalcarmagazine.com.tr\/Web\/wp-json\/wp\/v2\/posts"}],"about":[{"href":"https:\/\/www.digitalcarmagazine.com.tr\/Web\/wp-json\/wp\/v2\/types\/post"}],"author":[{"embeddable":true,"href":"https:\/\/www.digitalcarmagazine.com.tr\/Web\/wp-json\/wp\/v2\/users\/1"}],"replies":[{"embeddable":true,"href":"https:\/\/www.digitalcarmagazine.com.tr\/Web\/wp-json\/wp\/v2\/comments?post=27344"}],"version-history":[{"count":1,"href":"https:\/\/www.digitalcarmagazine.com.tr\/Web\/wp-json\/wp\/v2\/posts\/27344\/revisions"}],"predecessor-version":[{"id":27345,"href":"https:\/\/www.digitalcarmagazine.com.tr\/Web\/wp-json\/wp\/v2\/posts\/27344\/revisions\/27345"}],"wp:featuredmedia":[{"embeddable":true,"href":"https:\/\/www.digitalcarmagazine.com.tr\/Web\/wp-json\/wp\/v2\/media\/27341"}],"wp:attachment":[{"href":"https:\/\/www.digitalcarmagazine.com.tr\/Web\/wp-json\/wp\/v2\/media?parent=27344"}],"wp:term":[{"taxonomy":"category","embeddable":true,"href":"https:\/\/www.digitalcarmagazine.com.tr\/Web\/wp-json\/wp\/v2\/categories?post=27344"},{"taxonomy":"post_tag","embeddable":true,"href":"https:\/\/www.digitalcarmagazine.com.tr\/Web\/wp-json\/wp\/v2\/tags?post=27344"}],"curies":[{"name":"wp","href":"https:\/\/api.w.org\/{rel}","templated":true}]}}