{"id":27066,"date":"2022-12-13T11:53:00","date_gmt":"2022-12-13T08:53:00","guid":{"rendered":"https:\/\/www.digitalcarmagazine.com.tr\/Web\/?p=27066"},"modified":"2022-12-14T12:03:56","modified_gmt":"2022-12-14T09:03:56","slug":"yeni-bmw-x7-icin-rezervasyonlar-basladi","status":"publish","type":"post","link":"https:\/\/www.digitalcarmagazine.com.tr\/Web\/yeni-bmw-x7-icin-rezervasyonlar-basladi\/","title":{"rendered":"YEN\u0130 BMW X7 \u0130\u00c7\u0130N REZERVASYONLAR BA\u015eLADI!"},"content":{"rendered":"<h3>BMW&#8217;nin yeni &#8220;devi&#8221; X7 modeli, aral\u0131k ay\u0131nda \u00f6n rezervasyon toplamaya ba\u015flad\u0131.<\/h3>\n<p><img loading=\"lazy\" class=\"alignnone size-large wp-image-27069\" src=\"https:\/\/www.digitalcarmagazine.com.tr\/Web\/wp-content\/uploads\/Yeni-BMW-X7-3-1024x683.jpg\" alt=\"\" width=\"840\" height=\"560\" srcset=\"https:\/\/www.digitalcarmagazine.com.tr\/Web\/wp-content\/uploads\/Yeni-BMW-X7-3-1024x683.jpg 1024w, https:\/\/www.digitalcarmagazine.com.tr\/Web\/wp-content\/uploads\/Yeni-BMW-X7-3-300x200.jpg 300w, https:\/\/www.digitalcarmagazine.com.tr\/Web\/wp-content\/uploads\/Yeni-BMW-X7-3-768x512.jpg 768w, https:\/\/www.digitalcarmagazine.com.tr\/Web\/wp-content\/uploads\/Yeni-BMW-X7-3-1536x1024.jpg 1536w, https:\/\/www.digitalcarmagazine.com.tr\/Web\/wp-content\/uploads\/Yeni-BMW-X7-3-2048x1366.jpg 2048w, https:\/\/www.digitalcarmagazine.com.tr\/Web\/wp-content\/uploads\/Yeni-BMW-X7-3-1920x1280.jpg 1920w, https:\/\/www.digitalcarmagazine.com.tr\/Web\/wp-content\/uploads\/Yeni-BMW-X7-3-600x400.jpg 600w\" sizes=\"(max-width: 840px) 100vw, 840px\" \/>Yeni BMW X7, markan\u0131n l\u00fcks segmentteki yeni tasar\u0131m dilini SAV s\u0131n\u0131f\u0131na da yans\u0131tan detaylar\u0131yla \u00f6ne \u00e7\u0131k\u0131yor. Ayd\u0131nlatmal\u0131 b\u00f6brek \u0131zgaralar\u0131 ve \u00e7ift par\u00e7al\u0131 far tasar\u0131m\u0131, otomobilin \u00f6n k\u0131sm\u0131n\u0131n tasar\u0131m\u0131n\u0131 domine ediyor. 22 in\u00e7 boyutundaki jant alternatiflerinin katt\u0131\u011f\u0131 heybetli duru\u015fa ek olarak, sunulan 6 metalik renk se\u00e7ene\u011fi, modele dinamik bir g\u00f6r\u00fcn\u00fcm de kazand\u0131r\u0131yor. Arka k\u0131s\u0131mda ise inceltilmi\u015f \u00fc\u00e7 boyutlu tasar\u0131ma sahip ayd\u0131nlatmalar ve stoplar\u0131n i\u00e7ine uzanan \u015feffaf cam krom \u00e7\u0131ta, tasar\u0131m detaylar\u0131 aras\u0131nda \u00f6ne \u00e7\u0131k\u0131yor. Entegre hava perdeleri, b\u00f6l\u00fcnm\u00fc\u015f tasar\u0131ma sahip \u00f6n farlar ve Iconic Glow ayd\u0131nlatmal\u0131 b\u00f6brek \u0131zgaralar\u0131 Yeni BMW X7&#8217;nin \u00f6n tasar\u0131m\u0131nda dikkat \u00e7eken dizayn unsurlar\u0131 aras\u0131nda yer al\u0131yor. Ferah i\u00e7 mekan\u0131 destekleyen geni\u015f cam y\u00fczeyleri ile \u00f6n kap\u0131lara g\u00f6re daha uzun bir arka kap\u0131ya sahip olan otomobil, \u00fc\u00e7\u00fcnc\u00fc s\u0131radaki yolcular i\u00e7in de konforlu binme ve inmeye imkan sa\u011fl\u0131yor.<\/p>\n<p>Yeni BMW X7&#8217;nin arka k\u0131sm\u0131nda yer alan L formunda inceltilmi\u015f, \u00fc\u00e7 boyutlu g\u00f6r\u00fcn\u00fcme sahip ayd\u0131nlatma grubu, yatay hatlar ve cam y\u00fczeyli krom \u00e7\u0131tay\u0131 b\u00fcnyesinde bar\u0131nd\u0131rarak otomobile sofistike bir g\u00f6r\u00fcn\u00fcm kat\u0131yor. T\u00fcm bu tasar\u0131m detaylar\u0131na paralel Yeni BMW X7, 5181 mm uzunluk, 2000 mm geni\u015flik ve 1835 mm y\u00fcksekli\u011fiyle heybetli g\u00f6r\u00fcn\u00fcm\u00fcn\u00fc destekliyor. Ayr\u0131ca 3105 mm uzunlu\u011fundaki aks mesafesi otomobilin koltuklar\u0131n\u0131n 6 ve 7 ki\u015filik konfig\u00fcre edilebilmesine olanak tan\u0131yor.<\/p>\n<p><strong><img loading=\"lazy\" class=\"alignnone size-large wp-image-27068\" src=\"https:\/\/www.digitalcarmagazine.com.tr\/Web\/wp-content\/uploads\/Yeni-BMW-X7-2-1024x683.jpg\" alt=\"\" width=\"840\" height=\"560\" srcset=\"https:\/\/www.digitalcarmagazine.com.tr\/Web\/wp-content\/uploads\/Yeni-BMW-X7-2-1024x683.jpg 1024w, https:\/\/www.digitalcarmagazine.com.tr\/Web\/wp-content\/uploads\/Yeni-BMW-X7-2-300x200.jpg 300w, https:\/\/www.digitalcarmagazine.com.tr\/Web\/wp-content\/uploads\/Yeni-BMW-X7-2-768x512.jpg 768w, https:\/\/www.digitalcarmagazine.com.tr\/Web\/wp-content\/uploads\/Yeni-BMW-X7-2-1536x1024.jpg 1536w, https:\/\/www.digitalcarmagazine.com.tr\/Web\/wp-content\/uploads\/Yeni-BMW-X7-2-2048x1366.jpg 2048w, https:\/\/www.digitalcarmagazine.com.tr\/Web\/wp-content\/uploads\/Yeni-BMW-X7-2-1920x1280.jpg 1920w, https:\/\/www.digitalcarmagazine.com.tr\/Web\/wp-content\/uploads\/Yeni-BMW-X7-2-600x400.jpg 600w\" sizes=\"(max-width: 840px) 100vw, 840px\" \/>Teknolojik, \u0130novatif<\/strong><\/p>\n<p>Yeni BMW X7 zaman\u0131n \u00f6tesinde tasar\u0131m anlay\u0131\u015f\u0131yla dizayn edilmi\u015f kabinini g\u00fcncel teknolojilerle harmanlayarak BMW tutkunlar\u0131na sunuyor. Kabinin odak noktas\u0131 konumunda yer alan Curved Screen; 12.3 in\u00e7 boyutundaki g\u00f6sterge ekran\u0131 ve 14.9 in\u00e7lik dokunmatik kontrol ekran\u0131 ile kokpiti domine ederken, geleneksel d\u00fc\u011fme kalabal\u0131\u011f\u0131n\u0131 da ortadan kald\u0131r\u0131yor. Kap\u0131 i\u00e7lerinde ve \u00f6n konsolda yer alan kristal y\u00fczeye sahip ambiyans ayd\u0131nlatmas\u0131, arac\u0131n i\u00e7ini \u00f6zellikle gece s\u00fcr\u00fc\u015flerinde farkl\u0131 bir ortama d\u00f6n\u00fc\u015ft\u00fcr\u00fcrken; \u00f6n yolcu taraf\u0131nda yer alan bar, ambiyans ayd\u0131nlatman\u0131n haricinde s\u00fcr\u00fcc\u00fcn\u00fcn kap\u0131 kilitlerini a\u00e7mas\u0131 ile devreye giren kar\u015f\u0131lama senaryolar\u0131n\u0131 b\u00fcnyesinde bar\u0131nd\u0131r\u0131yor. Sofistike tasar\u0131ma sahip kontrol paneli; cam y\u00fczeye sahip CraftedClarity yeni tip vites se\u00e7ici, iDrive kumandas\u0131, start\/stop butonu ile l\u00fcks SAV s\u0131n\u0131f\u0131nda ergonomik orta konsol tasar\u0131m\u0131yla \u00f6ne \u00e7\u0131k\u0131yor.<\/p>\n<p><img loading=\"lazy\" class=\"alignnone size-large wp-image-27067\" src=\"https:\/\/www.digitalcarmagazine.com.tr\/Web\/wp-content\/uploads\/Yeni-BMW-X7-1-1024x683.jpg\" alt=\"\" width=\"840\" height=\"560\" srcset=\"https:\/\/www.digitalcarmagazine.com.tr\/Web\/wp-content\/uploads\/Yeni-BMW-X7-1-1024x683.jpg 1024w, https:\/\/www.digitalcarmagazine.com.tr\/Web\/wp-content\/uploads\/Yeni-BMW-X7-1-300x200.jpg 300w, https:\/\/www.digitalcarmagazine.com.tr\/Web\/wp-content\/uploads\/Yeni-BMW-X7-1-768x512.jpg 768w, https:\/\/www.digitalcarmagazine.com.tr\/Web\/wp-content\/uploads\/Yeni-BMW-X7-1-1536x1024.jpg 1536w, https:\/\/www.digitalcarmagazine.com.tr\/Web\/wp-content\/uploads\/Yeni-BMW-X7-1-2048x1366.jpg 2048w, https:\/\/www.digitalcarmagazine.com.tr\/Web\/wp-content\/uploads\/Yeni-BMW-X7-1-1920x1280.jpg 1920w, https:\/\/www.digitalcarmagazine.com.tr\/Web\/wp-content\/uploads\/Yeni-BMW-X7-1-600x400.jpg 600w\" sizes=\"(max-width: 840px) 100vw, 840px\" \/>Arka b\u00f6l\u00fcmdeki yolcular ise BMW Individual &#8220;Merino&#8221; deri d\u00f6\u015femesinin s\u00fcsledi\u011fi detaylarla geni\u015f alan\u0131n konforunu sonuna kadar ya\u015f\u0131yor. Yeni BMW X7, 8. nesil en geli\u015fmi\u015f BMW \u0130\u015fletim Sistemi&#8217;ne sahip. B\u00f6ylelikle sezgisel ve sesli komutlar, ergonomik kontroller ile Personal Assistant otomobilin s\u00fcr\u00fc\u015f konforunu daha da ileriye ta\u015f\u0131yor. S\u00fcr\u00fc\u015f Asistan\u0131 Professional, Adaptif \u00c7ift-Aksl\u0131 Haval\u0131 S\u00fcspansiyon, \u00f6zellikle virajlarda ve engebeli yollarda g\u00f6vde sars\u0131nt\u0131s\u0131n\u0131 minimuma indiren Executive Drive Pro ile her bir koltuk i\u00e7in st\u00fcdyo kalitesinde ses sunulmas\u0131n\u0131 sa\u011flayan Bowers &amp; Wilkins Diamond Surround ses sistemi otomobilin \u00f6ne \u00e7\u0131kan standart donan\u0131mlar\u0131 aras\u0131nda yer al\u0131yor. Ayr\u0131ca, \u0130ntegral Aktif Direksiyon donan\u0131m\u0131 sayesinde Yeni BMW X7&#8217;nin manevralar s\u0131ras\u0131nda \u00e7evikli\u011fi, y\u00fcksek h\u0131zlarda otomobilin daha da konforlu olmas\u0131n\u0131 sa\u011fl\u0131yor.<\/p>\n<p>T\u00fcrkiye&#8217;de 3 litre hacminde mild hybrid-dizel motor ve M Excellence tasar\u0131m se\u00e7ene\u011fiyle sat\u0131\u015fa sunulan Yeni BMW X7 xDrive40d, 340 beygir g\u00fcc\u00fcyle \u00fcst d\u00fczey konfor ve performans\u0131 bir arada sunuyor.<\/p>\n","protected":false},"excerpt":{"rendered":"<p>BMW&#8217;nin yeni &#8220;devi&#8221; X7 modeli, aral\u0131k ay\u0131nda \u00f6n rezervasyon toplamaya ba\u015flad\u0131. Yeni BMW X7, markan\u0131n l\u00fcks segmentteki yeni tasar\u0131m dilini SAV s\u0131n\u0131f\u0131na da yans\u0131tan detaylar\u0131yla \u00f6ne \u00e7\u0131k\u0131yor. Ayd\u0131nlatmal\u0131 b\u00f6brek \u0131zgaralar\u0131 ve \u00e7ift par\u00e7al\u0131 far tasar\u0131m\u0131, otomobilin \u00f6n k\u0131sm\u0131n\u0131n tasar\u0131m\u0131n\u0131 domine ediyor. 22 in\u00e7 boyutundaki jant alternatiflerinin katt\u0131\u011f\u0131 heybetli duru\u015fa ek olarak, sunulan 6 metalik renk [&hellip;]<\/p>\n","protected":false},"author":1,"featured_media":27069,"comment_status":"open","ping_status":"open","sticky":false,"template":"","format":"standard","meta":[],"categories":[8723,1],"tags":[15085,16084,16083,432,16082,16085],"_links":{"self":[{"href":"https:\/\/www.digitalcarmagazine.com.tr\/Web\/wp-json\/wp\/v2\/posts\/27066"}],"collection":[{"href":"https:\/\/www.digitalcarmagazine.com.tr\/Web\/wp-json\/wp\/v2\/posts"}],"about":[{"href":"https:\/\/www.digitalcarmagazine.com.tr\/Web\/wp-json\/wp\/v2\/types\/post"}],"author":[{"embeddable":true,"href":"https:\/\/www.digitalcarmagazine.com.tr\/Web\/wp-json\/wp\/v2\/users\/1"}],"replies":[{"embeddable":true,"href":"https:\/\/www.digitalcarmagazine.com.tr\/Web\/wp-json\/wp\/v2\/comments?post=27066"}],"version-history":[{"count":1,"href":"https:\/\/www.digitalcarmagazine.com.tr\/Web\/wp-json\/wp\/v2\/posts\/27066\/revisions"}],"predecessor-version":[{"id":27070,"href":"https:\/\/www.digitalcarmagazine.com.tr\/Web\/wp-json\/wp\/v2\/posts\/27066\/revisions\/27070"}],"wp:featuredmedia":[{"embeddable":true,"href":"https:\/\/www.digitalcarmagazine.com.tr\/Web\/wp-json\/wp\/v2\/media\/27069"}],"wp:attachment":[{"href":"https:\/\/www.digitalcarmagazine.com.tr\/Web\/wp-json\/wp\/v2\/media?parent=27066"}],"wp:term":[{"taxonomy":"category","embeddable":true,"href":"https:\/\/www.digitalcarmagazine.com.tr\/Web\/wp-json\/wp\/v2\/categories?post=27066"},{"taxonomy":"post_tag","embeddable":true,"href":"https:\/\/www.digitalcarmagazine.com.tr\/Web\/wp-json\/wp\/v2\/tags?post=27066"}],"curies":[{"name":"wp","href":"https:\/\/api.w.org\/{rel}","templated":true}]}}