{"id":26623,"date":"2022-06-22T16:10:21","date_gmt":"2022-06-22T13:10:21","guid":{"rendered":"https:\/\/www.digitalcarmagazine.com.tr\/Web\/?p=26623"},"modified":"2022-06-22T16:10:32","modified_gmt":"2022-06-22T13:10:32","slug":"castrol-ford-team-turkiye-eskisehir-rallissinde-genc-pilotlari-ile-basari-pesinde-kosacak","status":"publish","type":"post","link":"https:\/\/www.digitalcarmagazine.com.tr\/Web\/castrol-ford-team-turkiye-eskisehir-rallissinde-genc-pilotlari-ile-basari-pesinde-kosacak\/","title":{"rendered":"CASTROL FORD TEAM T\u00dcRK\u0130YE, ESK\u0130\u015eEH\u0130R RALL\u0130S\u0130&#8217;NDE GEN\u00c7 P\u0130LOTLARI \u0130LE BA\u015eARI PE\u015e\u0130NDE KO\u015eACAK"},"content":{"rendered":"<p><strong>T\u00fcrkiye\u2019ye Avrupa \u015fampiyonlu\u011funu kazand\u0131rarak ad\u0131n\u0131 tarihe yazd\u0131ran Castrol Ford Team T\u00fcrkiye, Eski\u015fehir Otomobil Sporlar\u0131 Kul\u00fcb\u00fc taraf\u0131ndan d\u00fczenlenen, FIA Avrupa Ralli Kupas\u0131\u2019na dahil olan, Shell Helix 2022 T\u00fcrkiye Ralli \u015eampiyonas\u0131\u2019n\u0131n 3. aya\u011f\u0131 Eski\u015fehir Rallisi i\u00e7in haz\u0131rl\u0131klar\u0131n\u0131 tamamlad\u0131. T\u00fcrkiye Ralli \u015eampiyonas\u0131, T\u00fcrkiye Historic Ralli \u015eampiyonas\u0131 ve O\u011fuz G\u00fcrsel Ralli Kupas\u0131\u2018na da puan verecek olan Eski\u015fehir Rallisi bu y\u0131l 23-25 Haziran tarihlerinde d\u00fczenlenecek.<\/strong><\/p>\n<p>2022 Avrupa Ralli Kupas\u0131 ve Shell Helix T\u00fcrkiye Ralli \u015eampiyonas\u0131\u2019n\u0131n \u00fc\u00e7\u00fcnc\u00fc aya\u011f\u0131 olan Eski\u015fehir ET\u0130 (ESOK) Rallisi, bu y\u0131l 23-25 Haziran tarihleri aras\u0131nda ger\u00e7ekle\u015ftirilecek. Toplam uzunlu\u011fu 116 km asfalt zeminli 8 \u00f6zel etaptan olu\u015fan ralliyi daha \u00f6nce 4 kez kazanan Avrupa \u015eampiyonu Castrol Ford Team T\u00fcrkiye, gen\u00e7 pilotlar\u0131 ile tam kadro yar\u0131\u015facak.<\/p>\n<p>23 Haziran 2022 Per\u015fembe g\u00fcn\u00fc saat 20.30\u2019da Odunpazar\u0131 Evleri meydan\u0131nda yap\u0131lacak olan seremonik start sonras\u0131 Eski\u015fehir ET\u0130 (ESOK) Rallisi\u2019nin ilk g\u00fcn\u00fc 24 Haziran Cuma g\u00fcn\u00fc saat 10.00\u2019da Eski\u015fehir Atat\u00fcrk Stadyumu\u2019nda yer alan Servis Park\u2019tan ba\u015flayacak. Rallinin ilk g\u00fcn\u00fc, 4 \u00f6zel etab\u0131n ge\u00e7ilmesinin ard\u0131ndan saat 16.32\u2019de yine Servis Park\u2019ta son bulacak. Rallinin ikinci g\u00fcn\u00fc ise 25 Haziran Cumartesi g\u00fcn\u00fc saat 10.00\u2019da ba\u015flayarak 4 \u00f6zel etab\u0131n ard\u0131ndan saat 16.42\u2019den itibaren ESPARK \u00f6n\u00fcndeki fini\u015f seremonisi ve \u00f6d\u00fcl t\u00f6reni ile tamamlanm\u0131\u015f olacak.<\/p>\n<p><strong>22 ya\u015f ortalamas\u0131yla T\u00fcrkiye\u2019nin en gen\u00e7 ralli tak\u0131m\u0131\u00a0Castrol Ford Team T\u00fcrkiye, \u201cT\u00fcrkiye Gen\u00e7ler \u015eampiyonas\u0131\u201dn\u0131 domine ediyor<\/strong><\/p>\n<p>Bu y\u0131la ba\u015far\u0131l\u0131 bir ba\u015flang\u0131\u00e7 yapan Castrol Ford Team T\u00fcrkiye\u2019nin gen\u00e7 ve gelecek vadeden pilotlar\u0131 T\u00fcrkiye Ralli Gen\u00e7 Pilotlar \u015eampiyonas\u0131\u2019n\u0131n ilk 3 s\u0131ras\u0131n\u0131 kapatm\u0131\u015f durumda. \u00a01\u2019inci s\u0131rada 4 \u00e7eker Ford Fiesta R5 ile Ali T\u00fcrkkan, 2\u2019nci s\u0131rada Ford Fiesta Rally4 ile Efehan Yaz\u0131c\u0131, 3\u2019\u00fcnc\u00fc s\u0131rada Ford Fiesta R2T ile Can Sar\u0131han bulunuyor. Castrol Ford Team T\u00fcrkiye ayn\u0131 zamanda T\u00fcrkiye Ralli \u015eampiyonas\u0131\u2019nda Markalar \u015eampiyonas\u0131 liderli\u011finde bulunuyor.<\/p>\n<p><strong>Gen\u00e7 Pilotlar T\u00fcrkiye Ralli \u015eampiyonlu\u011funun en iddial\u0131 adaylar\u0131<\/strong><\/p>\n<p>Castrol Ford Team T\u00fcrkiye\u2019nin, \u00fclkemize ge\u00e7ti\u011fimiz y\u0131l Avrupa Ralli Kupas\u0131 \u2018Gen\u00e7ler\u2019 ve \u2018\u0130ki \u00c7eker\u2019 \u015eampiyonluklar\u0131n\u0131 kazand\u0131ran\u00a01999 do\u011fumlu\u00a0Ali T\u00fcrkkan\u00a0ve tecr\u00fcbeli co-pilot\u00a0Burak Erdener,\u00a0bu y\u0131l Fiesta R5 ile ilk defa 4 \u00e7eker bir ralli otomobilinin koltu\u011funda, ilk iki yar\u0131\u015f\u0131 podyumda bitirerek iddial\u0131 bir ba\u015flang\u0131\u00e7 yapm\u0131\u015ft\u0131. Genel klasmanda, ilk yar\u0131\u015fta \u015fampiyona \u00fc\u00e7\u00fcnc\u00fcl\u00fc\u011f\u00fcne yerle\u015fen ve ikinci yar\u0131\u015fta \u015fampiyona ikincili\u011fine y\u00fckselen Ali T\u00fcrkkan, T\u00fcrkiye Ralli \u015eampiyonlu\u011funun en b\u00fcy\u00fck adaylar\u0131ndan biri olarak Eski\u015fehir ET\u0130 (ESOK) Rallisi\u2019nde zirve m\u00fccadelesine ortak olmak istiyor.<\/p>\n<p>Son y\u0131llarda 2 \u00e7eker s\u0131n\u0131f\u0131nda Fiesta R2T otomobiliyle arka arkaya \u015fampiyonluklar elde eden\u00a0\u00dcmitcan \u00d6zdemir\u00a0ile co-pilotu\u00a0Batuhan Memi\u015fyaz\u0131c\u0131\u00a0ikilisi ge\u00e7ti\u011fimiz y\u0131l sezonun son iki yar\u0131\u015f\u0131n\u0131 kazanarak T\u00fcrkiye Ralli \u015eampiyonas\u0131\u2019n\u0131n art\u0131k en g\u00fc\u00e7l\u00fc adaylar\u0131ndan biri oldu\u011funu g\u00f6stermi\u015fti. Bu sene de ivmesini her yar\u0131\u015f art\u0131ran gen\u00e7 pilot \u00dcmit Can \u00d6zdemir\u00a0ve co-pilotu\u00a0Batuhan Memi\u015fyaz\u0131c\u0131\u00a0tekrardan zirveye ortak olmak i\u00e7in start alacak.<\/p>\n<p>1999 do\u011fumlu\u00a0Efehan\u00a0Yaz\u0131c\u0131\u00a0ise co-pilotu\u00a0G\u00fcray Akg\u00fcn\u00a0ile birlikte Ford Fiesta Rally4&#8217;nin koltu\u011funda yar\u0131\u015facak. T\u00fcrk ralli sporuna gen\u00e7 yetenekler kazand\u0131rmak hedefiyle ba\u015flat\u0131lan \u201cDrive to the Future\u201d projesi kapsam\u0131nda ralli sporuyla tan\u0131\u015fan Yaz\u0131c\u0131, 2022 T\u00fcrkiye Ralli Markalar \u015eampiyonas\u0131 yolunda tak\u0131ma de\u011ferli puanlar kazand\u0131rmak i\u00e7in yar\u0131\u015facak. Drive to the Future projesiyle ralli sporuna ba\u015flayan di\u011fer bir gen\u00e7 pilotumuz 1998 do\u011fumlu\u00a0Can Sar\u0131han\u00a0ise co-pilotu\u00a0Sevi Akal\u00a0ile birlikte Ford Fiesta R2T&#8217;nin koltu\u011funda yar\u0131\u015facak. \u201cGen\u00e7ler\u201d ve \u201c\u0130ki \u00e7eker\u201d s\u0131n\u0131f\u0131nda yar\u0131\u015fan gen\u00e7 pilotlar Efehan Yaz\u0131c\u0131 ve Can Sar\u0131han\u2019\u0131n hedefi bu yar\u0131\u015fta asfalt zemindeki tecr\u00fcbelerini artt\u0131rarak, tempolar\u0131n\u0131 \u00a0daha da y\u00fckseltmek olacak.<\/p>\n<p>Performans\u0131, sa\u011flaml\u0131\u011f\u0131 ve ralli sporundaki k\u00f6kl\u00fc ge\u00e7mi\u015fi ile bu yar\u0131\u015fta da kay\u0131t listesinde en \u00e7ok tercih edilen otomobil markas\u0131 olan Ford ile yar\u0131\u015fan 4 ekip haricinde amat\u00f6r ve gen\u00e7 pilotlardan olu\u015fan toplamda 18 ekip Castrol Ford Team T\u00fcrkiye \u00e7at\u0131s\u0131 alt\u0131nda Eski\u015fehir Rallisi\u2019nde Ford Fiesta\u2019lar\u0131yla start alacak.\u00a0\u00a0Ford markas\u0131 performans\u0131, sa\u011flaml\u0131\u011f\u0131 ve ralli sporundaki k\u00f6kl\u00fc ge\u00e7mi\u015fi ile bu yar\u0131\u015fta da kay\u0131t listesinde en \u00e7ok tercih edilen otomobil markas\u0131 konumunda bulunuyor.<\/p>\n<p><strong>\u015eampiyon pilot Murat Bostanc\u0131 gen\u00e7 pilotlara yol g\u00f6sterecek<\/strong><\/p>\n<p>Castrol Ford Team T\u00fcrkiye&#8217;nin \u015fampiyon pilotu\u00a0Murat Bostanc\u0131\u00a0bu y\u0131l \u00f6zelinde pilot koltu\u011fundan, pilot ko\u00e7lu\u011fu koltu\u011funa ge\u00e7i\u015f yapt\u0131. Bostanc\u0131, bu y\u0131l da tak\u0131m\u0131n gen\u00e7 pilotlar\u0131n\u0131n geli\u015fimi i\u00e7in onlarla yak\u0131n bir \u00e7al\u0131\u015fma i\u00e7erisinde olacak. Uzun y\u0131llar T\u00fcrkiye ve Avrupa\u2019da elde etti\u011fi tecr\u00fcbe ve bilgilerini \u015fimdi de tak\u0131m\u0131n di\u011fer pilotlar\u0131na aktarmak i\u00e7in \u00e7al\u0131\u015facak. Tak\u0131m\u0131n ilk g\u00fcn\u00fcnden beri tak\u0131m direkt\u00f6rl\u00fc\u011f\u00fcn\u00fc yapan\u00a0Serdar Bostanc\u0131\u00a0da yine tak\u0131m\u0131n ba\u015f\u0131nda olacak.<\/p>\n<p><strong>Fiesta Rally Cup bu y\u0131l eskisinden de daha heyecanl\u0131 ve \u00e7eki\u015fmeli yeni konseptiyle tam gaz devam ediyor<\/strong><\/p>\n<p>Castrol Ford Team T\u00fcrkiye taraf\u0131ndan 2017\u2019den itibaren yeni format\u0131yla devam eden ve Ford Fiesta\u2019lar i\u00e7in \u00f6zel olarak d\u00fczenlenen Fiesta Rally Cup her ya\u015ftan deneyimli pilotlar\u0131 ve gelecek vaat eden gen\u00e7 pilotlar\u0131 profesyonel bir ekibin par\u00e7as\u0131 haline getirirken, y\u00fcksek bir rekabet ortam\u0131 sunuyor. Bu y\u0131l yeni 4 \u00e7eker Rally3\u2019lerin de Fiesta Rally Cup m\u00fccadelesine kat\u0131lmas\u0131yla eskisinden de daha heyecanl\u0131 ve \u00e7eki\u015fmeli hale gelen kupan\u0131n ilk iki yar\u0131\u015f\u0131nda rekabet \u00fcst seviyedeydi.<\/p>\n<p>Sezonun ilk yar\u0131\u015f\u0131 Bodrum Rallisi\u2019ni kazanarak Fiesta Rally Cup liderli\u011fine oturan Erol Akba\u015f, liderlik koltu\u011funu Ye\u015fil Bursa Rallisi\u2019ni kazanan Serhan T\u00fcrkkan\u2019a devretti. 4 \u00e7eker Fiesta Rally3\u2019lerle yar\u0131\u015fan bu iki pilotu sadece 2 puan geriden takip eden Burak Ba\u015fl\u0131k ise ayn\u0131 zamanda Ford Fiesta Rally4 ile T\u00fcrkiye Ralli \u0130ki \u00c7eker \u015eampiyonlu\u011fu m\u00fccadelesi veriyor. Ge\u00e7ti\u011fimiz y\u0131l Fiesta Rally Cup\u2019\u0131 kazanan Ka\u011fan Karamano\u011flu ise bu y\u0131l iki \u00e7eker Ford Fiesta R2T ile Fiesta Rally Cup\u2019da genel klasman d\u00f6rd\u00fcnc\u00fcl\u00fc\u011f\u00fc ve iki \u00e7eker s\u0131n\u0131f\u0131 liderli\u011finde bulunuyor.<\/p>\n<p>Uluslararas\u0131 sporculara da a\u00e7\u0131k olan Fiesta Rally Cup\u2019a ge\u00e7ti\u011fimiz yar\u0131\u015ftan itibaren dahil olan \u0130ranl\u0131 ekip Saber Khosravi ve co-pilotu Hamed Majd Ye\u015fil Bursa Rallisi\u2019nde R1-ST s\u0131n\u0131f\u0131nda kazand\u0131klar\u0131 puanlar ile R1-ST s\u0131n\u0131f\u0131n\u0131n lideri Melih Cevdet Y\u0131ld\u0131r\u0131m ve co-pilotu Mert Kaya\u2019n\u0131n arkas\u0131nda ikincili\u011fe yerle\u015ftiler. Fiesta R2 ile yar\u0131\u015fan Hakan G\u00fcrel bu y\u0131l T\u00fcrkiye Ralli \u015eampiyonas\u0131 yar\u0131\u015flar\u0131n\u0131n i\u00e7erisinde ralli sporunun duayen isimlerinden O\u011fuz G\u00fcrsel ad\u0131na ko\u015fulan TOSFED Ralli Kupas\u0131\u2019nda lider durumda bulunuyor. Ge\u00e7ti\u011fimiz yar\u0131\u015f yeni otomobili Fiesta Rally3\u2019\u00fcn koltu\u011funa ilk defa ge\u00e7en Levent \u015eap\u00e7\u0131lar ise kupada ikinci s\u0131rada bulunuyor.<\/p>\n<p><strong>Castrol Ford Team T\u00fcrkiye, 25. sezonunda markalar, gen\u00e7ler ve iki \u00e7ekerde \u015fampiyonluk hedefliyor<\/strong><\/p>\n<p>T\u00fcrk ralli sporunda gen\u00e7 y\u0131ld\u0131zlar\u0131 desteklemek i\u00e7in ge\u00e7ti\u011fimiz y\u0131l pilot kadrosunu b\u00fcy\u00fck oranda yenileyerek ve daha da gen\u00e7le\u015fen ve 22 ya\u015f ortalamas\u0131yla T\u00fcrkiye\u2019nin en gen\u00e7 ralli tak\u0131m\u0131 olan Castrol Ford Team T\u00fcrkiye, 25. sezonunda 15. \u015fampiyonlu\u011fu hedefliyor. T\u00fcrkiye Ralli \u015eampiyonas\u0131\u2019nda 20\u2019nin \u00fczerinde otomobil yar\u0131\u015ft\u0131ran Castrol Ford Team T\u00fcrkiye bu y\u0131l, 2022 T\u00fcrkiye Ralli Markalar \u015eampiyonlu\u011fu, 2022 T\u00fcrkiye Ralli \u015eampiyonlu\u011fu, 2022 T\u00fcrkiye Co-Pilotlar \u015eampiyonlu\u011fu, 2022 T\u00fcrkiye Ralli Gen\u00e7 Pilotlar \u015eampiyonlu\u011fu ve 2022 T\u00fcrkiye Ralli \u0130ki \u00c7eker \u015eampiyonlu\u011fu i\u00e7in yar\u0131\u015facak.<br \/>\n2022 T\u00fcrkiye Ralli \u015eampiyonas\u0131 Takvimi:<\/p>\n<ul>\n<li>30-31 Temmuz \u00a0 \u00a0 \u00a0 \u00a0 \u00a0\u00a0Kocaeli Rallisi (Toprak)<\/li>\n<li>17-18 Eyl\u00fcl \u00a0 \u00a0 \u00a0 \u00a0 \u00a0 \u00a0 \u00a0 \u00a0\u00a0\u0130stanbul Rallisi (Toprak)<\/li>\n<li>15-16 Ekim \u00a0 \u00a0 \u00a0 \u00a0 \u00a0 \u00a0 \u00a0 \u00a0\u00a0Ege Rallisi (Asfalt)<\/li>\n<li>12-13 Kas\u0131m \u00a0 \u00a0 \u00a0 \u00a0 \u00a0 \u00a0 \u00a0\u00a0(Sonra A\u00e7\u0131klanacak)<\/li>\n<\/ul>\n<p>&nbsp;<\/p>\n<p>&nbsp;<\/p>\n","protected":false},"excerpt":{"rendered":"<p>T\u00fcrkiye\u2019ye Avrupa \u015fampiyonlu\u011funu kazand\u0131rarak ad\u0131n\u0131 tarihe yazd\u0131ran Castrol Ford Team T\u00fcrkiye, Eski\u015fehir Otomobil Sporlar\u0131 Kul\u00fcb\u00fc taraf\u0131ndan d\u00fczenlenen, FIA Avrupa Ralli Kupas\u0131\u2019na dahil olan, Shell Helix 2022 T\u00fcrkiye Ralli \u015eampiyonas\u0131\u2019n\u0131n 3. aya\u011f\u0131 Eski\u015fehir Rallisi i\u00e7in haz\u0131rl\u0131klar\u0131n\u0131 tamamlad\u0131. T\u00fcrkiye Ralli \u015eampiyonas\u0131, T\u00fcrkiye Historic Ralli \u015eampiyonas\u0131 ve O\u011fuz G\u00fcrsel Ralli Kupas\u0131\u2018na da puan verecek olan Eski\u015fehir Rallisi bu [&hellip;]<\/p>\n","protected":false},"author":7,"featured_media":26624,"comment_status":"open","ping_status":"open","sticky":false,"template":"","format":"standard","meta":[],"categories":[8377,1,10],"tags":[2251,15811,675,15812,13884,15809,237,15813,2308,15810],"_links":{"self":[{"href":"https:\/\/www.digitalcarmagazine.com.tr\/Web\/wp-json\/wp\/v2\/posts\/26623"}],"collection":[{"href":"https:\/\/www.digitalcarmagazine.com.tr\/Web\/wp-json\/wp\/v2\/posts"}],"about":[{"href":"https:\/\/www.digitalcarmagazine.com.tr\/Web\/wp-json\/wp\/v2\/types\/post"}],"author":[{"embeddable":true,"href":"https:\/\/www.digitalcarmagazine.com.tr\/Web\/wp-json\/wp\/v2\/users\/7"}],"replies":[{"embeddable":true,"href":"https:\/\/www.digitalcarmagazine.com.tr\/Web\/wp-json\/wp\/v2\/comments?post=26623"}],"version-history":[{"count":2,"href":"https:\/\/www.digitalcarmagazine.com.tr\/Web\/wp-json\/wp\/v2\/posts\/26623\/revisions"}],"predecessor-version":[{"id":26626,"href":"https:\/\/www.digitalcarmagazine.com.tr\/Web\/wp-json\/wp\/v2\/posts\/26623\/revisions\/26626"}],"wp:featuredmedia":[{"embeddable":true,"href":"https:\/\/www.digitalcarmagazine.com.tr\/Web\/wp-json\/wp\/v2\/media\/26624"}],"wp:attachment":[{"href":"https:\/\/www.digitalcarmagazine.com.tr\/Web\/wp-json\/wp\/v2\/media?parent=26623"}],"wp:term":[{"taxonomy":"category","embeddable":true,"href":"https:\/\/www.digitalcarmagazine.com.tr\/Web\/wp-json\/wp\/v2\/categories?post=26623"},{"taxonomy":"post_tag","embeddable":true,"href":"https:\/\/www.digitalcarmagazine.com.tr\/Web\/wp-json\/wp\/v2\/tags?post=26623"}],"curies":[{"name":"wp","href":"https:\/\/api.w.org\/{rel}","templated":true}]}}