{"id":26241,"date":"2022-04-30T13:39:57","date_gmt":"2022-04-30T10:39:57","guid":{"rendered":"http:\/\/www.digitalcarmagazine.com.tr\/Web\/?p=26241"},"modified":"2022-04-30T13:39:57","modified_gmt":"2022-04-30T10:39:57","slug":"bmw-min-50-yasina-ozel-paket","status":"publish","type":"post","link":"https:\/\/www.digitalcarmagazine.com.tr\/Web\/bmw-min-50-yasina-ozel-paket\/","title":{"rendered":"BMW M&#8217;\u0130N 50. YA\u015eINA \u00d6ZEL PAKET"},"content":{"rendered":"<p>BMW&#8217;nin yar\u0131\u015f program\u0131 i\u00e7in 1972\u2019de kurdu\u011fu M markas\u0131, o g\u00fcnden bu yana BMW model skalas\u0131nda yer alan otomobillere yapt\u0131\u011f\u0131 enfes ve benzersiz dokunu\u015flar\u0131yla ser\u00fcvenine devam ediyor. M GmbH taraf\u0131ndan geli\u015ftirilen BMW modelleri g\u00f6r\u00fcn\u00fcmleriyle mevcut versiyonlardan kolayl\u0131kla ayr\u0131\u015fsa da teknik altyap\u0131s\u0131nda da \u00e7ok ciddi farklar\u0131 b\u00fcnyesinde bar\u0131nd\u0131r\u0131yor. BMW bu y\u0131l M markas\u0131n\u0131n 50\u2019nci y\u0131l\u0131 i\u00e7in haz\u0131rlad\u0131\u011f\u0131 s\u00fcrpriz yenilikler ve etkinliklerle otomobil tutkunlar\u0131n\u0131 heyecanland\u0131rmaya devam ediyor. Markan\u0131n sportif karakterini ve s\u00fcr\u00fc\u015f tutkusunu daha da g\u00fc\u00e7lendiren M\u2019in 50\u2019nci y\u0131l\u0131na \u00f6zel tasarlanan tasar\u0131m paketi, yaln\u0131zca BMW 3 Serisi, Yeni BMW 4 Serisi Gran Coup\u00e9 ve BMW 5 Serisi modellerinde sunuluyor.<\/p>\n<p><strong>BMW 320i Sedan 50th Year M Edition: Daha Fazla M Ruhu<\/strong><\/p>\n<p><img loading=\"lazy\" class=\"alignnone size-large wp-image-26243\" src=\"https:\/\/www.digitalcarmagazine.com.tr\/Web\/wp-content\/uploads\/BMW-3-Serisi-50th-Year-M-Edition-2-1024x614.jpg\" alt=\"\" width=\"840\" height=\"504\" \/><\/p>\n<p>BMW&#8217;nin en yeni tasar\u0131m dilinin \u00f6nc\u00fc modeli konumunda bulunan; simgele\u015fmi\u015f BMW 3 Serisi, \u00fc\u00e7 farkl\u0131 tasar\u0131m paketine ek olarak s\u0131n\u0131rl\u0131 say\u0131da \u00fcretilen 50th Year M Edition ile daha fazla M ruhunu d\u0131\u015far\u0131ya yans\u0131t\u0131yor. \u00c7amurluklarda yer alan M logolar\u0131na ek olarak otomobilin \u00f6n ve arka kaputu ile jantlar\u0131nda 50\u2019nci y\u0131la \u00f6zel haz\u0131rlanm\u0131\u015f; k\u0131rm\u0131z\u0131, mavi, beyaz renkleri bar\u0131nd\u0131ran BMW logosu ile dikkat \u00e7eken BMW 320i Sedan 50th Year M Edition, BMW Laserlight teknolojisi ile donat\u0131lm\u0131\u015f BMW Individual Shadow Farlar\u0131, Parlak Siyah D\u0131\u015f Kaplamalar\u0131 ve Aynalar\u0131n\u0131n yan\u0131 s\u0131ra 19 in\u00e7 M Jantlar\u0131 ve M Sport Fren Diskleriyle fark yarat\u0131yor.<\/p>\n<p><img loading=\"lazy\" class=\"alignnone size-large wp-image-26242\" src=\"https:\/\/www.digitalcarmagazine.com.tr\/Web\/wp-content\/uploads\/BMW-3-Serisi-50th-Year-M-Edition-1-1024x614.jpg\" alt=\"\" width=\"840\" height=\"504\" \/><\/p>\n<p>Otomobilin s\u00fcr\u00fc\u015f\u00fcn\u00fc standart bir BMW&#8217;den, M markas\u0131n\u0131n geli\u015ftirdi\u011fi spor bir otomobile yakla\u015ft\u0131ran Adaptif M S\u00fcspansiyon ve De\u011fi\u015fken Spor Direksiyon ile M Sport Tasar\u0131ml\u0131 Koltuklar birlikte sunuluyor. Performansla birlikte konforunu da d\u00fc\u015f\u00fcnen s\u00fcr\u00fcc\u00fcler i\u00e7in BMW, 50th Year M Edition tasar\u0131m paketinde Harman Kardon Ses Sistemi ile Kablosuz \u015earj ve Ba\u011flant\u0131 Sistemlerine de yer veriyor.<\/p>\n<p><strong>Yeni BMW 420i Gran Coup\u00e9 50th Year M Edition: Etkileyici Tasar\u0131m, Etkileyici Performans <\/strong><\/p>\n<p>Yeni BMW 4 Serisi Gran Coup\u00e9 g\u00f6z kama\u015ft\u0131ran tasar\u0131m\u0131 ve g\u00fcnl\u00fck kullan\u0131m i\u00e7in sundu\u011fu geni\u015f ya\u015fam alan\u0131yla sportif s\u00fcr\u00fc\u015f karakterini bir arada sunabilen ender otomobiller aras\u0131nda bulunuyor. Bu \u015f\u0131k tasar\u0131ml\u0131 be\u015f kap\u0131l\u0131 otomobil, M\u2019in 50. y\u0131l\u0131na \u00f6zel olarak haz\u0131rlanan ve s\u0131n\u0131rl\u0131 say\u0131da Yeni BMW 4 Serisi Gran Coup\u00e9&#8217;de kullan\u0131lan 50th Year M Edition tasar\u0131m paketiyle dinamizmi daha da ileriye ta\u015f\u0131yor. M Jantlar, M Sport Fren Diskleri ve 50\u2019nci y\u0131la \u00f6zel M Logolar\u0131\u2019n\u0131n yan\u0131 s\u0131ra Parlak Siyah D\u0131\u015f Kaplamalar ve BMW Laserlight Individual Shadow Farlar otomobilin dikkat \u00e7eken d\u0131\u015f tasar\u0131m detaylar\u0131 aras\u0131nda yer al\u0131yor.<\/p>\n<p><img loading=\"lazy\" class=\"alignnone size-large wp-image-26245\" src=\"https:\/\/www.digitalcarmagazine.com.tr\/Web\/wp-content\/uploads\/BMW-4-Serisi-50th-Year-M-Edition-1-1024x614.jpg\" alt=\"\" width=\"840\" height=\"504\" \/><\/p>\n<p>Yeni BMW 4 Serisi Gran Coup\u00e9 50th Year M Edition&#8217;\u0131n etkileyici d\u0131\u015f tasar\u0131m\u0131, Adaptif M S\u00fcspansiyon ve M Sport Koltuklarla teknik a\u00e7\u0131dan da destekleniyor. T\u00fcm bunlara ek olarak Harman Kardon Ses Sistemi, Konfor Eri\u015fim Sistemi, Kablosuz \u015earj ve Ba\u011flant\u0131 Sistemi ile Karbon Fiber \u0130\u00e7 Kaplama da tasar\u0131m paketinde sunulan \u00f6zellikler aras\u0131nda \u00f6ne \u00e7\u0131k\u0131yor.<\/p>\n<p><img loading=\"lazy\" class=\"alignnone size-large wp-image-26246\" src=\"https:\/\/www.digitalcarmagazine.com.tr\/Web\/wp-content\/uploads\/BMW-4-Serisi-50th-Year-M-Edition-2-1024x614.jpg\" alt=\"\" width=\"840\" height=\"504\" \/><\/p>\n<p><strong>BMW 520i Sedan 50th Year M Edition: De\u011fi\u015fimin Lideri Donan\u0131m\u0131 ile Farkl\u0131la\u015f\u0131yor<\/strong><\/p>\n<p>Sportif business sedan otomobilin zirvesi konumunda olan BMW 5 Serisi, dinamik ama sade tasar\u0131m\u0131yla her ya\u015ftan kullan\u0131c\u0131n\u0131n g\u00f6nl\u00fcnde taht kurmay\u0131 ba\u015faran bir otomobil. BMW 5 Serisi Sedan sahip oldu\u011fu sportifli\u011fi daha da ileriye \u00e7\u0131karan yeni tasar\u0131m paketiyle performans tutkunu kullan\u0131c\u0131lar\u0131 oda\u011f\u0131na al\u0131yor.<\/p>\n<p><img loading=\"lazy\" class=\"alignnone size-large wp-image-26248\" src=\"https:\/\/www.digitalcarmagazine.com.tr\/Web\/wp-content\/uploads\/BMW-5-Serisi-50th-Year-M-Edition-1-1024x614.jpg\" alt=\"\" width=\"840\" height=\"504\" \/><\/p>\n<p>M\u2019in 50. y\u0131l\u0131na \u00f6zel olarak haz\u0131rlanan ve s\u0131n\u0131rl\u0131 say\u0131da otomobilin sahip olaca\u011f\u0131 50th Year M Edition tasar\u0131m paketiyle BMW 5 Serisi BMW Laserlight Individual Shadow Farlar, 50\u2019nci y\u0131l \u00f6zel M Logo, 19 in\u00e7 M Jantlar, M Spoyler, M Sport Fren Diskleri ve Parlak Siyah D\u0131\u015f Kaplama detaylar\u0131yla standart modelden ayr\u0131\u015f\u0131yor. M \u00c7ok Fonksiyonlu Koltuklar, M Sport S\u00fcspansiyon, Konfor Eri\u015fim Sistemi, Kablosuz \u015earj ve Ba\u011flant\u0131 Sistemleri ile Harman Kardon Ses Sistemi BMW 520i Sedan 50th Year M Edition modelinin sundu\u011fu di\u011fer \u00f6ne \u00e7\u0131kan donan\u0131mlar aras\u0131nda yer al\u0131yor.<\/p>\n<p><img loading=\"lazy\" class=\"alignnone size-large wp-image-26249\" src=\"https:\/\/www.digitalcarmagazine.com.tr\/Web\/wp-content\/uploads\/BMW-5-Serisi-50th-Year-M-Edition-2-1024x614.jpg\" alt=\"\" width=\"840\" height=\"504\" \/><\/p>\n<div class=\"gr-gallery-wrap\"><div class=\"gr-gallery owl-carousel owl-theme\" data-slider-id=\"1734663582\"><\/div><div class=\"gr-gallery-thumb-wrap\"><div class=\"gr-gallery-thumb owl-thumbs\" data-slider-id=\"1734663582\"><\/div><a href=\"#\" class=\"gr-gallery-prev\">Prev<\/a><a href=\"#\" class=\"gr-gallery-next\">Next<\/a><\/div><\/div>\n","protected":false},"excerpt":{"rendered":"<p>BMW&#8217;nin yar\u0131\u015f program\u0131 i\u00e7in 1972\u2019de kurdu\u011fu M markas\u0131, o g\u00fcnden bu yana BMW model skalas\u0131nda yer alan otomobillere yapt\u0131\u011f\u0131 enfes ve benzersiz dokunu\u015flar\u0131yla ser\u00fcvenine devam ediyor. M GmbH taraf\u0131ndan geli\u015ftirilen BMW modelleri g\u00f6r\u00fcn\u00fcmleriyle mevcut versiyonlardan kolayl\u0131kla ayr\u0131\u015fsa da teknik altyap\u0131s\u0131nda da \u00e7ok ciddi farklar\u0131 b\u00fcnyesinde bar\u0131nd\u0131r\u0131yor. BMW bu y\u0131l M markas\u0131n\u0131n 50\u2019nci y\u0131l\u0131 i\u00e7in haz\u0131rlad\u0131\u011f\u0131 [&hellip;]<\/p>\n","protected":false},"author":7,"featured_media":0,"comment_status":"open","ping_status":"open","sticky":false,"template":"","format":"standard","meta":[],"categories":[8723,1],"tags":[15547,15545,135,5181,15556,15552,15553,15554,15555,5185,15548,15549,15550,15551,15544,12248,15546,12875,15543],"_links":{"self":[{"href":"https:\/\/www.digitalcarmagazine.com.tr\/Web\/wp-json\/wp\/v2\/posts\/26241"}],"collection":[{"href":"https:\/\/www.digitalcarmagazine.com.tr\/Web\/wp-json\/wp\/v2\/posts"}],"about":[{"href":"https:\/\/www.digitalcarmagazine.com.tr\/Web\/wp-json\/wp\/v2\/types\/post"}],"author":[{"embeddable":true,"href":"https:\/\/www.digitalcarmagazine.com.tr\/Web\/wp-json\/wp\/v2\/users\/7"}],"replies":[{"embeddable":true,"href":"https:\/\/www.digitalcarmagazine.com.tr\/Web\/wp-json\/wp\/v2\/comments?post=26241"}],"version-history":[{"count":1,"href":"https:\/\/www.digitalcarmagazine.com.tr\/Web\/wp-json\/wp\/v2\/posts\/26241\/revisions"}],"predecessor-version":[{"id":26250,"href":"https:\/\/www.digitalcarmagazine.com.tr\/Web\/wp-json\/wp\/v2\/posts\/26241\/revisions\/26250"}],"wp:attachment":[{"href":"https:\/\/www.digitalcarmagazine.com.tr\/Web\/wp-json\/wp\/v2\/media?parent=26241"}],"wp:term":[{"taxonomy":"category","embeddable":true,"href":"https:\/\/www.digitalcarmagazine.com.tr\/Web\/wp-json\/wp\/v2\/categories?post=26241"},{"taxonomy":"post_tag","embeddable":true,"href":"https:\/\/www.digitalcarmagazine.com.tr\/Web\/wp-json\/wp\/v2\/tags?post=26241"}],"curies":[{"name":"wp","href":"https:\/\/api.w.org\/{rel}","templated":true}]}}