{"id":25937,"date":"2022-03-04T08:00:13","date_gmt":"2022-03-04T05:00:13","guid":{"rendered":"http:\/\/www.digitalcarmagazine.com.tr\/Web\/?p=25937"},"modified":"2022-03-04T05:17:46","modified_gmt":"2022-03-04T02:17:46","slug":"toyota-yeni-gr-yaris-rally1-ile-isvecte-ilk-zaferini-kazandi","status":"publish","type":"post","link":"https:\/\/www.digitalcarmagazine.com.tr\/Web\/toyota-yeni-gr-yaris-rally1-ile-isvecte-ilk-zaferini-kazandi\/","title":{"rendered":"TOYOTA Yeni GR YARIS Rally1 ile \u0130sve\u00e7\u2019te \u0130lk Zaferini Kazand\u0131"},"content":{"rendered":"<p>TOYOTA GAZOO Racing D\u00fcnya Ralli Tak\u0131m\u0131\u2019n\u0131n yeni GR YARIS Rally1 arac\u0131 \u0130sve\u00e7 Rallisi\u2019nde ilk zaferine ula\u015ft\u0131. 2022 FIA D\u00fcnya Ralli \u015eampiyonas\u0131\u2019n\u0131n ikinci yar\u0131\u015f\u0131nda Kalle Rovanpera, birinci s\u0131rada fini\u015fe ula\u015farak \u00f6nemli bir zafere imza att\u0131. Toyota pilotlar\u0131ndan Esapekka Lappi ise rallide \u00fc\u00e7\u00fcnc\u00fc olarak tak\u0131m\u0131n podyum ba\u015far\u0131s\u0131na katk\u0131 sa\u011flad\u0131.<\/p>\n<p>Yeni ralli merkezi Umea\u2019da ger\u00e7ekle\u015ftirilen \u0130sve\u00e7 Rallisi, hafta sonu boyunca \u00fc\u00e7 pilotun yak\u0131n m\u00fccadelesiyle ge\u00e7ti. Y\u00fcksek h\u0131zdaki karla kapl\u0131 etaplarla \u00f6ne \u00e7\u0131kan \u0130sve\u00e7 Rallisi\u2019nde Rovanpera, Cumartesi g\u00fcn\u00fc liderli\u011fi almay\u0131 ba\u015fard\u0131. 19 etab\u0131n 6\u2019s\u0131n\u0131 kazanmay\u0131 ba\u015faran Rovanpera en yak\u0131n rakibine 22 saniye fark atmay\u0131 ba\u015fard\u0131. B\u00f6ylece co-pilotu Jonne Halttunen ile birlikte WRC kariyerinin \u00fc\u00e7\u00fcnc\u00fc galibiyeti ald\u0131. Rovanpera, \u0130sve\u00e7 Rallisi zaferiyle 2001\u2019de yine burada kazanan babas\u0131 Harri ile ayn\u0131 ba\u015far\u0131y\u0131 payla\u015fm\u0131\u015f oldu. Gen\u00e7 s\u00fcr\u00fcc\u00fc, bu zaferle birlikte Pilotlar \u015eampiyonas\u0131\u2019nda 14 puan farkla liderli\u011fi de ald\u0131.<\/p>\n<figure id=\"attachment_25938\" aria-describedby=\"caption-attachment-25938\" style=\"width: 840px\" class=\"wp-caption alignnone\"><img loading=\"lazy\" class=\"size-large wp-image-25938\" src=\"https:\/\/www.digitalcarmagazine.com.tr\/Web\/wp-content\/uploads\/Podyum-1024x681.jpg\" alt=\"\" width=\"840\" height=\"559\" \/><figcaption id=\"caption-attachment-25938\" class=\"wp-caption-text\">2022 FIA World Rally Championship \/ Round 02 \/ Rally Sweden 2022 \/ 24-27 February 2022 \/\/ Worldwide Copyright: Toyota Gazoo Racing WRT<\/figcaption><\/figure>\n<p>Cumartesi g\u00fcn\u00fc ikincilik i\u00e7in yak\u0131n bir m\u00fccadele ortaya koyan Lappi, 8.6 saniye farkla \u00fc\u00e7\u00fcnc\u00fc s\u0131ray\u0131 alarak tak\u0131m\u0131 ad\u0131na iyi bir ralli ge\u00e7irdi. Tak\u0131m\u0131n di\u011fer pilotu Elfyn Evans\u2019\u0131n g\u00fc\u00e7l\u00fc performans\u0131 ise arac\u0131n\u0131n \u00f6n taraf\u0131na verdi\u011fi hasar\u0131n ard\u0131ndan ya\u015fanan sorunlar nedeniyle sona erdi.<\/p>\n<p>TOYOTA GAZOO Racing bu sonu\u00e7larla birlikte 24 puan farkla Markalar \u015eampiyonas\u0131\u2019nda ilk s\u0131raya yerle\u015fti.<\/p>\n<figure id=\"attachment_25939\" aria-describedby=\"caption-attachment-25939\" style=\"width: 840px\" class=\"wp-caption alignnone\"><img loading=\"lazy\" class=\"size-large wp-image-25939\" src=\"https:\/\/www.digitalcarmagazine.com.tr\/Web\/wp-content\/uploads\/TOYOTA-GAZOO-Racing-1-1024x681.jpg\" alt=\"\" width=\"840\" height=\"559\" \/><figcaption id=\"caption-attachment-25939\" class=\"wp-caption-text\">2022 FIA World Rally Championship \/ Round 02 \/ Rally Sweden 2022 \/ 24-27 February 2022 \/\/ Worldwide Copyright: Toyota Gazoo Racing WRT<\/figcaption><\/figure>\n<p>Bununla birlikte Rallide yar\u0131\u015fan \u00fc\u00e7 GR YARIS Rally1 arac\u0131, ilk d\u00f6rt s\u0131rada yer ald\u0131. Takamoto Katsuta\u2019n\u0131n d\u00f6rd\u00fcnc\u00fc olmas\u0131, TGR WRT Next Generation ad\u0131na \u00f6nemli puanlar kazand\u0131rd\u0131.<\/p>\n<p>Tak\u0131m kaptan\u0131 Jari-Matti Latvala, Rovanpera\u2019n\u0131n ralliyi kazanarak inan\u0131lmaz bir performans ortaya koydu\u011funu belirterek \u201cHafta sonunun ba\u015f\u0131nda yola \u00e7\u0131kan ilk ara\u00e7 olmak zordu ama bunu \u00e7ok iyi y\u00f6netti ve h\u0131z\u0131 ger\u00e7ekten etkileyiciydi. GR YARIS Rally1 ile ilk zaferimizi getirdi\u011fi i\u00e7in ona ve tak\u0131ma te\u015fekk\u00fcr ediyorum.\u201d dedi.<\/p>\n<p>Yar\u0131\u015f\u0131n galibi Kalle Rovanpera \u0130sve\u00e7\u2019te kazanman\u0131n \u00e7ok iyi bir his oldu\u011funu s\u00f6yleyerek \u201cCuma g\u00fcn\u00fc yolda ilk ara\u00e7 olduktan sonra \u00e7ok iyi bir sonu\u00e7 elde ettik. Bu ara\u00e7ta Monte Carlo\u2019da ilk rallide zorluklar ya\u015fam\u0131\u015ft\u0131m ama burada t\u00fcm hafta sonu boyunca \u00e7ok daha iyiydim. Tak\u0131ma arac\u0131 daha iyi hale getirdikleri ve benim daha rahat etmemi sa\u011flad\u0131klar\u0131 i\u00e7in \u00e7ok te\u015fekk\u00fcr ederim.\u201d diye konu\u015ftu.<\/p>\n<p>D\u00fcnya Ralli \u015eampiyonas\u0131\u2019n\u0131n bir sonraki dura\u011f\u0131, 21-24 Nisan tarihlerinde yap\u0131lacak H\u0131rvatistan Rallisi olacak. Sezonun \u00fc\u00e7\u00fcnc\u00fc yar\u0131\u015f\u0131, ba\u015fkent Zagreb\u2019in etraf\u0131ndaki farkl\u0131 asfalt yollarda yap\u0131lacak.<\/p>\n<div class=\"gr-gallery-wrap\"><div class=\"gr-gallery owl-carousel owl-theme\" data-slider-id=\"165814280\"><\/div><div class=\"gr-gallery-thumb-wrap\"><div class=\"gr-gallery-thumb owl-thumbs\" data-slider-id=\"165814280\"><\/div><a href=\"#\" class=\"gr-gallery-prev\">Prev<\/a><a href=\"#\" class=\"gr-gallery-next\">Next<\/a><\/div><\/div>\n","protected":false},"excerpt":{"rendered":"<p>TOYOTA GAZOO Racing D\u00fcnya Ralli Tak\u0131m\u0131\u2019n\u0131n yeni GR YARIS Rally1 arac\u0131 \u0130sve\u00e7 Rallisi\u2019nde ilk zaferine ula\u015ft\u0131. 2022 FIA D\u00fcnya Ralli \u015eampiyonas\u0131\u2019n\u0131n ikinci yar\u0131\u015f\u0131nda Kalle Rovanpera, birinci s\u0131rada fini\u015fe ula\u015farak \u00f6nemli bir zafere imza att\u0131. Toyota pilotlar\u0131ndan Esapekka Lappi ise rallide \u00fc\u00e7\u00fcnc\u00fc olarak tak\u0131m\u0131n podyum ba\u015far\u0131s\u0131na katk\u0131 sa\u011flad\u0131. Yeni ralli merkezi Umea\u2019da ger\u00e7ekle\u015ftirilen \u0130sve\u00e7 Rallisi, hafta [&hellip;]<\/p>\n","protected":false},"author":7,"featured_media":0,"comment_status":"open","ping_status":"open","sticky":false,"template":"","format":"standard","meta":[],"categories":[1,10,9075],"tags":[15379,103,14427,15380,15381,6141,2048,2575],"_links":{"self":[{"href":"https:\/\/www.digitalcarmagazine.com.tr\/Web\/wp-json\/wp\/v2\/posts\/25937"}],"collection":[{"href":"https:\/\/www.digitalcarmagazine.com.tr\/Web\/wp-json\/wp\/v2\/posts"}],"about":[{"href":"https:\/\/www.digitalcarmagazine.com.tr\/Web\/wp-json\/wp\/v2\/types\/post"}],"author":[{"embeddable":true,"href":"https:\/\/www.digitalcarmagazine.com.tr\/Web\/wp-json\/wp\/v2\/users\/7"}],"replies":[{"embeddable":true,"href":"https:\/\/www.digitalcarmagazine.com.tr\/Web\/wp-json\/wp\/v2\/comments?post=25937"}],"version-history":[{"count":1,"href":"https:\/\/www.digitalcarmagazine.com.tr\/Web\/wp-json\/wp\/v2\/posts\/25937\/revisions"}],"predecessor-version":[{"id":25941,"href":"https:\/\/www.digitalcarmagazine.com.tr\/Web\/wp-json\/wp\/v2\/posts\/25937\/revisions\/25941"}],"wp:attachment":[{"href":"https:\/\/www.digitalcarmagazine.com.tr\/Web\/wp-json\/wp\/v2\/media?parent=25937"}],"wp:term":[{"taxonomy":"category","embeddable":true,"href":"https:\/\/www.digitalcarmagazine.com.tr\/Web\/wp-json\/wp\/v2\/categories?post=25937"},{"taxonomy":"post_tag","embeddable":true,"href":"https:\/\/www.digitalcarmagazine.com.tr\/Web\/wp-json\/wp\/v2\/tags?post=25937"}],"curies":[{"name":"wp","href":"https:\/\/api.w.org\/{rel}","templated":true}]}}