{"id":25905,"date":"2022-03-02T12:42:57","date_gmt":"2022-03-02T09:42:57","guid":{"rendered":"http:\/\/www.digitalcarmagazine.com.tr\/Web\/?p=25905"},"modified":"2022-03-02T12:42:57","modified_gmt":"2022-03-02T09:42:57","slug":"elektrikli-otomobil-yarisi-fia-etcr-turkiyede","status":"publish","type":"post","link":"https:\/\/www.digitalcarmagazine.com.tr\/Web\/elektrikli-otomobil-yarisi-fia-etcr-turkiyede\/","title":{"rendered":"ELEKTR\u0130KL\u0130 OTOMOB\u0130L YARI\u015eI FIA-ETCR T\u00dcRK\u0130YE&#8217;DE"},"content":{"rendered":"<p><strong>2022\u2019de \u0130stanbul Park\u2019ta Ba\u015flayacak Elektrikli Heyecan, 2023\u2019te Beyo\u011flu Sokaklar\u0131na Ta\u015f\u0131nacak!<\/strong><\/p>\n<p><strong>\u00a0<\/strong>Tamamen elektrikli otomobillerin k\u0131yas\u0131ya m\u00fccadele etti\u011fi uluslararas\u0131 motor sporlar\u0131 organizasyonu FIA-ETCR\u2019de 2022 y\u0131l\u0131ndaki yepyeni d\u00f6neminde EMSO Sportif katk\u0131lar\u0131 ile takvimde T\u00fcrkiye de yer al\u0131yor. D\u00fcnya \u00e7ap\u0131nda ger\u00e7ekle\u015fecek \u00e7evreci ve yenilik\u00e7i yar\u0131\u015f organizasyonlar\u0131yla nefesleri kesecek elektrikli otomobil yar\u0131\u015f\u0131 organizasyonu FIA Elektrikli Touring Otomobilleri D\u00fcnya \u015eampiyonas\u0131\u2019n\u0131n 2022 takviminin ikinci aya\u011f\u0131 olarak 20-22 May\u0131s tarihleri aras\u0131nda d\u00fczenlenecek T\u00fcrkiye yar\u0131\u015f\u0131n\u0131n tan\u0131t\u0131m toplant\u0131s\u0131 Beyo\u011flu Belediyesi ev sahipli\u011finde Hali\u00e7 Tersanesi\u2019nde d\u00fczenlendi. Toplant\u0131ya, Sanayi ve Teknoloji Bakan\u0131 Mustafa Varank, Gen\u00e7lik ve Spor Bakan Yard\u0131mc\u0131s\u0131 Hamza Yerlikaya, \u00c7evre, \u015eehircilik ve \u0130klim De\u011fi\u015fikli\u011fi Bakan Yard\u0131mc\u0131s\u0131 Hasan Suver, Beyo\u011flu Belediye Ba\u015fkan\u0131 Haydar Ali Y\u0131ld\u0131z, TOSFED Ba\u015fkan\u0131 Eren \u00dc\u00e7lertopra\u011f\u0131, FIA-ETCR Seriler Direkt\u00f6r\u00fc Xavier Gavory ve EMSO Sportif CEO\u2019su Mert G\u00fc\u00e7l\u00fcer kat\u0131l\u0131m g\u00f6sterdiler.<\/p>\n<p>D\u00fczenlenen bas\u0131n toplant\u0131s\u0131nda konu\u015fma yapan EMSO Sportif CEO\u2019su Mert G\u00fc\u00e7l\u00fcer, \u201c\u00dcretimini ger\u00e7ekle\u015ftirdi\u011fi markalar ve gen\u00e7 n\u00fcfusu ile Avrupa\u2019n\u0131n en \u00f6nemli otomotiv \u00fcretim \u00fcslerinden bir tanesi olan T\u00fcrkiye, \u201cElektrikli Formula\u201d olarak an\u0131lan FIA-ETCR\u2019nin heyecanla takip edilece\u011fi \u00fclkelerden olacak. EMSO Sportif olarak bu \u00e7evreci ve de\u011ferli elektrikli otomobil yar\u0131\u015f organizasyonunu T\u00fcrkiye\u2019ye getirebilmenin gururunu ya\u015f\u0131yoruz. 2022 y\u0131l\u0131nda Intercity \u0130stanbul Park\u2019ta ko\u015fulacak organizasyonumuzu \u00f6n\u00fcm\u00fczdeki sene Beyo\u011flu caddelerine ta\u015f\u0131yarak T\u00fcrkiye\u2019de bir ilke imza ataca\u011f\u0131z\u201d dedi.<\/p>\n<p><img loading=\"lazy\" class=\"alignnone size-large wp-image-25906\" src=\"https:\/\/www.digitalcarmagazine.com.tr\/Web\/wp-content\/uploads\/Bas\u0131n-Toplant\u0131s\u0131-G\u00f6rsel-1-1024x683.jpg\" alt=\"\" width=\"840\" height=\"560\" \/><\/p>\n<p><strong>20-22 May\u0131s\u2019ta Interctiy \u0130stanbul Park\u2019ta nefesleri kesecek!<\/strong><\/p>\n<p>Motor sporlar\u0131 d\u00fcnyas\u0131na yeni bir soluk getiren, global \u00e7apta b\u00fcy\u00fck ilgi uyand\u0131ran ve elektrikli ara\u00e7 \u00fcreticilerinin son teknoloji motorlar\u0131 ile kusursuz heyecan\u0131 ortaya koydu\u011fu yar\u0131\u015f organizasyonu FIA-ETCR bu baharda T\u00fcrk motor sporlar\u0131 tutkunlar\u0131n\u0131n da nefeslerini kesecek. <strong>20-22 May\u0131s 2022<\/strong> tarihleri aras\u0131nda Intercity \u0130stanbul Park\u2019ta d\u00fczenlenecek T\u00fcrkiye aya\u011f\u0131 i\u00e7in Beyo\u011flu Belediyesi ev sahipli\u011finde Hali\u00e7 Tersanesi\u2019nde d\u00fczenlenen bas\u0131n toplant\u0131s\u0131nda Sanayi ve Teknoloji Bakan\u0131 Mustafa Varank, Beyo\u011flu Belediye Ba\u015fkan\u0131 Haydar Ali Y\u0131ld\u0131z, TOSFED Ba\u015fkan\u0131 Eren \u00dc\u00e7lertopra\u011f\u0131, FIA-ETCR Seriler Direkt\u00f6r\u00fc Xavier Gavory ve EMSO Sportif CEO\u2019su Mert G\u00fc\u00e7l\u00fcer yer ald\u0131.<\/p>\n<p><strong>\u201c2023 y\u0131l\u0131nda Beyo\u011flu caddelerinde olacak!\u201d<\/strong><\/p>\n<p>Motor sporlar\u0131n\u0131n 2021 sezonunda elektro\u015fok etkisi yaratan, d\u00fcnyan\u0131n ilk tamamen elektrikli, \u00e7ok markal\u0131 Touring otomobil yar\u0131\u015f\u0131na y\u00f6nelik k\u00fcresel ilginin y\u00fcksek olmas\u0131 ile birlikte bu \u00e7evreci yar\u0131\u015f FIA World kategorisine girdi. 2022 y\u0131l\u0131ndan itibaren yeni ad\u0131 ve FIA (Uluslararas\u0131 Otomobil Federasyonu) deste\u011fi ile ger\u00e7ekle\u015ftirilecek olan bu dev organizasyon ile ilgili konu\u015fma yapan EMSO Sportif CEO\u2019su Mert G\u00fc\u00e7l\u00fcer, \u201cK\u0131talar\u0131n bulu\u015ftu\u011fu, d\u00fcnyan\u0131n g\u00f6zdesi metropollerden bir tanesi olan \u0130stanbul gibi \u00f6zel bir \u015fehirde, \u00f6zel bir organizasyona ev sahipli\u011fi yapmaktan mutluluk duyuyoruz. \u00dcretimini ger\u00e7ekle\u015ftirdi\u011fi markalar ve gen\u00e7 n\u00fcfusu ile Avrupa\u2019n\u0131n en \u00f6nemli otomotiv \u00fcretim \u00fcslerinden bir tanesi olan T\u00fcrkiye, FIA-ETCR\u2019nin heyecanla takip edilece\u011fi \u00fclkelerden olacak. EMSO Sportif olarak bu \u00e7evreci ve de\u011ferli elektrikli otomobil yar\u0131\u015f organizasyonunu T\u00fcrkiye\u2019ye getirebilmenin gururunu ya\u015f\u0131yoruz. 2022 y\u0131l\u0131nda Intercity \u0130stanbul Park\u2019ta ko\u015fulacak organizasyonumuzun heyecan\u0131n\u0131 \u00f6n\u00fcm\u00fczdeki sene Beyo\u011flu caddelerine ta\u015f\u0131yarak T\u00fcrkiye\u2019de bir ilke imza ataca\u011f\u0131z\u201d dedi.<\/p>\n<p><strong>\u0130lk kez FIA D\u00fcnya \u015eampiyonas\u0131 olacak <\/strong><\/p>\n<p>FIA Touring Otomobil Komisyonu taraf\u0131ndan kabul edilen, Paris&#8217;te FIA D\u00fcnya Motor Sporlar\u0131 Konseyi taraf\u0131ndan onaylanan ve Discovery Sports Events taraf\u0131ndan organize edilen programa g\u00f6re tamamen elektrikli Touring otomobillerin pilot ve \u00fcreticileri ilk kez FIA D\u00fcnya \u015eampiyonas\u0131nda yar\u0131\u015facak.<\/p>\n<p><strong>670 HP g\u00fcc\u00fcnde elektrikli canavarlar<\/strong><\/p>\n<p>T\u00fcm kat\u0131l\u0131mc\u0131lar bir kez daha WSC Group\u2019un ETCR konsepti \u00e7er\u00e7evesinde haz\u0131rlanan otomobilleri kullanacak. Bu 500 kW (670 HP) maksimum g\u00fc\u00e7le FIA ETCR taraf\u0131ndan, FIA World unvan\u0131 i\u00e7in m\u00fccadele etmek \u00fczere bug\u00fcne kadar geli\u015ftirdi\u011fi en g\u00fc\u00e7l\u00fc Touring otomobillerinin kullan\u0131lmas\u0131 anlam\u0131na geliyor. Williams Advanced Engineering batarya paketinden gelen g\u00fc\u00e7, Magelec Propulsion \u015fanz\u0131man, motor ve invert\u00f6rleri besleniyor. BrightLoop d\u00f6n\u00fc\u015ft\u00fcr\u00fcc\u00fcler, d\u00fc\u015f\u00fck g\u00fc\u00e7 gereksinimi olan \u00f6\u011feler i\u00e7in voltaj\u0131 d\u00f6n\u00fc\u015ft\u00fcr\u00fcrken, HTWO Hidrojen jenerat\u00f6rleri taraf\u0131ndan desteklenen \u015farj i\u015flemi, padok tabanl\u0131 Energy Station\u2019da bir otomobili bir saatten daha k\u0131sa s\u00fcrede 0\u2019dan y\u00fczde 100\u2019e \u015farj ediyor.<\/p>\n<div class=\"gr-gallery-wrap\"><div class=\"gr-gallery owl-carousel owl-theme\" data-slider-id=\"2287652496\"><\/div><div class=\"gr-gallery-thumb-wrap\"><div class=\"gr-gallery-thumb owl-thumbs\" data-slider-id=\"2287652496\"><\/div><a href=\"#\" class=\"gr-gallery-prev\">Prev<\/a><a href=\"#\" class=\"gr-gallery-next\">Next<\/a><\/div><\/div>\n","protected":false},"excerpt":{"rendered":"<p>2022\u2019de \u0130stanbul Park\u2019ta Ba\u015flayacak Elektrikli Heyecan, 2023\u2019te Beyo\u011flu Sokaklar\u0131na Ta\u015f\u0131nacak! \u00a0Tamamen elektrikli otomobillerin k\u0131yas\u0131ya m\u00fccadele etti\u011fi uluslararas\u0131 motor sporlar\u0131 organizasyonu FIA-ETCR\u2019de 2022 y\u0131l\u0131ndaki yepyeni d\u00f6neminde EMSO Sportif katk\u0131lar\u0131 ile takvimde T\u00fcrkiye de yer al\u0131yor. D\u00fcnya \u00e7ap\u0131nda ger\u00e7ekle\u015fecek \u00e7evreci ve yenilik\u00e7i yar\u0131\u015f organizasyonlar\u0131yla nefesleri kesecek elektrikli otomobil yar\u0131\u015f\u0131 organizasyonu FIA Elektrikli Touring Otomobilleri D\u00fcnya \u015eampiyonas\u0131\u2019n\u0131n 2022 [&hellip;]<\/p>\n","protected":false},"author":7,"featured_media":0,"comment_status":"open","ping_status":"open","sticky":false,"template":"","format":"standard","meta":[],"categories":[1,10],"tags":[15353,15351,379,15352,773,571],"_links":{"self":[{"href":"https:\/\/www.digitalcarmagazine.com.tr\/Web\/wp-json\/wp\/v2\/posts\/25905"}],"collection":[{"href":"https:\/\/www.digitalcarmagazine.com.tr\/Web\/wp-json\/wp\/v2\/posts"}],"about":[{"href":"https:\/\/www.digitalcarmagazine.com.tr\/Web\/wp-json\/wp\/v2\/types\/post"}],"author":[{"embeddable":true,"href":"https:\/\/www.digitalcarmagazine.com.tr\/Web\/wp-json\/wp\/v2\/users\/7"}],"replies":[{"embeddable":true,"href":"https:\/\/www.digitalcarmagazine.com.tr\/Web\/wp-json\/wp\/v2\/comments?post=25905"}],"version-history":[{"count":1,"href":"https:\/\/www.digitalcarmagazine.com.tr\/Web\/wp-json\/wp\/v2\/posts\/25905\/revisions"}],"predecessor-version":[{"id":25910,"href":"https:\/\/www.digitalcarmagazine.com.tr\/Web\/wp-json\/wp\/v2\/posts\/25905\/revisions\/25910"}],"wp:attachment":[{"href":"https:\/\/www.digitalcarmagazine.com.tr\/Web\/wp-json\/wp\/v2\/media?parent=25905"}],"wp:term":[{"taxonomy":"category","embeddable":true,"href":"https:\/\/www.digitalcarmagazine.com.tr\/Web\/wp-json\/wp\/v2\/categories?post=25905"},{"taxonomy":"post_tag","embeddable":true,"href":"https:\/\/www.digitalcarmagazine.com.tr\/Web\/wp-json\/wp\/v2\/tags?post=25905"}],"curies":[{"name":"wp","href":"https:\/\/api.w.org\/{rel}","templated":true}]}}