{"id":24460,"date":"2021-04-23T21:35:02","date_gmt":"2021-04-23T18:35:02","guid":{"rendered":"http:\/\/www.digitalcarmagazine.com.tr\/Web\/?p=24460"},"modified":"2021-04-23T21:40:25","modified_gmt":"2021-04-23T18:40:25","slug":"yaman-yilmaz-pistlere-dondu","status":"publish","type":"post","link":"https:\/\/www.digitalcarmagazine.com.tr\/Web\/yaman-yilmaz-pistlere-dondu\/","title":{"rendered":"YAMAN YILMAZ P\u0130STLERE D\u00d6ND\u00dc"},"content":{"rendered":"<h3>Deneyimli otomobil gazetecisi ve yar\u0131\u015f pilotu Yaman Y\u0131lmaz, <strong>\u0130nfo Yat\u0131r\u0131m Menkul De\u011ferler A\u015e<\/strong>\u2019nin sponsorlu\u011funda ve <strong>Fiat <\/strong>deste\u011fiyle <strong>2021 Shell Helix T\u00fcrkiye Ralli \u015eampiyonas\u0131<\/strong>\u2019na dahil 6 ralliye kat\u0131lacak. Fiat Egea ile yar\u0131\u015facak olan Yaman Y\u0131lmaz\u2019\u0131n yard\u0131mc\u0131 s\u00fcr\u00fcc\u00fcl\u00fc\u011f\u00fcn\u00fc Soner Tamer yapacak.<\/h3>\n<figure id=\"attachment_24462\" aria-describedby=\"caption-attachment-24462\" style=\"width: 683px\" class=\"wp-caption alignleft\"><a href=\"https:\/\/www.digitalcarmagazine.com.tr\/Web\/yaman-yilmaz-pistlere-dondu\/image00005\/\" rel=\"attachment wp-att-24462\"><img loading=\"lazy\" class=\"wp-image-24462 size-large\" src=\"https:\/\/www.digitalcarmagazine.com.tr\/Web\/wp-content\/uploads\/image00005-683x1024.jpeg\" alt=\"\" width=\"683\" height=\"1024\" \/><\/a><figcaption id=\"caption-attachment-24462\" class=\"wp-caption-text\">Yaman Y\u0131lmaz<\/figcaption><\/figure>\n<p>Sezonun ilk yar\u0131\u015f\u0131 olan ESOK Rally \u00f6ncesinde Fiat Motor Sporlar\u0131\u2019n\u0131n \u00a0Eski\u015fehir\u2019de ger\u00e7ekle\u015ftirdi\u011fi teste kat\u0131lan Yaman Y\u0131lmaz, hem yeni co-pilotu Soner Tamer\u2019le uyum s\u00fcrecini h\u0131zland\u0131rm\u0131\u015f oldu, hem de 2019 y\u0131l\u0131nda da 5 rallide start ald\u0131\u011f\u0131 Fiat Egea ile ilgili haf\u0131zas\u0131ndaki bilgileri tazeledi. Test sonras\u0131nda konu\u015fan Yaman Y\u0131lmaz \u201dSezona ve asfalt zeminde ger\u00e7ekle\u015ftirilecek olan ilk yar\u0131\u015fa haz\u0131rl\u0131k i\u00e7in g\u00fczel bir test ger\u00e7ekle\u015ftirdik. Yar\u0131\u015f arac\u0131m\u0131z Fiat Egea, \u00e7ok sa\u011flam ve h\u0131zl\u0131 bir otomobil. 3 senedir rallilerde ba\u015far\u0131s\u0131n\u0131 kan\u0131tlam\u0131\u015f olan Fiat Egea\u2019da bir \u00e7ok standart par\u00e7an\u0131n kullan\u0131l\u0131yor olmas\u0131 da markan\u0131n yol otomobillerinin ne kadar geli\u015fmi\u015f oldu\u011funun bir g\u00f6stergesi. Bu sezon sponsorum olan \u0130nfo Yat\u0131r\u0131m Menkul De\u011ferler A\u015f\u2019ye ve beni 2019\u2019da ve bu sezon destekleyen Fiat\u2019a \u00a0da te\u015fekk\u00fcr ediyorum. Umar\u0131m hem bizim i\u00e7in hem de bu ralliye kat\u0131lacak olan t\u00fcm ekipler i\u00e7in keyifli bir yar\u0131\u015f olur.\u2019\u2019<\/p>\n<p><a href=\"https:\/\/www.digitalcarmagazine.com.tr\/Web\/yaman-yilmaz-pistlere-dondu\/image00010\/\" rel=\"attachment wp-att-24463\"><img loading=\"lazy\" class=\"aligncenter size-full wp-image-24463\" src=\"https:\/\/www.digitalcarmagazine.com.tr\/Web\/wp-content\/uploads\/image00010.jpeg\" alt=\"\" width=\"800\" height=\"533\" \/><\/a>K\u0131sa ad\u0131 ESOK olan Eski\u015fehir Otomobil Sporlar\u0131 Kul\u00fcb\u00fc taraf\u0131ndan d\u00fczenlenen\u00a0<strong>FIA Avrupa Ralli Kupas\u0131<\/strong>\u2019na dahil\u00a0<strong> ESOK Rally<\/strong>, 23-25 Nisan tarihlerinde Eski\u015fehir\u2019de d\u00fczenleniyor. Aralar\u0131nda Bulgaristan ve Romanya\u2019dan da ekiplerin yer ald\u0131\u011f\u0131 toplam 90 ara\u00e7 ve 180 sporcunun kay\u0131t yapt\u0131rd\u0131\u011f\u0131 ralli,\u00a0<strong>2021 UNESCO Yunus Emre Anma ve Kutlama Y\u0131l\u0131<\/strong>\u00a0etkinlikleri kapsam\u0131nda ger\u00e7ekle\u015ftirilecek. FIA Avrupa Ralli Kupas\u0131 haricinde,\u00a0<strong>Shell Helix 2021 T\u00fcrkiye Ralli \u015eampiyonas\u0131<\/strong>, T\u00fcrkiye Historic Ralli \u015eampiyonas\u0131 ve \u015eevki G\u00f6kerman Ralli Kupas\u0131\u2018na da puan verecek olan ralli, toplam uzunlu\u011fu 150.74 km. olan 10 \u00f6zel etaptan olu\u015fuyor.<strong> ESOK Rally<\/strong>, 23 Nisan Cuma 21.30\u2019da\u00a0<strong>espark<\/strong>\u00a0\u00f6n\u00fcnde ger\u00e7ekle\u015ftirilecek seremonik start ile ba\u015flayarak, iki g\u00fcn boyunca 335,17 km. uzunlu\u011fundaki asfalt zeminli parkurda ko\u015fulacak. 24 Nisan Cumartesi g\u00fcn\u00fc 10.00\u2019da\u00a0<strong>Cassaba Modern<\/strong>\u2019de yer alan Servis Park\u2019tan ba\u015flayacak olan rallinin ilk g\u00fcn\u00fc, 4 \u00f6zel etab\u0131n ge\u00e7ilmesinin ard\u0131ndan 15.40\u2019da yine Servis Park\u2019ta son bulacak. Rallinin ikinci g\u00fcn\u00fc ise 25 Nisan Pazar g\u00fcn\u00fc 10.00\u2019da ba\u015flayarak 6 \u00f6zel etab\u0131n ard\u0131ndan 15.45\u2019den itibaren\u00a0<strong>espark<\/strong>\u00a0\u00f6n\u00fcndeki fini\u015f seremonisi ve \u00f6d\u00fcl t\u00f6reni ile tamamlanacak.<\/p>\n<figure id=\"attachment_24461\" aria-describedby=\"caption-attachment-24461\" style=\"width: 683px\" class=\"wp-caption alignleft\"><a href=\"https:\/\/www.digitalcarmagazine.com.tr\/Web\/yaman-yilmaz-pistlere-dondu\/image00002\/\" rel=\"attachment wp-att-24461\"><img loading=\"lazy\" class=\"wp-image-24461 size-large\" src=\"https:\/\/www.digitalcarmagazine.com.tr\/Web\/wp-content\/uploads\/image00002-683x1024.jpeg\" alt=\"\" width=\"683\" height=\"1024\" \/><\/a><figcaption id=\"caption-attachment-24461\" class=\"wp-caption-text\">Soner Tamer<\/figcaption><\/figure>\n<p>&nbsp;<\/p>\n<p>&nbsp;<\/p>\n<p>&nbsp;<\/p>\n<p>&nbsp;<\/p>\n<p>&nbsp;<\/p>\n","protected":false},"excerpt":{"rendered":"<p>Deneyimli otomobil gazetecisi ve yar\u0131\u015f pilotu Yaman Y\u0131lmaz, \u0130nfo Yat\u0131r\u0131m Menkul De\u011ferler A\u015e\u2019nin sponsorlu\u011funda ve Fiat deste\u011fiyle 2021 Shell Helix T\u00fcrkiye Ralli \u015eampiyonas\u0131\u2019na dahil 6 ralliye kat\u0131lacak. Fiat Egea ile yar\u0131\u015facak olan Yaman Y\u0131lmaz\u2019\u0131n yard\u0131mc\u0131 s\u00fcr\u00fcc\u00fcl\u00fc\u011f\u00fcn\u00fc Soner Tamer yapacak. Sezonun ilk yar\u0131\u015f\u0131 olan ESOK Rally \u00f6ncesinde Fiat Motor Sporlar\u0131\u2019n\u0131n \u00a0Eski\u015fehir\u2019de ger\u00e7ekle\u015ftirdi\u011fi teste kat\u0131lan Yaman Y\u0131lmaz, [&hellip;]<\/p>\n","protected":false},"author":1,"featured_media":0,"comment_status":"open","ping_status":"open","sticky":false,"template":"","format":"standard","meta":[],"categories":[1,10],"tags":[14754,14753,437,527,14752],"_links":{"self":[{"href":"https:\/\/www.digitalcarmagazine.com.tr\/Web\/wp-json\/wp\/v2\/posts\/24460"}],"collection":[{"href":"https:\/\/www.digitalcarmagazine.com.tr\/Web\/wp-json\/wp\/v2\/posts"}],"about":[{"href":"https:\/\/www.digitalcarmagazine.com.tr\/Web\/wp-json\/wp\/v2\/types\/post"}],"author":[{"embeddable":true,"href":"https:\/\/www.digitalcarmagazine.com.tr\/Web\/wp-json\/wp\/v2\/users\/1"}],"replies":[{"embeddable":true,"href":"https:\/\/www.digitalcarmagazine.com.tr\/Web\/wp-json\/wp\/v2\/comments?post=24460"}],"version-history":[{"count":2,"href":"https:\/\/www.digitalcarmagazine.com.tr\/Web\/wp-json\/wp\/v2\/posts\/24460\/revisions"}],"predecessor-version":[{"id":24465,"href":"https:\/\/www.digitalcarmagazine.com.tr\/Web\/wp-json\/wp\/v2\/posts\/24460\/revisions\/24465"}],"wp:attachment":[{"href":"https:\/\/www.digitalcarmagazine.com.tr\/Web\/wp-json\/wp\/v2\/media?parent=24460"}],"wp:term":[{"taxonomy":"category","embeddable":true,"href":"https:\/\/www.digitalcarmagazine.com.tr\/Web\/wp-json\/wp\/v2\/categories?post=24460"},{"taxonomy":"post_tag","embeddable":true,"href":"https:\/\/www.digitalcarmagazine.com.tr\/Web\/wp-json\/wp\/v2\/tags?post=24460"}],"curies":[{"name":"wp","href":"https:\/\/api.w.org\/{rel}","templated":true}]}}