{"id":24196,"date":"2020-12-24T13:21:21","date_gmt":"2020-12-24T10:21:21","guid":{"rendered":"http:\/\/www.digitalcarmagazine.com.tr\/Web\/?p=24196"},"modified":"2020-12-24T13:21:21","modified_gmt":"2020-12-24T10:21:21","slug":"bmwnin-gelecegi","status":"publish","type":"post","link":"https:\/\/www.digitalcarmagazine.com.tr\/Web\/bmwnin-gelecegi\/","title":{"rendered":"BMW\u2019N\u0130N GELECE\u011e\u0130"},"content":{"rendered":"<h3>Elektrikli otomobil konusunda en ciddi markalar\u0131n ba\u015f\u0131nda BMW gelir. Baz\u0131 markalar\u0131n konseptleri \u00fczerinden konu\u015fuyorken BMW konsept modellerini bir bir seri \u00fcretime ge\u00e7irmeye devam ediyor.<\/h3>\n<p><a href=\"https:\/\/www.digitalcarmagazine.com.tr\/Web\/bmwnin-gelecegi\/go%cc%88rsel-1\/\" rel=\"attachment wp-att-24197\"><img loading=\"lazy\" class=\"aligncenter size-large wp-image-24197\" src=\"https:\/\/www.digitalcarmagazine.com.tr\/Web\/wp-content\/uploads\/Go\u0308rsel-1-1-1024x683.jpg\" alt=\"\" width=\"840\" height=\"560\" \/><\/a>Foto\u011fraflarda g\u00f6rd\u00fc\u011f\u00fcn\u00fcz ara\u00e7 \u2018BMW Mobilitenin Gelece\u011fe Giden Yolu BMW iX\u2019. Ge\u00e7ti\u011fimiz y\u0131l g\u00f6sterilen BMW iNEXT konseptinin seri \u00fcretim versiyonu olacak BMX iX, 2021 y\u0131l\u0131n\u0131n son \u00e7eyre\u011finde T\u00fcrkiye\u2019de olacak.<\/p>\n<p>BMW\u2019nin gelece\u011fi diyebiliriz onun i\u00e7in. 500 bg g\u00fcc\u00fc, 0-100 km\u2019ye 5 saniyenin alt\u0131nda ula\u015fan performans\u0131 ve WLTP kriterlerine g\u00f6re 600 kilometreden fazla s\u00fcr\u00fc\u015f menzili sunan verimli bataryas\u0131yla elektrikli otomobil standartlar\u0131n\u0131 ba\u015fka bir boyuta ta\u015f\u0131yor. BMW iX\u2019in h\u0131zl\u0131 \u015farj ile yaln\u0131zca 40 dakikada y\u00fczde 80 dolulu\u011fa ula\u015fabilen bataryas\u0131, ayn\u0131 zamanda on dakika i\u00e7erisinde 120 km\u2019den fazla s\u00fcr\u00fc\u015f menzili sunuyor. BMW iX&#8217;teki s\u00fcr\u00fc\u015f sistemi, otomobilin iki elektrik motorunu, g\u00fc\u00e7 elektroniklerini, \u015farj teknolojisini ve y\u00fcksek voltajl\u0131 bataryay\u0131 kapsayan be\u015finci nesil BMW eDrive teknolojisine dayan\u0131yor. BMW iX&#8217;in yol tutu\u015f yetenekleri ve kabin i\u00e7indeki konfor seviyesi, azalt\u0131lm\u0131\u015f s\u00fcrt\u00fcnme kuvveti ile al\u00fcminyum uzay \u00e7er\u00e7evesi ve s\u0131n\u0131f\u0131nda \u00f6nc\u00fc \u2018Carbon Cage\u2019 ile sa\u011flan\u0131yor. BMW iX&#8217;in 0.25 Cd\u2019lik s\u00fcrt\u00fcnme katsay\u0131s\u0131 tek ba\u015f\u0131na arac\u0131n menziline 65 kilometre eklemeyi ba\u015far\u0131yor. Uzunluk ve geni\u015flik bak\u0131m\u0131ndan BMW X5 \u00f6l\u00e7\u00fclerinde olan BMW iX, kavisli tavan yap\u0131s\u0131 ve y\u00fcksekli\u011fiyle BMW X6\u2019y\u0131 an\u0131msat\u0131rken, geni\u015f tekerlek jantlar\u0131 sayesinde BMW X7 ile benzerlik g\u00f6steriyor.<\/p>\n<p><a href=\"https:\/\/www.digitalcarmagazine.com.tr\/Web\/bmwnin-gelecegi\/go%cc%88rsel-2-2\/\" rel=\"attachment wp-att-24198\"><img loading=\"lazy\" class=\"aligncenter size-large wp-image-24198\" src=\"https:\/\/www.digitalcarmagazine.com.tr\/Web\/wp-content\/uploads\/Go\u0308rsel-2-2-1024x683.jpg\" alt=\"\" width=\"840\" height=\"560\" \/><\/a>BMW\u2019nin yeni tasar\u0131m dilinin sembol\u00fc geni\u015f B\u00f6brek Izgara ise t\u00fcm elektronik s\u00fcr\u00fc\u015f asistan sistemlerini bar\u0131nd\u0131rmas\u0131n\u0131n yan\u0131 s\u0131ra oda s\u0131cakl\u0131\u011f\u0131nda 24 saat i\u00e7inde k\u00fc\u00e7\u00fck \u00e7izikleri onarabilen kendi kendini iyile\u015ftirme teknolojisiyle de fark yarat\u0131yor.<\/p>\n<h5>Do\u011fall\u0131k ve Shy Tech<\/h5>\n<p>Bu model i\u00e7in kullan\u0131lan malzemelerin detaylar\u0131 de\u011ferli. Son teknoloji ile birle\u015fen do\u011fal ve geri d\u00f6n\u00fc\u015ft\u00fcr\u00fclm\u00fc\u015f malzemelerin yayg\u0131n kullan\u0131m\u0131 otomobilin her alan\u0131nda g\u00f6r\u00fclebiliyor.\u00a0 Koltuklar ve g\u00f6sterge paneli i\u00e7in kullan\u0131lan derinin y\u00fczeyi do\u011fal bir zeytin yapra\u011f\u0131 \u00f6z\u00fc ile i\u015flenirken, bu sayede \u00e7evreye zararl\u0131\u00a0 \u00fcretim kal\u0131nt\u0131lar\u0131 \u00f6nlenmi\u015f oluyor. Ayn\u0131 zamanda bu \u00f6zellik deriye y\u00fcksek kaliteli ancak do\u011fal bir g\u00f6r\u00fcn\u00fcm de kazand\u0131r\u0131yor. Hammadde ve \u00fcretim y\u00f6ntemlerini se\u00e7erken uygulanan s\u00fcrd\u00fcr\u00fclebilirlik odakl\u0131 yakla\u015f\u0131ma uygun olarak BMW iX\u2019in FSC sertifikal\u0131 ah\u015fap ve kap\u0131 panellerinde, koltuklar\u0131nda, orta konsol ve zemin panellerinin y\u00fczeylerinde y\u00fcksek oranda geri d\u00f6n\u00fc\u015ft\u00fcr\u00fclm\u00fc\u015f plastik kullan\u0131l\u0131yor. BMW iX\u2019in paspaslar\u0131 da plastik \u015fi\u015felerin geri d\u00f6n\u00fc\u015ft\u00fcr\u00fclmesiyle elde edilen malzemeyle \u00fcretiliyor. Di\u011fer bir detay da Shy Tech tasar\u0131m\u0131. Bu ilke ile tasarlanan kabinde fazla g\u00f6r\u00fcn\u00fcr olmayan hoparl\u00f6rleri, farkl\u0131 tasarlanan havaland\u0131rma kanallar\u0131nda \u201cShy Tech\u201d kendini g\u00f6steriyor. \u0130lk defa BMW Group bir modelinde hoparl\u00f6rlerini koltuk yap\u0131s\u0131na entegre etme se\u00e7ene\u011fini kullan\u0131c\u0131ya sunuyor. Yine ilk kez bir BMW modelinde kullan\u0131lan alt\u0131gen \u015fekilli direksiyon simidi ve yeni nesil BMW \u0130\u015fletim Sisteminin bir par\u00e7as\u0131n\u0131 olu\u015fturan 12.3 ve 14.9 in\u00e7lik kombine BMW Kavisli Ekran, f\u00fct\u00fcristik s\u00fcr\u00fc\u015f keyfine vurgu yap\u0131yor.<\/p>\n<p><a href=\"https:\/\/www.digitalcarmagazine.com.tr\/Web\/bmwnin-gelecegi\/p90405593_highres_the-first-ever-bmw-i\/\" rel=\"attachment wp-att-24206\"><img loading=\"lazy\" class=\"aligncenter size-large wp-image-24206\" src=\"https:\/\/www.digitalcarmagazine.com.tr\/Web\/wp-content\/uploads\/P90405593_highRes_the-first-ever-bmw-i-1024x683.jpg\" alt=\"\" width=\"840\" height=\"560\" \/><\/a>BMW iX\u2019te kullan\u0131lan panoramik cam tavan tek par\u00e7al\u0131 \u015feffaf y\u00fczeyiyle, herhangi bir \u00e7apraz destek olmadan t\u00fcm i\u00e7 mekan\u0131 kaplayarak, BMW modellerinde \u015fimdiye kadar kullan\u0131lan en b\u00fcy\u00fck cam tavan olma \u00f6zelli\u011fine sahip. Cam tavan, i\u00e7 mekan\u0131 do\u011frudan g\u00fcne\u015f \u0131\u015f\u0131\u011f\u0131ndan korumak i\u00e7in tek bir d\u00fc\u011fmeye bas\u0131larak etkinle\u015ftirilebilen elektrokromik Electrochromic g\u00f6lgeleme \u00f6zelli\u011fine de sahip. Lamine cam yap\u0131, hem ultraviyole \u0131\u015f\u0131nlar\u0131na kar\u015f\u0131 optimum koruma hem de m\u00fckemmel bir akustik konforu standart olarak sunabiliyor. Cam tavan, bir i\u00e7 kaplamaya sahip olmak yerine, otomotiv end\u00fcstrisinde i\u00e7 mekan\u0131 g\u00f6lgelendirmek i\u00e7in PDLC (Polimer Da\u011f\u0131l\u0131ml\u0131 S\u0131v\u0131 Kristal) teknolojisini kullanan t\u00fcr\u00fcn\u00fcn tek \u00f6rne\u011fi olarak dikkat \u00e7ekiyor. \u0130\u00e7 mekandaki di\u011fer bir detay ise standart olarak on iki hoparl\u00f6r ve 205 watt&#8217;l\u0131k amplifikat\u00f6r i\u00e7eren bir HiFi ses sistemi sunuluyor. Harman Kardon Surround Ses Sistemi, yedi bantl\u0131 ekolayz\u0131r, 655 watt ses g\u00fcc\u00fc ve otomobilin dinamik performans seviyesine ba\u011fl\u0131 ayar\u0131 ile m\u00fckemmel bir ses kalitesi sa\u011fl\u0131yor.<\/p>\n<h5><strong><a href=\"https:\/\/www.digitalcarmagazine.com.tr\/Web\/bmwnin-gelecegi\/p90405480_highres_the-first-ever-bmw-i\/\" rel=\"attachment wp-att-24204\"><img loading=\"lazy\" class=\"aligncenter size-large wp-image-24204\" src=\"https:\/\/www.digitalcarmagazine.com.tr\/Web\/wp-content\/uploads\/P90405480_highRes_the-first-ever-bmw-i-1024x683.jpg\" alt=\"\" width=\"840\" height=\"560\" \/><\/a>Oyun D\u00fcnyas\u0131 Teknolojileri BMW iX\u2019te <\/strong><\/h5>\n<p>BMW Group, art\u0131k teknolojiyi neredeyse t\u00fcm s\u00fcre\u00e7lerinde kullanarak daha da geni\u015fleyen bir ekosistem olu\u015fturuyor. Yakla\u015f\u0131k 350 milyon oyuncusu olan Fortnite\u2019da kullan\u0131lan Unreal Engine teknolojisinden de faydalanan BMW iX, dikkatleri bir kez daha \u00fczerine \u00e7ekmeyi ba\u015far\u0131yor. BMW iX, b\u00f6ylece markan\u0131n oyun teknolojisi kullanarak geli\u015ftirdi\u011fi ilk otomobil olma unvan\u0131na da sahip olacak.<\/p>\n<h5><strong><a href=\"https:\/\/www.digitalcarmagazine.com.tr\/Web\/bmwnin-gelecegi\/p90405596_highres_the-first-ever-bmw-i\/\" rel=\"attachment wp-att-24207\"><img loading=\"lazy\" class=\"aligncenter size-large wp-image-24207\" src=\"https:\/\/www.digitalcarmagazine.com.tr\/Web\/wp-content\/uploads\/P90405596_highRes_the-first-ever-bmw-i-1024x683.jpg\" alt=\"\" width=\"840\" height=\"560\" \/><\/a>5G<\/strong><strong>\u2019li ik seri \u00fcretim modeli<\/strong><\/h5>\n<p>BMW iX, 5G mobil teknolojisiyle donat\u0131lan ilk premium model olarak rekabeti bir ad\u0131m daha ileri ta\u015f\u0131yor. 5G a\u011f\u0131n\u0131n sundu\u011fu geli\u015fmi\u015f hizmet kalitesiyle birlikte, bilgi-e\u011flence, otomatik s\u00fcr\u00fc\u015f ve yol g\u00fcvenli\u011fi alanlar\u0131nda \u00f6nemli iyile\u015ftirmeler\u00a0 ya\u015fanacak. Ayr\u0131ca bu teknoloji, yayalar, bisiklet ve scooter s\u00fcr\u00fcc\u00fclerinin ak\u0131ll\u0131 telefonlar\u0131 ile mobil a\u011fa ba\u011flanmaya bile gerek kalmadan do\u011frudan altyap\u0131 ile ileti\u015fim kurabilmesine olanak sa\u011flayacak.<\/p>\n<p><a href=\"https:\/\/www.digitalcarmagazine.com.tr\/Web\/bmwnin-gelecegi\/p90405473_highres_the-first-ever-bmw-i\/\" rel=\"attachment wp-att-24201\"><img loading=\"lazy\" class=\"aligncenter size-large wp-image-24201\" src=\"https:\/\/www.digitalcarmagazine.com.tr\/Web\/wp-content\/uploads\/P90405473_highRes_the-first-ever-bmw-i-1024x683.jpg\" alt=\"\" width=\"840\" height=\"560\" \/><\/a><a href=\"https:\/\/www.digitalcarmagazine.com.tr\/Web\/bmwnin-gelecegi\/p90405597_highres_the-first-ever-bmw-i\/\" rel=\"attachment wp-att-24208\"><img loading=\"lazy\" class=\"aligncenter size-large wp-image-24208\" src=\"https:\/\/www.digitalcarmagazine.com.tr\/Web\/wp-content\/uploads\/P90405597_highRes_the-first-ever-bmw-i-1024x683.jpg\" alt=\"\" width=\"840\" height=\"560\" \/><\/a><\/p>\n","protected":false},"excerpt":{"rendered":"<p>Elektrikli otomobil konusunda en ciddi markalar\u0131n ba\u015f\u0131nda BMW gelir. Baz\u0131 markalar\u0131n konseptleri \u00fczerinden konu\u015fuyorken BMW konsept modellerini bir bir seri \u00fcretime ge\u00e7irmeye devam ediyor. Foto\u011fraflarda g\u00f6rd\u00fc\u011f\u00fcn\u00fcz ara\u00e7 \u2018BMW Mobilitenin Gelece\u011fe Giden Yolu BMW iX\u2019. Ge\u00e7ti\u011fimiz y\u0131l g\u00f6sterilen BMW iNEXT konseptinin seri \u00fcretim versiyonu olacak BMX iX, 2021 y\u0131l\u0131n\u0131n son \u00e7eyre\u011finde T\u00fcrkiye\u2019de olacak. BMW\u2019nin gelece\u011fi diyebiliriz [&hellip;]<\/p>\n","protected":false},"author":1,"featured_media":0,"comment_status":"open","ping_status":"open","sticky":false,"template":"","format":"standard","meta":[],"categories":[8723,1],"tags":[14673,135,14452,14672,3226,14674,14114,57,14675,767,14368,14396],"_links":{"self":[{"href":"https:\/\/www.digitalcarmagazine.com.tr\/Web\/wp-json\/wp\/v2\/posts\/24196"}],"collection":[{"href":"https:\/\/www.digitalcarmagazine.com.tr\/Web\/wp-json\/wp\/v2\/posts"}],"about":[{"href":"https:\/\/www.digitalcarmagazine.com.tr\/Web\/wp-json\/wp\/v2\/types\/post"}],"author":[{"embeddable":true,"href":"https:\/\/www.digitalcarmagazine.com.tr\/Web\/wp-json\/wp\/v2\/users\/1"}],"replies":[{"embeddable":true,"href":"https:\/\/www.digitalcarmagazine.com.tr\/Web\/wp-json\/wp\/v2\/comments?post=24196"}],"version-history":[{"count":2,"href":"https:\/\/www.digitalcarmagazine.com.tr\/Web\/wp-json\/wp\/v2\/posts\/24196\/revisions"}],"predecessor-version":[{"id":24211,"href":"https:\/\/www.digitalcarmagazine.com.tr\/Web\/wp-json\/wp\/v2\/posts\/24196\/revisions\/24211"}],"wp:attachment":[{"href":"https:\/\/www.digitalcarmagazine.com.tr\/Web\/wp-json\/wp\/v2\/media?parent=24196"}],"wp:term":[{"taxonomy":"category","embeddable":true,"href":"https:\/\/www.digitalcarmagazine.com.tr\/Web\/wp-json\/wp\/v2\/categories?post=24196"},{"taxonomy":"post_tag","embeddable":true,"href":"https:\/\/www.digitalcarmagazine.com.tr\/Web\/wp-json\/wp\/v2\/tags?post=24196"}],"curies":[{"name":"wp","href":"https:\/\/api.w.org\/{rel}","templated":true}]}}