{"id":23955,"date":"2020-11-12T15:21:11","date_gmt":"2020-11-12T12:21:11","guid":{"rendered":"http:\/\/www.digitalcarmagazine.com.tr\/Web\/?p=23955"},"modified":"2020-11-12T15:21:11","modified_gmt":"2020-11-12T12:21:11","slug":"yeni-seat-ateca","status":"publish","type":"post","link":"https:\/\/www.digitalcarmagazine.com.tr\/Web\/yeni-seat-ateca\/","title":{"rendered":"YEN\u0130 SEAT ATECA"},"content":{"rendered":"<h3>2016 y\u0131l\u0131nda lansman\u0131 ger\u00e7ekle\u015ftirilen Seat Ateca yenilendi. Markan\u0131n en ba\u015f\u0131r\u0131l\u0131 modellerinden olan Ateca daha \u015f\u0131k ve daha g\u00fc\u00e7l\u00fc bir hal alm\u0131\u015f.<\/h3>\n<p><a href=\"https:\/\/www.digitalcarmagazine.com.tr\/Web\/yeni-seat-ateca\/1604936862_ateca_pa_142-2\/\" rel=\"attachment wp-att-23960\"><img loading=\"lazy\" class=\"size-full wp-image-23960 alignleft\" src=\"https:\/\/www.digitalcarmagazine.com.tr\/Web\/wp-content\/uploads\/1604936862_ATECA_PA_142-1.jpg\" alt=\"\" width=\"652\" height=\"431\" \/><\/a>Yeni Seat Ateca tasar\u0131m olarak \u00e7ok daha \u015f\u0131k g\u00f6r\u00fcn\u00fcyor. Yenilenen tampon ve t\u00fcm donan\u0131mlarda standart olarak sunulan mercekli Full LED \u00f6n farlar dikkat \u00e7ekiyor.\u00a0Arac\u0131n arka tasar\u0131m\u0131, kompakt SUV&#8217;un g\u00fc\u00e7l\u00fc g\u00f6vdesini vurgulamak i\u00e7in \u015fekillendirilmi\u015f. Yeni arka tampon, t\u00fcm donan\u0131m seviyelerinde standart olarak sunulan dinamik LED arka sinyal lambalar\u0131 ve LED arka stoplar arac\u0131n g\u00f6r\u00fcnt\u00fcs\u00fcn\u00fc tamamlam\u0131\u015f ve \u00e7ekicili\u011fini art\u0131rm\u0131\u015f. Sim\u00fcle edilmi\u015f egzoz \u00e7\u0131k\u0131\u015flar\u0131 tasar\u0131ma ayr\u0131 bir boyut kazand\u0131r\u0131yor ve dikkatlerin arac\u0131n arka taraf\u0131nda yo\u011funla\u015fmas\u0131n\u0131 sa\u011fl\u0131yor. Ateca\u2019n\u0131n ad\u0131 da art\u0131k yeni el yaz\u0131s\u0131 stilinde arac\u0131n arka bagaj\u0131na kabartmal\u0131 \u015fekilde i\u015flenmi\u015f. Yeni tasar\u0131m, bir \u00f6nceki nesilde sahip oldu\u011fu geni\u015fli\u011fi (1.841 mm) ve y\u00fcksekli\u011fi (1.615 mm) korurken, \u00f6n ve arka tamponlar\u0131 18 mm b\u00fcy\u00fcyerek 4.381 mm&#8217;lik bir uzunlu\u011fa ula\u015fm\u0131\u015f.<\/p>\n<p><strong><a href=\"https:\/\/www.digitalcarmagazine.com.tr\/Web\/yeni-seat-ateca\/1604937220_seat_ateca_2020_45_hq\/\" rel=\"attachment wp-att-23962\"><img loading=\"lazy\" class=\"aligncenter size-large wp-image-23962\" src=\"https:\/\/www.digitalcarmagazine.com.tr\/Web\/wp-content\/uploads\/1604937220_SEAT_Ateca_2020_45_HQ-1024x683.jpg\" alt=\"\" width=\"840\" height=\"560\" \/><\/a>Yeni donan\u0131m seviyesi<\/strong><br \/>\nYeni SEAT Ateca, FR ve XPERIENCE donan\u0131m se\u00e7enekleriyle sunuluyor. FR donan\u0131m seviyesi, yeni \u0131zgara tasar\u0131m\u0131, cosmo gri renginde \u00f6n ve arka tampon s\u00fcslemeleri, sis lambas\u0131 \u0131zgaras\u0131, ayna kapaklar\u0131, yan kaplamalar ve sim\u00fcle egzozlar ile sportif g\u00f6r\u00fcn\u00fcm sunuyor. En yeni donan\u0131m seviyesi XPERIENCE ise, araca daha fazla sa\u011flaml\u0131k ve offroad karakteri kat\u0131yor. Siyah \u00f6n ve arka tampon eklerinin, \u00e7amurluk kaplamalar\u0131n\u0131n, yan \u00e7\u0131talar\u0131n ve metalik g\u00f6r\u00fcn\u00fcml\u00fc \u00f6n ve arka s\u00fcslemelerin eklenmesiyle otomobil daha dikkat \u00e7ekici bir hal al\u0131yor. 18\u201d ve 19&#8243; aras\u0131nda 9 farkl\u0131 opsiyonel al\u00fcminyum ala\u015f\u0131ml\u0131 jant se\u00e7enekleri ve yeni Kamuflaj Ye\u015fili rengi de dahil 10 farkl\u0131 d\u0131\u015f renkten olu\u015fan geni\u015f renk yelpazesi ile yeni SEAT Ateca, yeni bir tarz sunuyor.<\/p>\n<p><strong><a href=\"https:\/\/www.digitalcarmagazine.com.tr\/Web\/yeni-seat-ateca\/1604937543_seat_ateca_2020_13_hq-2\/\" rel=\"attachment wp-att-23963\"><img loading=\"lazy\" class=\"aligncenter size-large wp-image-23963\" src=\"https:\/\/www.digitalcarmagazine.com.tr\/Web\/wp-content\/uploads\/1604937543_SEAT_Ateca_2020_13_HQ-1-1024x683.jpg\" alt=\"\" width=\"840\" height=\"560\" \/><\/a>Yeni \u2018Climacoat\u2019 teknolojisi<\/strong><br \/>\nAteca&#8217;n\u0131n i\u00e7 mekan\u0131 koltu\u011fa oturdu\u011funuz andan itibaren kalite, sa\u011flaml\u0131k ve g\u00fcvenlik alg\u0131s\u0131n\u0131 hissettiriyor. \u0130\u00e7 mekan uyumu, renkleri, panellerdeki diki\u015fler, yeni kap\u0131 kaplama malzemeleri ve yeni d\u00f6\u015femeler \u015f\u0131k bir g\u00f6r\u00fcn\u00fcm olu\u015ftururken sa\u011flaml\u0131\u011fa da vurgu yap\u0131yor. Yeni direksiyon simidi ise s\u00fcr\u00fcc\u00fc ile ara\u00e7 aras\u0131nda ba\u011flant\u0131 hissinin art\u0131r\u0131yor. So\u011fuk g\u00fcnlerde, opsiyonel olarak sunulan \u0131s\u0131tmal\u0131 direksiyon simidi ile konfor d\u00fczeyi art\u0131r\u0131labiliyor. Kompakt SUV da ayr\u0131ca opsiyonel olarak al\u0131nabilen g\u00f6r\u00fcnmez kaplama \u2018Climacoat\u2019 teknolojisine sahip t\u00fcm hava \u015fartlar\u0131na dayan\u0131kl\u0131 bir \u0131s\u0131tmal\u0131 \u00f6n cam da bulunuyor. Bu teknoloji, \u00f6n camda buzlanman\u0131n sadece 2-3 dakika i\u00e7inde \u00e7\u00f6z\u00fclmesini sa\u011fl\u0131yor. Daha da \u00f6nemlisi bu sistem, s\u00fcr\u00fcc\u00fclerin g\u00f6r\u00fc\u015f\u00fcn\u00fc kesintiye u\u011fratacak bir yans\u0131ma da yapm\u0131yor. Direksiyonun arkas\u0131nda her zaman m\u00fckemmel konumu bulabilmenizi sa\u011flayan s\u00fcr\u00fcc\u00fc koltu\u011fu, 8 y\u00f6nl\u00fc koltuk ayar\u0131 ve haf\u0131za fonksiyonuyla iste\u011fe ba\u011fl\u0131 olarak sat\u0131n al\u0131nabiliyor. \u0130\u00e7 mekan tasar\u0131m\u0131 ayr\u0131ca arac\u0131n i\u00e7 kaplamas\u0131na ekstra bir boyut getiren \u00e7ok renkli ortam ayd\u0131nlatmas\u0131, havaland\u0131rma kanallar\u0131, vites kolu ve bilgi-e\u011flence sistemi i\u00e7in mat kaplama \u00e7er\u00e7eveleriyle de \u00f6ne \u00e7\u0131k\u0131yor.<\/p>\n<p><a href=\"https:\/\/www.digitalcarmagazine.com.tr\/Web\/yeni-seat-ateca\/1604937713_seat_ateca_2020_46_hq\/\" rel=\"attachment wp-att-23964\"><img loading=\"lazy\" class=\"aligncenter size-large wp-image-23964\" src=\"https:\/\/www.digitalcarmagazine.com.tr\/Web\/wp-content\/uploads\/1604937713_SEAT_Ateca_2020_46_HQ-1024x683.jpg\" alt=\"\" width=\"840\" height=\"560\" \/><\/a>Ateca\u2019n\u0131n yeni versiyonu ba\u011flant\u0131 \u00f6zelli\u011fini ba\u015fka bir seviyeye ta\u015f\u0131yor. Merkezinde, t\u00fcm donan\u0131m seviyelerinde standart olarak sunulan kullan\u0131c\u0131 taraf\u0131ndan tan\u0131mlanabilir y\u00fcksek \u00e7\u00f6z\u00fcn\u00fcrl\u00fckl\u00fc 10,25\u201d g\u00f6sterge panelini ve bilgi-e\u011flence sistemini bir araya getiren Dijital G\u00f6sterge Paneli yer al\u0131yor. Standart medya sistemi, kablosuz ba\u011flant\u0131 \u00f6zellikleri bar\u0131nd\u0131ran 8,25&#8243; ekrana sahipken, opsiyonel olarak al\u0131nabilen daha geni\u015f 9,2&#8243; multimedya sistemi, kullan\u0131c\u0131 etkile\u015fimini basitle\u015ftirmek i\u00e7in sesli komut sistemini sunuyor. Ateca\u2019da herhangi bir g\u00fc\u00e7l\u00fck \u00e7ekmeden ba\u011flamay\u0131 ve \u015farj etmeyi kolayla\u015ft\u0131ran ayd\u0131nlatmal\u0131 USB-C yuvalar\u0131 yer al\u0131yor. 9,2\u201d multimedya ekran\u0131 ile birlikte gelen ses tan\u0131ma, kullan\u0131c\u0131n\u0131n komutlar\u0131n\u0131 kullan\u0131p d\u00fczeltmeler yaparak ve \u00f6nceki komutlara referans vererek bilgi-e\u011flence sistemiyle etkile\u015fim kurmas\u0131n\u0131 sa\u011fl\u0131yor. B\u00f6ylece kullan\u0131c\u0131lar m\u00fczik aramalar\u0131 gibi i\u015flemleri daha h\u0131zl\u0131 ve daha kolay yapabiliyor. Opsiyonel kablosuz Full Link sistemiyle birlikte kullan\u0131c\u0131lar, hangi cihaz\u0131 kullan\u0131rlarsa kullans\u0131nlar Android Auto veya Apple Car Play arac\u0131l\u0131\u011f\u0131yla dijital ya\u015famlar\u0131na da eri\u015febiliyor. Yeni SEAT Ateca, \u00e7ok az rakibin yapt\u0131\u011f\u0131 bir dizi yeni geli\u015fmi\u015f s\u00fcr\u00fcc\u00fc destek sistemi (ADAS) sunan kendi segmentindeki en g\u00fcvenli ara\u00e7lardan biri. Yoldaki engellere tepki verebilecek \u015fekilde \u00e7evresini daha fazla g\u00f6rebiliyor ve bu teknolojiler sayesinde SEAT Ateca, senaryo ne olursa olsun optimize edilmi\u015f koruma sunarak ortam\u0131n\u0131 alg\u0131layabiliyor.<\/p>\n<p>Opsiyonel olarak sunulmakta olan \u00c7arp\u0131\u015fma \u00d6ncesi Asistan\u0131, Adaptif H\u0131z Sabitleyici (ACC), Acil Durum Asistan\u0131, \u00d6n ve Yan B\u00f6lge Asistan\u0131 dahil olmak \u00fczere t\u00fcm bu sistemler arac\u0131 ve yolcular\u0131 korumak i\u00e7in uyum halinde \u00e7al\u0131\u015f\u0131yor. \u00c7arp\u0131\u015fma \u00d6ncesi Asistan\u0131, olas\u0131 bir \u00e7arp\u0131\u015fman\u0131n olmas\u0131 durumunda emniyet kemerlerini geriyor, camlar\u0131 ve a\u00e7\u0131l\u0131r tavan\u0131 kapat\u0131yor ve uyar\u0131 lambalar\u0131n\u0131 etkin hale getiriyor.<\/p>\n<p><a href=\"https:\/\/www.digitalcarmagazine.com.tr\/Web\/yeni-seat-ateca\/1604937111_seat_ateca_2020_15_hq-2\/\" rel=\"attachment wp-att-23961\"><img loading=\"lazy\" class=\"aligncenter size-large wp-image-23961\" src=\"https:\/\/www.digitalcarmagazine.com.tr\/Web\/wp-content\/uploads\/1604937111_SEAT_Ateca_2020_15_HQ-1-1024x683.jpg\" alt=\"\" width=\"840\" height=\"560\" \/><\/a>Yeni SEAT Ateca&#8217;ya eklenen bir di\u011fer \u00f6zellik de Arka \u00c7apraz Trafik Uyar\u0131s\u0131 Sistemi. Park ederken, ba\u015fka bir otomobil, yaya veya bisikletli geliyorsa otomobil sesli ve g\u00f6rsel uyar\u0131 veriyor gerekirse, otomatik frenlemeyi ba\u015flat\u0131yor. SEAT Ateca, aynadaki LED g\u00f6stergeleri arac\u0131l\u0131\u011f\u0131yla 70m\u2019ye kadar olan ara\u00e7lar\u0131 alg\u0131layabilen K\u00f6r Nokta Tespit \u00f6zellikli Yan B\u00f6lge Asistan\u0131 bulunuyor. Karavan, r\u00f6mork tarz\u0131 ara\u00e7lar\u0131 kullanmay\u0131 sevenler i\u00e7in Yeni Ateca, R\u00f6mork Park Asistan\u0131 teknolojisini de opsiyonel olarak sunuyor. Sistem, s\u00fcr\u00fcc\u00fcy\u00fc r\u00f6morkla geri giderken ve park ederken destekliyor, ters kamera g\u00f6r\u00fcnt\u00fcs\u00fc, arac\u0131 ve r\u00f6morku gereken konuma y\u00f6nlendirmeye yard\u0131mc\u0131 olmak i\u00e7in kullan\u0131l\u0131yor.<\/p>\n<p>T\u00fcrkiye\u2019de FR ve XPERIENCE olmak \u00fczere iki farkl\u0131 donan\u0131m seviyesinde sat\u0131\u015fa sunulan Yeni Ateca 1.5 EcoTSI DSG 150 HP motor se\u00e7ene\u011fi ile sat\u0131\u015fa sunuluyor.<\/p>\n<p>&nbsp;<\/p>\n","protected":false},"excerpt":{"rendered":"<p>2016 y\u0131l\u0131nda lansman\u0131 ger\u00e7ekle\u015ftirilen Seat Ateca yenilendi. Markan\u0131n en ba\u015f\u0131r\u0131l\u0131 modellerinden olan Ateca daha \u015f\u0131k ve daha g\u00fc\u00e7l\u00fc bir hal alm\u0131\u015f. Yeni Seat Ateca tasar\u0131m olarak \u00e7ok daha \u015f\u0131k g\u00f6r\u00fcn\u00fcyor. Yenilenen tampon ve t\u00fcm donan\u0131mlarda standart olarak sunulan mercekli Full LED \u00f6n farlar dikkat \u00e7ekiyor.\u00a0Arac\u0131n arka tasar\u0131m\u0131, kompakt SUV&#8217;un g\u00fc\u00e7l\u00fc g\u00f6vdesini vurgulamak i\u00e7in \u015fekillendirilmi\u015f. Yeni [&hellip;]<\/p>\n","protected":false},"author":1,"featured_media":0,"comment_status":"open","ping_status":"open","sticky":false,"template":"","format":"standard","meta":[],"categories":[1,9710],"tags":[6863,14030,321,14517,14584,53,14583,14585],"_links":{"self":[{"href":"https:\/\/www.digitalcarmagazine.com.tr\/Web\/wp-json\/wp\/v2\/posts\/23955"}],"collection":[{"href":"https:\/\/www.digitalcarmagazine.com.tr\/Web\/wp-json\/wp\/v2\/posts"}],"about":[{"href":"https:\/\/www.digitalcarmagazine.com.tr\/Web\/wp-json\/wp\/v2\/types\/post"}],"author":[{"embeddable":true,"href":"https:\/\/www.digitalcarmagazine.com.tr\/Web\/wp-json\/wp\/v2\/users\/1"}],"replies":[{"embeddable":true,"href":"https:\/\/www.digitalcarmagazine.com.tr\/Web\/wp-json\/wp\/v2\/comments?post=23955"}],"version-history":[{"count":2,"href":"https:\/\/www.digitalcarmagazine.com.tr\/Web\/wp-json\/wp\/v2\/posts\/23955\/revisions"}],"predecessor-version":[{"id":23966,"href":"https:\/\/www.digitalcarmagazine.com.tr\/Web\/wp-json\/wp\/v2\/posts\/23955\/revisions\/23966"}],"wp:attachment":[{"href":"https:\/\/www.digitalcarmagazine.com.tr\/Web\/wp-json\/wp\/v2\/media?parent=23955"}],"wp:term":[{"taxonomy":"category","embeddable":true,"href":"https:\/\/www.digitalcarmagazine.com.tr\/Web\/wp-json\/wp\/v2\/categories?post=23955"},{"taxonomy":"post_tag","embeddable":true,"href":"https:\/\/www.digitalcarmagazine.com.tr\/Web\/wp-json\/wp\/v2\/tags?post=23955"}],"curies":[{"name":"wp","href":"https:\/\/api.w.org\/{rel}","templated":true}]}}