{"id":23766,"date":"2020-07-15T18:45:47","date_gmt":"2020-07-15T15:45:47","guid":{"rendered":"http:\/\/www.digitalcarmagazine.com.tr\/Web\/?p=23766"},"modified":"2020-07-15T15:50:25","modified_gmt":"2020-07-15T12:50:25","slug":"garantili-2-el-volvo","status":"publish","type":"post","link":"https:\/\/www.digitalcarmagazine.com.tr\/Web\/garantili-2-el-volvo\/","title":{"rendered":"&#8220;GARANT\u0130L\u0130&#8221; 2. EL VOLVO"},"content":{"rendered":"<h3>S\u0131f\u0131r kilometre ara\u00e7 sahibi olmak \u015fu zamanda zor. 2. el piyasas\u0131ndaki h\u0131zl\u0131 ve rekabet\u00e7i durum markalar\u0131 farkl\u0131 i\u015f modellerine itiyor. Volvo markas\u0131 da bunlardan biri.<\/h3>\n<p><a href=\"https:\/\/www.digitalcarmagazine.com.tr\/Web\/wp-content\/uploads\/Volvo-Selekt.jpg\"><img loading=\"lazy\" class=\"aligncenter size-large wp-image-23767\" src=\"https:\/\/www.digitalcarmagazine.com.tr\/Web\/wp-content\/uploads\/Volvo-Selekt-1024x644.jpg\" alt=\"\" width=\"840\" height=\"528\" \/><\/a>G\u00fcvenlik konusunda otomotiv sekt\u00f6r\u00fcn\u00fcn liderlerinden say\u0131lan Volvo, 2. el piyasas\u0131na Volvo Selekt hizmeti ile farkl\u0131 bir boyut getiriyor. Bu hizmet kapsam\u0131nda Volvo Selekt\u2019te yer alan kullan\u0131lm\u0131\u015f otomobiller platforma sunulmadan \u00f6nce Volvo teknisyenleri taraf\u0131ndan dikkatle inceleniyor. Bu inceleme sonras\u0131 gerekli yaz\u0131l\u0131m g\u00fcncellemeleri, onar\u0131m i\u015flemleri ger\u00e7ekle\u015ftirilerek, sadece orijinal Volvo yedek par\u00e7alar\u0131yla de\u011fi\u015ftirerek g\u00fcvenli bir \u015fekilde d\u00fczenlemeleri sa\u011flan\u0131yor. T\u00fcm bunlar\u0131n yan\u0131 s\u0131ra sunulan her otomobilin, ge\u00e7mi\u015fe d\u00f6n\u00fck olarak fabrikan\u0131n orijinal kay\u0131tlar\u0131ndan bilgileri kontrol edilerek, gerekli yaz\u0131l\u0131m g\u00fcncellemesi yap\u0131l\u0131yor. Sadece Volvo Yetkili Servisleri\u2019nde sunulan bu hizmet sayesinde Volvo Selekt\u2019te otomobiller en iyi ko\u015fullarda sat\u0131\u015fa haz\u0131rlan\u0131yor. Volvo Selekt\u2019te sunulan garanti kapsam\u0131nda yol yard\u0131m hizmeti ve 30 g\u00fcnl\u00fck de\u011fi\u015fim garantisi ile m\u00fc\u015fteri memnuniyeti de g\u00fcvence alt\u0131na al\u0131n\u0131yor.<\/p>\n<p><strong>Volvo Selekt Garantisi<\/strong><\/p>\n<p>Sadece Volvo Yetkili Sat\u0131c\u0131lar\u0131nda; 150 bin kilometreye kadar 7 ya\u015f otomobillerinde 12 ay s\u00fcreyle piyasada sunulan en geni\u015f kapsaml\u0131 garantilerden biri olan<strong> \u201cVolvo Selekt Garantisi\u201d<\/strong> mekanik ve elektrikli b\u00f6l\u00fcmleri kaps\u0131yor. Volvo Selekt\u2019te her otomobil 30 g\u00fcnl\u00fck de\u011fi\u015fim garantisiyle sunuluyor.<\/p>\n<p>Volvo Cars, EMEA B\u00f6lgesi Satis Sonrasi Hizmetlerden Sorumlu Baskan Yardimcisi: \u201cGe\u00e7ti\u011fimiz y\u0131l T\u00fcrkiye\u2019de 6 milyon 227 bin 461 adet kullan\u0131lm\u0131\u015f otomobil sat\u0131ld\u0131. Bir\u00e7ok sekt\u00f6rde oldu\u011fu gibi otomobil sat\u0131\u015flar\u0131 da d\u00fcnya \u00e7ap\u0131ndaki pandemiden etkilendi. Bunun sonucunda kullan\u0131lm\u0131\u015f otomobil sat\u0131\u015flar\u0131n\u0131n ivme kazanarak 2020 y\u0131l\u0131nda 8 milyona ula\u015faca\u011f\u0131n\u0131 \u00f6n g\u00f6r\u00fcyoruz. Volvo markas\u0131 \u00f6zelinde ise kullan\u0131lm\u0131\u015f otomobil pazar\u0131nda 2019 y\u0131l\u0131nda, 34 bin 698 adet ara\u00e7 sat\u0131\u015f\u0131 ger\u00e7ekle\u015fmi\u015fti. Bu sat\u0131\u015flar\u0131n y\u00fczde 57,34\u2019\u00fc yedi ya\u015f ve \u00fczerinde otomobillerde ger\u00e7ekle\u015fti\u011fi i\u00e7in, al\u0131\u015fveri\u015fi daha g\u00fcvenli hale getirmek ad\u0131na Volvo Cars\u2019\u0131n, global tasar\u0131m anlay\u0131\u015f\u0131 ve sat\u0131\u015f sonras\u0131 hizmetlerdeki yakla\u015f\u0131m\u0131n\u0131 kullan\u0131lm\u0131\u015f otomobil pazar\u0131ndaki m\u00fc\u015fterilerimize de sunarak Selekt kriterimizi 5 y\u0131ldan 7 y\u0131la \u00e7\u0131kard\u0131k.\u201d dedi.<\/p>\n","protected":false},"excerpt":{"rendered":"<p>S\u0131f\u0131r kilometre ara\u00e7 sahibi olmak \u015fu zamanda zor. 2. el piyasas\u0131ndaki h\u0131zl\u0131 ve rekabet\u00e7i durum markalar\u0131 farkl\u0131 i\u015f modellerine itiyor. Volvo markas\u0131 da bunlardan biri. G\u00fcvenlik konusunda otomotiv sekt\u00f6r\u00fcn\u00fcn liderlerinden say\u0131lan Volvo, 2. el piyasas\u0131na Volvo Selekt hizmeti ile farkl\u0131 bir boyut getiriyor. Bu hizmet kapsam\u0131nda Volvo Selekt\u2019te yer alan kullan\u0131lm\u0131\u015f otomobiller platforma sunulmadan \u00f6nce [&hellip;]<\/p>\n","protected":false},"author":1,"featured_media":0,"comment_status":"open","ping_status":"open","sticky":false,"template":"","format":"standard","meta":[],"categories":[1],"tags":[14498,14500,14497,269,14499],"_links":{"self":[{"href":"https:\/\/www.digitalcarmagazine.com.tr\/Web\/wp-json\/wp\/v2\/posts\/23766"}],"collection":[{"href":"https:\/\/www.digitalcarmagazine.com.tr\/Web\/wp-json\/wp\/v2\/posts"}],"about":[{"href":"https:\/\/www.digitalcarmagazine.com.tr\/Web\/wp-json\/wp\/v2\/types\/post"}],"author":[{"embeddable":true,"href":"https:\/\/www.digitalcarmagazine.com.tr\/Web\/wp-json\/wp\/v2\/users\/1"}],"replies":[{"embeddable":true,"href":"https:\/\/www.digitalcarmagazine.com.tr\/Web\/wp-json\/wp\/v2\/comments?post=23766"}],"version-history":[{"count":1,"href":"https:\/\/www.digitalcarmagazine.com.tr\/Web\/wp-json\/wp\/v2\/posts\/23766\/revisions"}],"predecessor-version":[{"id":23768,"href":"https:\/\/www.digitalcarmagazine.com.tr\/Web\/wp-json\/wp\/v2\/posts\/23766\/revisions\/23768"}],"wp:attachment":[{"href":"https:\/\/www.digitalcarmagazine.com.tr\/Web\/wp-json\/wp\/v2\/media?parent=23766"}],"wp:term":[{"taxonomy":"category","embeddable":true,"href":"https:\/\/www.digitalcarmagazine.com.tr\/Web\/wp-json\/wp\/v2\/categories?post=23766"},{"taxonomy":"post_tag","embeddable":true,"href":"https:\/\/www.digitalcarmagazine.com.tr\/Web\/wp-json\/wp\/v2\/tags?post=23766"}],"curies":[{"name":"wp","href":"https:\/\/api.w.org\/{rel}","templated":true}]}}