{"id":21777,"date":"2019-01-22T11:00:26","date_gmt":"2019-01-22T08:00:26","guid":{"rendered":"http:\/\/www.digitalcarmagazine.com.tr\/Web\/?p=21777"},"modified":"2019-01-21T17:40:58","modified_gmt":"2019-01-21T14:40:58","slug":"amerikaya-ozel-yeni-passat-tanitildi","status":"publish","type":"post","link":"https:\/\/www.digitalcarmagazine.com.tr\/Web\/amerikaya-ozel-yeni-passat-tanitildi\/","title":{"rendered":"Amerika&#8217;ya \u00f6zel yeni Passat tan\u0131t\u0131ld\u0131"},"content":{"rendered":"<p>2019 Detroit Otomobil Fuar\u0131\u2019nda \u00f6rt\u00fcs\u00fc kald\u0131r\u0131lan otomobillerden biri de makyajl\u0131 Passat oldu. Ancak otomobil sadece ABD pazar\u0131nda sat\u0131lacak.<\/p>\n<p>Otomobilin mekanik altyap\u0131s\u0131 hala ABD\u2019de sat\u0131lan bir \u00f6nceki nesil Passat ile ayn\u0131. Bu altyap\u0131, Avrupa\u2019da ve dolay\u0131s\u0131yla \u00fclkemizde sat\u0131lan Passat\u2019lar\u0131n MQB\u2019sinden farkl\u0131 bir altyap\u0131. Otomobilin mekani\u011fi eskiyle ayn\u0131 olsa da g\u00f6vdesi tamamen yeni. Etkileyici bir \u00f6n \u0131zgarayla ba\u015flayan tasar\u0131m, eskisinden farkl\u0131 bir profil \u00e7izgisi ve al\u00e7alan tavanla devam ederek yeni stop lambalar\u0131nda son buluyor.<\/p>\n<p>Alman \u00fcreticinin yeni nesil otomobillerinde kullan\u0131lan i\u00e7 mekan tasar\u0131m anlay\u0131\u015f\u0131 yeni Passat\u2019ta da g\u00f6r\u00fcl\u00fcyor. Cam kapl\u0131 bilgi ve e\u011flence ekran\u0131 ve konsol boyunca uzanan havaland\u0131rma \u0131zgaralar\u0131 bunu g\u00f6steren detaylar.<\/p>\n<p>ABD pazar\u0131 i\u00e7in \u00fcretilen Passat\u2019\u0131n kaputunun alt\u0131nda 2.0 litre hacminde turbo\u015farjl\u0131 benzinli bir \u00fcnite g\u00f6rev yapacak. 175 HP g\u00fc\u00e7 ve 281 Nm\u2019lik tork alt\u0131 ileri otomatik bir \u015fanz\u0131manla yere iletiliyor.<\/p>\n<div class=\"gr-gallery-wrap\"><div class=\"gr-gallery owl-carousel owl-theme\" data-slider-id=\"400579929\"><\/div><div class=\"gr-gallery-thumb-wrap\"><div class=\"gr-gallery-thumb owl-thumbs\" data-slider-id=\"400579929\"><\/div><a href=\"#\" class=\"gr-gallery-prev\">Prev<\/a><a href=\"#\" class=\"gr-gallery-next\">Next<\/a><\/div><\/div>\n","protected":false},"excerpt":{"rendered":"<p>2019 Detroit Otomobil Fuar\u0131\u2019nda \u00f6rt\u00fcs\u00fc kald\u0131r\u0131lan otomobillerden biri de makyajl\u0131 Passat oldu. Ancak otomobil sadece ABD pazar\u0131nda sat\u0131lacak. Otomobilin mekanik altyap\u0131s\u0131 hala ABD\u2019de sat\u0131lan bir \u00f6nceki nesil Passat ile ayn\u0131. Bu altyap\u0131, Avrupa\u2019da ve dolay\u0131s\u0131yla \u00fclkemizde sat\u0131lan Passat\u2019lar\u0131n MQB\u2019sinden farkl\u0131 bir altyap\u0131. Otomobilin mekani\u011fi eskiyle ayn\u0131 olsa da g\u00f6vdesi tamamen yeni. Etkileyici bir \u00f6n \u0131zgarayla [&hellip;]<\/p>\n","protected":false},"author":1,"featured_media":0,"comment_status":"open","ping_status":"open","sticky":false,"template":"","format":"standard","meta":[],"categories":[1,7868],"tags":[119,13069,13656,457,727,184,921,728,726],"_links":{"self":[{"href":"https:\/\/www.digitalcarmagazine.com.tr\/Web\/wp-json\/wp\/v2\/posts\/21777"}],"collection":[{"href":"https:\/\/www.digitalcarmagazine.com.tr\/Web\/wp-json\/wp\/v2\/posts"}],"about":[{"href":"https:\/\/www.digitalcarmagazine.com.tr\/Web\/wp-json\/wp\/v2\/types\/post"}],"author":[{"embeddable":true,"href":"https:\/\/www.digitalcarmagazine.com.tr\/Web\/wp-json\/wp\/v2\/users\/1"}],"replies":[{"embeddable":true,"href":"https:\/\/www.digitalcarmagazine.com.tr\/Web\/wp-json\/wp\/v2\/comments?post=21777"}],"version-history":[{"count":1,"href":"https:\/\/www.digitalcarmagazine.com.tr\/Web\/wp-json\/wp\/v2\/posts\/21777\/revisions"}],"predecessor-version":[{"id":21787,"href":"https:\/\/www.digitalcarmagazine.com.tr\/Web\/wp-json\/wp\/v2\/posts\/21777\/revisions\/21787"}],"wp:attachment":[{"href":"https:\/\/www.digitalcarmagazine.com.tr\/Web\/wp-json\/wp\/v2\/media?parent=21777"}],"wp:term":[{"taxonomy":"category","embeddable":true,"href":"https:\/\/www.digitalcarmagazine.com.tr\/Web\/wp-json\/wp\/v2\/categories?post=21777"},{"taxonomy":"post_tag","embeddable":true,"href":"https:\/\/www.digitalcarmagazine.com.tr\/Web\/wp-json\/wp\/v2\/tags?post=21777"}],"curies":[{"name":"wp","href":"https:\/\/api.w.org\/{rel}","templated":true}]}}