{"id":21557,"date":"2019-01-06T14:55:48","date_gmt":"2019-01-06T11:55:48","guid":{"rendered":"http:\/\/www.digitalcarmagazine.com.tr\/Web\/?p=21557"},"modified":"2019-01-06T14:56:07","modified_gmt":"2019-01-06T11:56:07","slug":"ferrariden-schumiye-dogum-gunu-hediyesi","status":"publish","type":"post","link":"https:\/\/www.digitalcarmagazine.com.tr\/Web\/ferrariden-schumiye-dogum-gunu-hediyesi\/","title":{"rendered":"Ferrari&#8217;den Schumi&#8217;ye do\u011fum g\u00fcn\u00fc hediyesi"},"content":{"rendered":"<p>Formula 1 kariyerine 1991\u2019de Jordan ile ba\u015flayan ve Benetton ile devam eden Alman yar\u0131\u015f pilotu, 2006\u2019da Ferrari\u2019den emekli olup markaya dan\u0131\u015fmanl\u0131k hizmeti vermeye devam etti. 2010-2012 aras\u0131nda pistlere son bir kez Mercedes ile geri d\u00f6nm\u00fc\u015f olsa da Schumacher, Ferrari direksiyonunda ge\u00e7irdi\u011fi 1996-2006 aras\u0131 on senelik d\u00f6nemde Formula 1\u2019e damgas\u0131n\u0131 vurup ismini motorsporlar\u0131 efsaneleri aras\u0131na yazd\u0131rm\u0131\u015ft\u0131.<\/p>\n<p>2013\u2019te ge\u00e7irdi\u011fi kayak kazas\u0131 sonucunda hala yo\u011fun bak\u0131mda olan Schumacher\u2019in sa\u011fl\u0131k durumu hakk\u0131nda net bilgiler payla\u015f\u0131lm\u0131yor. Bu durum hayranlar\u0131n\u0131 \u00fczse de onu hat\u0131rlatan g\u00fczel geli\u015fmeler de olmuyor de\u011fil. 3 Ocak Schumi\u2019nin do\u011fum g\u00fcn\u00fc; Ferrari de bu \u00f6zel g\u00fcn\u00fc kutlamak ad\u0131na m\u00fczesinde bir sergi ba\u015flatt\u0131.<\/p>\n<p>\u201cMichael 50\u201d isimli sergi, Schumi\u2019nin 91 zafer, 155 podyum ve yedi \u015fampiyonluk bar\u0131nd\u0131ran muazzam kariyerini detayl\u0131 olarak ziyaret\u00e7ilere sunuyor.<\/p>\n<p>Serginin en can al\u0131c\u0131 noktas\u0131, Schumacher\u2019in pilotaj\u0131n\u0131 yapt\u0131\u011f\u0131 Ferrari Formula 1 otomobillerinin sergilendi\u011fi b\u00f6l\u00fcm. Bu b\u00f6l\u00fcmde pilotun 1996\u2019da kulland\u0131\u011f\u0131 F310\u2019dan, Ferrari\u2019nin 1999\u2019da markalar \u015fampiyonlu\u011funu ilan etti\u011fi F399\u2019a ve Schumi\u2019nin Ferrari ile elde etti\u011fi son zaferde kulland\u0131\u011f\u0131 248 F1\u2019e kadar bir\u00e7ok otomobil yer al\u0131yor.<\/p>\n<p>Sergide F1 otomobillerinin d\u0131\u015f\u0131nda Ferrari\u2019nin yol otomobilleri de bulunuyor: 430 Scuderia ve California\u2019n\u0131n hatas\u0131z birer \u00f6rne\u011fi sergileniyor. Bu otomobiller, Michael Schumacher\u2019in geli\u015fimine yard\u0131m etti\u011fi iki Ferrari.<\/p>\n<p>Sergi, Ferrari m\u00fczesinde \u201cTutku ve Efsane\u201d ile \u201cEnzo \u00d6nderli\u011finde\u201d sergileriyle birlikte yer al\u0131yor.<\/p>\n<div id='gallery-1' class='gallery galleryid-21557 gallery-columns-3 gallery-size-thumbnail'><figure class='gallery-item'>\n\t\t\t<div class='gallery-icon landscape'>\n\t\t\t\t<a href='https:\/\/www.digitalcarmagazine.com.tr\/Web\/ferrariden-schumiye-dogum-gunu-hediyesi\/0a30bebf-michael-schumacher-ferrari-museum-4\/'><img width=\"150\" height=\"150\" src=\"https:\/\/www.digitalcarmagazine.com.tr\/Web\/wp-content\/uploads\/0a30bebf-michael-schumacher-ferrari-museum-4-150x150.jpg\" class=\"attachment-thumbnail size-thumbnail\" alt=\"\" loading=\"lazy\" \/><\/a>\n\t\t\t<\/div><\/figure><figure class='gallery-item'>\n\t\t\t<div class='gallery-icon landscape'>\n\t\t\t\t<a href='https:\/\/www.digitalcarmagazine.com.tr\/Web\/ferrariden-schumiye-dogum-gunu-hediyesi\/0e939bbf-michael-schumacher-ferrari-museum-14\/'><img width=\"150\" height=\"150\" src=\"https:\/\/www.digitalcarmagazine.com.tr\/Web\/wp-content\/uploads\/0e939bbf-michael-schumacher-ferrari-museum-14-150x150.jpg\" class=\"attachment-thumbnail size-thumbnail\" alt=\"\" loading=\"lazy\" \/><\/a>\n\t\t\t<\/div><\/figure><figure class='gallery-item'>\n\t\t\t<div class='gallery-icon landscape'>\n\t\t\t\t<a href='https:\/\/www.digitalcarmagazine.com.tr\/Web\/ferrariden-schumiye-dogum-gunu-hediyesi\/2f51a5a4-michael-schumacher-ferrari-museum-6\/'><img width=\"150\" height=\"150\" src=\"https:\/\/www.digitalcarmagazine.com.tr\/Web\/wp-content\/uploads\/2f51a5a4-michael-schumacher-ferrari-museum-6-150x150.jpg\" class=\"attachment-thumbnail size-thumbnail\" alt=\"\" loading=\"lazy\" \/><\/a>\n\t\t\t<\/div><\/figure><figure class='gallery-item'>\n\t\t\t<div class='gallery-icon landscape'>\n\t\t\t\t<a href='https:\/\/www.digitalcarmagazine.com.tr\/Web\/ferrariden-schumiye-dogum-gunu-hediyesi\/a19ba4fd-michael-schumacher-ferrari-museum-18\/'><img width=\"150\" height=\"150\" src=\"https:\/\/www.digitalcarmagazine.com.tr\/Web\/wp-content\/uploads\/a19ba4fd-michael-schumacher-ferrari-museum-18-150x150.jpg\" class=\"attachment-thumbnail size-thumbnail\" alt=\"\" loading=\"lazy\" \/><\/a>\n\t\t\t<\/div><\/figure>\n\t\t<\/div>\n\n","protected":false},"excerpt":{"rendered":"<p>Formula 1 kariyerine 1991\u2019de Jordan ile ba\u015flayan ve Benetton ile devam eden Alman yar\u0131\u015f pilotu, 2006\u2019da Ferrari\u2019den emekli olup markaya dan\u0131\u015fmanl\u0131k hizmeti vermeye devam etti. 2010-2012 aras\u0131nda pistlere son bir kez Mercedes ile geri d\u00f6nm\u00fc\u015f olsa da Schumacher, Ferrari direksiyonunda ge\u00e7irdi\u011fi 1996-2006 aras\u0131 on senelik d\u00f6nemde Formula 1\u2019e damgas\u0131n\u0131 vurup ismini motorsporlar\u0131 efsaneleri aras\u0131na yazd\u0131rm\u0131\u015ft\u0131. [&hellip;]<\/p>\n","protected":false},"author":1,"featured_media":21558,"comment_status":"open","ping_status":"open","sticky":false,"template":"","format":"standard","meta":[],"categories":[8200,1,10],"tags":[13600,13601,119,13069,457,165,579,580,13599],"_links":{"self":[{"href":"https:\/\/www.digitalcarmagazine.com.tr\/Web\/wp-json\/wp\/v2\/posts\/21557"}],"collection":[{"href":"https:\/\/www.digitalcarmagazine.com.tr\/Web\/wp-json\/wp\/v2\/posts"}],"about":[{"href":"https:\/\/www.digitalcarmagazine.com.tr\/Web\/wp-json\/wp\/v2\/types\/post"}],"author":[{"embeddable":true,"href":"https:\/\/www.digitalcarmagazine.com.tr\/Web\/wp-json\/wp\/v2\/users\/1"}],"replies":[{"embeddable":true,"href":"https:\/\/www.digitalcarmagazine.com.tr\/Web\/wp-json\/wp\/v2\/comments?post=21557"}],"version-history":[{"count":1,"href":"https:\/\/www.digitalcarmagazine.com.tr\/Web\/wp-json\/wp\/v2\/posts\/21557\/revisions"}],"predecessor-version":[{"id":21562,"href":"https:\/\/www.digitalcarmagazine.com.tr\/Web\/wp-json\/wp\/v2\/posts\/21557\/revisions\/21562"}],"wp:featuredmedia":[{"embeddable":true,"href":"https:\/\/www.digitalcarmagazine.com.tr\/Web\/wp-json\/wp\/v2\/media\/21558"}],"wp:attachment":[{"href":"https:\/\/www.digitalcarmagazine.com.tr\/Web\/wp-json\/wp\/v2\/media?parent=21557"}],"wp:term":[{"taxonomy":"category","embeddable":true,"href":"https:\/\/www.digitalcarmagazine.com.tr\/Web\/wp-json\/wp\/v2\/categories?post=21557"},{"taxonomy":"post_tag","embeddable":true,"href":"https:\/\/www.digitalcarmagazine.com.tr\/Web\/wp-json\/wp\/v2\/tags?post=21557"}],"curies":[{"name":"wp","href":"https:\/\/api.w.org\/{rel}","templated":true}]}}