{"id":21316,"date":"2018-12-06T17:00:22","date_gmt":"2018-12-06T14:00:22","guid":{"rendered":"http:\/\/www.digitalcarmagazine.com.tr\/Web\/?p=21316"},"modified":"2018-12-05T22:28:56","modified_gmt":"2018-12-05T19:28:56","slug":"vw-icten-yanmali-motorlara-son-veriyor","status":"publish","type":"post","link":"https:\/\/www.digitalcarmagazine.com.tr\/Web\/vw-icten-yanmali-motorlara-son-veriyor\/","title":{"rendered":"VW i\u00e7ten yanmal\u0131 motorlara son veriyor"},"content":{"rendered":"<p>Volkswagen elektrikli otomobiller konusunda olduk\u00e7a ciddi \u00e7al\u0131\u015fmalar yapan markalardan. G\u00f6r\u00fcn\u00fc\u015fe g\u00f6re markan\u0131n elektrikli \u00fcr\u00fcn gam\u0131 geleneksel i\u00e7ten yanmal\u0131 motorlar\u0131n sonunu getirecek.<\/p>\n<p>Bu son bir anda ger\u00e7ekle\u015fmeyecek; marka bir sonraki jenerasyon i\u00e7in yeni i\u00e7ten yanmal\u0131 motorlar geli\u015ftirmeye devam edecek. Bahsedilen yeni motorlar 2026 y\u0131l\u0131nda tan\u0131t\u0131lacak; ancak bu jenerasyon motorlar markan\u0131n geli\u015ftirece\u011fi son \u00fcniteler olacak.<\/p>\n<p>Volkswagen\u2019den Michael Jost \u201c\u0130\u00e7ten yanmal\u0131 motorlar\u0131 yava\u015f yava\u015f saf d\u0131\u015f\u0131 b\u0131rak\u0131yoruz,\u201d diyor. \u201c\u00c7al\u0131\u015fma arkada\u015flar\u0131m\u0131z art\u0131k \u00fcretece\u011fimiz geleneksel otomobillerin son nesli \u00fczerinde \u00e7al\u0131\u015f\u0131yor.\u201d<\/p>\n<p>Volkswagen\u2019\u0131n ID serisi elektrikli otomobillerinin piyasaya \u00e7\u0131kmas\u0131ndan sonra geleneksel motorlu otomobiller bir anda yok olmayacak. \u00c7o\u011fu model bir \u015fekilde \u201celektriklenmi\u015f\u201d olacaklar, ayr\u0131ca Jost bu benzinli ve dizel otomobillerin 2050\u2019li y\u0131llara dek yollarda olabilece\u011fini de belirtiyor. Geli\u015fmekte olan \u00fclkeler ve yetersiz \u015farj altyap\u0131lar\u0131 bunun en b\u00fcy\u00fck sebebi olacak.<\/p>\n","protected":false},"excerpt":{"rendered":"<p>Volkswagen elektrikli otomobiller konusunda olduk\u00e7a ciddi \u00e7al\u0131\u015fmalar yapan markalardan. G\u00f6r\u00fcn\u00fc\u015fe g\u00f6re markan\u0131n elektrikli \u00fcr\u00fcn gam\u0131 geleneksel i\u00e7ten yanmal\u0131 motorlar\u0131n sonunu getirecek. Bu son bir anda ger\u00e7ekle\u015fmeyecek; marka bir sonraki jenerasyon i\u00e7in yeni i\u00e7ten yanmal\u0131 motorlar geli\u015ftirmeye devam edecek. Bahsedilen yeni motorlar 2026 y\u0131l\u0131nda tan\u0131t\u0131lacak; ancak bu jenerasyon motorlar markan\u0131n geli\u015ftirece\u011fi son \u00fcniteler olacak. Volkswagen\u2019den Michael [&hellip;]<\/p>\n","protected":false},"author":1,"featured_media":21317,"comment_status":"open","ping_status":"open","sticky":false,"template":"","format":"standard","meta":[],"categories":[1,7868],"tags":[119,13069,457,13522,184],"_links":{"self":[{"href":"https:\/\/www.digitalcarmagazine.com.tr\/Web\/wp-json\/wp\/v2\/posts\/21316"}],"collection":[{"href":"https:\/\/www.digitalcarmagazine.com.tr\/Web\/wp-json\/wp\/v2\/posts"}],"about":[{"href":"https:\/\/www.digitalcarmagazine.com.tr\/Web\/wp-json\/wp\/v2\/types\/post"}],"author":[{"embeddable":true,"href":"https:\/\/www.digitalcarmagazine.com.tr\/Web\/wp-json\/wp\/v2\/users\/1"}],"replies":[{"embeddable":true,"href":"https:\/\/www.digitalcarmagazine.com.tr\/Web\/wp-json\/wp\/v2\/comments?post=21316"}],"version-history":[{"count":1,"href":"https:\/\/www.digitalcarmagazine.com.tr\/Web\/wp-json\/wp\/v2\/posts\/21316\/revisions"}],"predecessor-version":[{"id":21318,"href":"https:\/\/www.digitalcarmagazine.com.tr\/Web\/wp-json\/wp\/v2\/posts\/21316\/revisions\/21318"}],"wp:featuredmedia":[{"embeddable":true,"href":"https:\/\/www.digitalcarmagazine.com.tr\/Web\/wp-json\/wp\/v2\/media\/21317"}],"wp:attachment":[{"href":"https:\/\/www.digitalcarmagazine.com.tr\/Web\/wp-json\/wp\/v2\/media?parent=21316"}],"wp:term":[{"taxonomy":"category","embeddable":true,"href":"https:\/\/www.digitalcarmagazine.com.tr\/Web\/wp-json\/wp\/v2\/categories?post=21316"},{"taxonomy":"post_tag","embeddable":true,"href":"https:\/\/www.digitalcarmagazine.com.tr\/Web\/wp-json\/wp\/v2\/tags?post=21316"}],"curies":[{"name":"wp","href":"https:\/\/api.w.org\/{rel}","templated":true}]}}