{"id":21234,"date":"2018-12-03T14:47:52","date_gmt":"2018-12-03T11:47:52","guid":{"rendered":"http:\/\/www.digitalcarmagazine.com.tr\/Web\/?p=21234"},"modified":"2018-12-03T14:47:52","modified_gmt":"2018-12-03T11:47:52","slug":"fia-gt-uluslar-kupasi-turkiyenin","status":"publish","type":"post","link":"https:\/\/www.digitalcarmagazine.com.tr\/Web\/fia-gt-uluslar-kupasi-turkiyenin\/","title":{"rendered":"FIA GT Uluslar Kupas\u0131 T\u00fcrkiye&#8217;nin!"},"content":{"rendered":"<p>Bu sene ilk kez ger\u00e7ekle\u015ftirilen FIA GT Uluslar Kupas\u0131\u2019nda RAM Racing Mercedes-AMG GT3\u2019\u00fc payla\u015fan Ayhancan G\u00fcven ve Salih Yolu\u00e7, 1 saat s\u00fcren ana yar\u0131\u015f\u0131n sonunda zaferlerini ilan etti.<\/p>\n<p>Cuma antrenmanlar\u0131n\u0131 birinci s\u0131rada tamamlayan ikili, 1 saatlik ilk s\u0131ralama yar\u0131\u015f\u0131n\u0131 ikinci, Cumartesi g\u00fcn\u00fc ko\u015fulan ikinci s\u0131ralama yar\u0131\u015f\u0131n\u0131 da birinci tamamlayarak Bahreyn Uluslararas\u0131 Yar\u0131\u015f Pisti\u2019nde d\u00fczenlenen ilk FIA GT Uluslar Kupas\u0131 yar\u0131\u015f\u0131na pol pozisyonda ba\u015flama \u015fans\u0131n\u0131 elde ettiler.<\/p>\n<p>Yar\u0131\u015fa Salih Yolu\u00e7 pilotaj\u0131nda ba\u015flayan ikili, ilk viraj\u0131nda arka s\u0131ralarda ya\u015fanan kaza sonucu ba\u015flayan g\u00fcvenlik arac\u0131 periyodu sonunda Birle\u015fik Krall\u0131k ve Rusya tak\u0131m\u0131n\u0131n arkas\u0131na, \u00fc\u00e7\u00fcnc\u00fc s\u0131raya geriledi. Yap\u0131lan pit-stop\u2019lar\u0131n sonunda Birle\u015fik Krall\u0131k tak\u0131m\u0131 liderli\u011fini koruyordu ancak direksiyona ge\u00e7en Ayhancan tempoyu y\u00fckseltmi\u015fti. 2018 Fransa ve Benelux Porsche Carrera Cup \u015fampiyonu G\u00fcven, yar\u0131\u015f\u0131n bitimine 28 dakika kala Rus Denis Bulatov\u2019u geride b\u0131rakarak \u0130ngiliz Chris Buncombe ile aras\u0131n\u0131 kapatmaya ba\u015flad\u0131. G\u00fcven en iyi tur zaman\u0131n\u0131 da kaydederek \u0130ngiliz temsilciyi geride b\u0131rakarak bitime 12 dakika kala ilk s\u0131raya yerle\u015fti.<\/p>\n<p>Damal\u0131 bayrak salland\u0131\u011f\u0131nda ise alt\u0131ndan ge\u00e7en ilk isim Ayhancan oldu. Ard\u0131ndan gelen Ferrari 488 \u0130ngiliz tak\u0131m\u0131n\u0131nken, \u00fc\u00e7\u00fcnc\u00fcl\u00fc\u011f\u00fc Danimarka ve d\u00f6rd\u00fcnc\u00fcl\u00fc\u011f\u00fc ise Rusya ald\u0131. Be\u015finci s\u0131ra \u0130talyanlar\u0131n olurken, Hong Kong, Malezya, Arjantin ve Tayland s\u0131ras\u0131yla ilk 10\u2019u tamamlayan tak\u0131mlar oldu.<\/p>\n<p>Bu sene ilk kez Bahreyn\u2019de d\u00fczenlenen Uluslar Kupas\u0131, \u00f6n\u00fcm\u00fczdeki sene \u0130talya Vallelunga\u2019da d\u00fczenlenecek.<\/p>\n<p>\u00dclkemiz ad\u0131na bu \u00f6nemli ba\u015far\u0131ya imza atan gen\u00e7 sporcular\u0131m\u0131z Salih ve Ayhancan\u2019\u0131 g\u00f6n\u00fclden tebrik ediyoruz!<\/p>\n","protected":false},"excerpt":{"rendered":"<p>Bu sene ilk kez ger\u00e7ekle\u015ftirilen FIA GT Uluslar Kupas\u0131\u2019nda RAM Racing Mercedes-AMG GT3\u2019\u00fc payla\u015fan Ayhancan G\u00fcven ve Salih Yolu\u00e7, 1 saat s\u00fcren ana yar\u0131\u015f\u0131n sonunda zaferlerini ilan etti. Cuma antrenmanlar\u0131n\u0131 birinci s\u0131rada tamamlayan ikili, 1 saatlik ilk s\u0131ralama yar\u0131\u015f\u0131n\u0131 ikinci, Cumartesi g\u00fcn\u00fc ko\u015fulan ikinci s\u0131ralama yar\u0131\u015f\u0131n\u0131 da birinci tamamlayarak Bahreyn Uluslararas\u0131 Yar\u0131\u015f Pisti\u2019nde d\u00fczenlenen ilk [&hellip;]<\/p>\n","protected":false},"author":1,"featured_media":21235,"comment_status":"open","ping_status":"open","sticky":false,"template":"","format":"standard","meta":[],"categories":[1,10],"tags":[13502,13506,119,13069,457,13504,13505,13503],"_links":{"self":[{"href":"https:\/\/www.digitalcarmagazine.com.tr\/Web\/wp-json\/wp\/v2\/posts\/21234"}],"collection":[{"href":"https:\/\/www.digitalcarmagazine.com.tr\/Web\/wp-json\/wp\/v2\/posts"}],"about":[{"href":"https:\/\/www.digitalcarmagazine.com.tr\/Web\/wp-json\/wp\/v2\/types\/post"}],"author":[{"embeddable":true,"href":"https:\/\/www.digitalcarmagazine.com.tr\/Web\/wp-json\/wp\/v2\/users\/1"}],"replies":[{"embeddable":true,"href":"https:\/\/www.digitalcarmagazine.com.tr\/Web\/wp-json\/wp\/v2\/comments?post=21234"}],"version-history":[{"count":1,"href":"https:\/\/www.digitalcarmagazine.com.tr\/Web\/wp-json\/wp\/v2\/posts\/21234\/revisions"}],"predecessor-version":[{"id":21236,"href":"https:\/\/www.digitalcarmagazine.com.tr\/Web\/wp-json\/wp\/v2\/posts\/21234\/revisions\/21236"}],"wp:featuredmedia":[{"embeddable":true,"href":"https:\/\/www.digitalcarmagazine.com.tr\/Web\/wp-json\/wp\/v2\/media\/21235"}],"wp:attachment":[{"href":"https:\/\/www.digitalcarmagazine.com.tr\/Web\/wp-json\/wp\/v2\/media?parent=21234"}],"wp:term":[{"taxonomy":"category","embeddable":true,"href":"https:\/\/www.digitalcarmagazine.com.tr\/Web\/wp-json\/wp\/v2\/categories?post=21234"},{"taxonomy":"post_tag","embeddable":true,"href":"https:\/\/www.digitalcarmagazine.com.tr\/Web\/wp-json\/wp\/v2\/tags?post=21234"}],"curies":[{"name":"wp","href":"https:\/\/api.w.org\/{rel}","templated":true}]}}