{"id":20971,"date":"2018-11-16T16:30:09","date_gmt":"2018-11-16T13:30:09","guid":{"rendered":"http:\/\/www.digitalcarmagazine.com.tr\/Web\/?p=20971"},"modified":"2018-11-15T21:38:57","modified_gmt":"2018-11-15T18:38:57","slug":"volkswagen-grubundan-turkiyeye-tesis-gelebilir","status":"publish","type":"post","link":"https:\/\/www.digitalcarmagazine.com.tr\/Web\/volkswagen-grubundan-turkiyeye-tesis-gelebilir\/","title":{"rendered":"Volkswagen Grubu&#8217;ndan T\u00fcrkiye&#8217;ye tesis gelebilir"},"content":{"rendered":"<p>Volkswagen yak\u0131n gelecekte bir \u00e7ok elektrikli otomobil \u00fcretmeye ba\u015flayacak, bu da markan\u0131n baz\u0131 otomobillerinin \u00fcretim yerini de\u011fi\u015ftirmesini gerektiriyor. Bundan etkilenecek modellerden biri ise markan\u0131n ba\u015far\u0131l\u0131 D segmenti temsilcisi Passat.<\/p>\n<p>AutoNews&#8217;in haberine g\u00f6re, \u015fu an Emden, Almanya&#8217;da Arteon&#8217;la birlikte \u00fcretilen otomobil, kapasite kayg\u0131lar\u0131 sebebiyle Skoda&#8217;n\u0131n Superb&#8217;i de \u00fcretti\u011fi Kvasiny fabrikas\u0131na ta\u015f\u0131nacak. Passat&#8217;\u0131n bu fasiliteye ta\u015f\u0131nmas\u0131 Volkswagen \u00fcretim band\u0131n\u0131 rahatlatacak olsa da Kvasiny fabrikas\u0131n\u0131n neredeyse tam kapasitede \u00e7al\u0131\u015fmas\u0131na sebep olacak.<\/p>\n<p>Passat&#8217;\u0131n Alman \u00fcretimi yerine \u00c7ek \u00fcretimi olmas\u0131 kimi m\u00fc\u015fterileri memnun edemeyebilir, ancak bu hareket \u015f\u00fcphesiz ki markan\u0131n i\u015fini kolayla\u015ft\u0131racak ve otomotivin gelece\u011fine \u00e7ok daha rahat ayak uydurmas\u0131n\u0131 sa\u011flayacak.<\/p>\n<p><strong>\u00c7ek otomobil \u00fcreticisi i\u00e7in T\u00fcrkiye ihtimali var<\/strong><\/p>\n<p>Skoda&#8217;n\u0131n \u00c7ekoslovakya&#8217;daki ikinci \u00fcretim tesisi de uzun s\u00fcredir tam kapasiteye yak\u0131n i\u015fliyor. Bu durumu \u00e7\u00f6zmek ad\u0131na Volkswagen Grubu, b\u00fcnyesindeki \u00c7ek marka i\u00e7in yeni bir \u00fcretim tesisi a\u00e7may\u0131 d\u00fc\u015f\u00fcn\u00fcyor. Spek\u00fclasyonlara g\u00f6re \u00fc\u00e7\u00fcnc\u00fc tesisin lokasyonu i\u00e7in d\u00fc\u015f\u00fcn\u00fclen muhtemel \u00fclkeler Bulgaristan ve T\u00fcrkiye.<\/p>\n<p>&nbsp;<\/p>\n","protected":false},"excerpt":{"rendered":"<p>Volkswagen yak\u0131n gelecekte bir \u00e7ok elektrikli otomobil \u00fcretmeye ba\u015flayacak, bu da markan\u0131n baz\u0131 otomobillerinin \u00fcretim yerini de\u011fi\u015ftirmesini gerektiriyor. Bundan etkilenecek modellerden biri ise markan\u0131n ba\u015far\u0131l\u0131 D segmenti temsilcisi Passat. AutoNews&#8217;in haberine g\u00f6re, \u015fu an Emden, Almanya&#8217;da Arteon&#8217;la birlikte \u00fcretilen otomobil, kapasite kayg\u0131lar\u0131 sebebiyle Skoda&#8217;n\u0131n Superb&#8217;i de \u00fcretti\u011fi Kvasiny fabrikas\u0131na ta\u015f\u0131nacak. Passat&#8217;\u0131n bu fasiliteye ta\u015f\u0131nmas\u0131 Volkswagen [&hellip;]<\/p>\n","protected":false},"author":1,"featured_media":20972,"comment_status":"open","ping_status":"open","sticky":false,"template":"","format":"standard","meta":[],"categories":[1,7868],"tags":[13443,119,12698,118,727,13444,13445,13447,184,13442,13446],"_links":{"self":[{"href":"https:\/\/www.digitalcarmagazine.com.tr\/Web\/wp-json\/wp\/v2\/posts\/20971"}],"collection":[{"href":"https:\/\/www.digitalcarmagazine.com.tr\/Web\/wp-json\/wp\/v2\/posts"}],"about":[{"href":"https:\/\/www.digitalcarmagazine.com.tr\/Web\/wp-json\/wp\/v2\/types\/post"}],"author":[{"embeddable":true,"href":"https:\/\/www.digitalcarmagazine.com.tr\/Web\/wp-json\/wp\/v2\/users\/1"}],"replies":[{"embeddable":true,"href":"https:\/\/www.digitalcarmagazine.com.tr\/Web\/wp-json\/wp\/v2\/comments?post=20971"}],"version-history":[{"count":1,"href":"https:\/\/www.digitalcarmagazine.com.tr\/Web\/wp-json\/wp\/v2\/posts\/20971\/revisions"}],"predecessor-version":[{"id":20973,"href":"https:\/\/www.digitalcarmagazine.com.tr\/Web\/wp-json\/wp\/v2\/posts\/20971\/revisions\/20973"}],"wp:featuredmedia":[{"embeddable":true,"href":"https:\/\/www.digitalcarmagazine.com.tr\/Web\/wp-json\/wp\/v2\/media\/20972"}],"wp:attachment":[{"href":"https:\/\/www.digitalcarmagazine.com.tr\/Web\/wp-json\/wp\/v2\/media?parent=20971"}],"wp:term":[{"taxonomy":"category","embeddable":true,"href":"https:\/\/www.digitalcarmagazine.com.tr\/Web\/wp-json\/wp\/v2\/categories?post=20971"},{"taxonomy":"post_tag","embeddable":true,"href":"https:\/\/www.digitalcarmagazine.com.tr\/Web\/wp-json\/wp\/v2\/tags?post=20971"}],"curies":[{"name":"wp","href":"https:\/\/api.w.org\/{rel}","templated":true}]}}