{"id":18882,"date":"2018-03-20T08:46:16","date_gmt":"2018-03-20T05:46:16","guid":{"rendered":"http:\/\/www.digitalcarmagazine.com.tr\/Web\/?p=18882"},"modified":"2018-03-20T19:47:41","modified_gmt":"2018-03-20T16:47:41","slug":"egea-seni-piste-cagiriyor-canakkalede","status":"publish","type":"post","link":"https:\/\/www.digitalcarmagazine.com.tr\/Web\/egea-seni-piste-cagiriyor-canakkalede\/","title":{"rendered":"\u201cEgea Seni Piste \u00c7a\u011f\u0131r\u0131yor\u201d \u00c7anakkale\u2019de!"},"content":{"rendered":"<p><strong>Fiat taraf\u0131ndan d\u00fczenlenmekte olan \u201c<em>Egea Seni Piste \u00c7a\u011f\u0131r\u0131yor<\/em>\u201d etkinli\u011fi <\/strong><strong>tam gaz devam ediyor. \u0130lk aya\u011f\u0131 ge\u00e7ti\u011fimiz hafta D\u00fczce\u2019de ger\u00e7ekle\u015ftirilen aktivite 24 Mart Cumartesi g\u00fcn\u00fc \u00c7anakkaleliler ile bulu\u015facak. Hafta boyunca Karahall\u0131lar\u00a0\u00c7anakkale Otomotiv&#8217;e gelen ve Egea&#8217;yla test s\u00fcr\u00fc\u015f\u00fc yapan kullan\u0131c\u0131lar, \u00c7anakkale Pazaryeri&#8217;nde ger\u00e7ekle\u015fecek Fiat Motorsporlar\u0131 Etkinli\u011fi&#8217;ne kat\u0131lmaya hak kazanacak. <\/strong><\/p>\n<p><strong>\u00a0<\/strong><\/p>\n<p>Fiat\u2019\u0131n ge\u00e7ti\u011fimiz y\u0131l devreye ald\u0131\u011f\u0131 \u201cEgea Seni Piste \u00c7a\u011f\u0131r\u0131yor\u201d etkinli\u011fi, 2018 y\u0131l\u0131nda da tam gaz devam ediyor. 24 Mart Cumartesi g\u00fcn\u00fc, \u00c7anakkale Pazaryeri\u2019nde ger\u00e7ekle\u015fecek olan aktivitede; hafta boyunca Karahall\u0131lar \u00c7anakkale Otomotiv&#8217;e gelerek, Egea&#8217;yla test s\u00fcr\u00fc\u015f\u00fc yapan kullan\u0131c\u0131lar k\u0131yas\u0131ya yar\u0131\u015facak. G\u00fcvenli otomobil kullan\u0131m\u0131na dair al\u0131nan e\u011fitimin ard\u0131ndan, Fiat Egea Sedan\u2019\u0131n pist \u015fartlar\u0131na \u00f6zel olarak haz\u0131rlanan versiyonunu deneyimleme imk\u00e2n\u0131 bulunan Egea Seni Piste \u00c7a\u011f\u0131r\u0131yor etkinli\u011finde kullan\u0131c\u0131lar, motor sporlar\u0131 d\u00fcnyas\u0131n\u0131 yak\u0131ndan tan\u0131ma f\u0131rsat\u0131 bulacak.<\/p>\n<p>&nbsp;<\/p>\n<p>Egea Seni Piste \u00c7a\u011f\u0131r\u0131yor aktivitesinde ilk \u00fc\u00e7e giren kat\u0131l\u0131mc\u0131lar podyuma \u00e7\u0131karak, madalyalar\u0131n\u0131 Fiat Motor Sporlar\u0131 Tak\u0131m Direkt\u00f6r\u00fc ve pilotlar\u0131 ile Karahall\u0131lar \u00c7anakkale Bayi yetkililerinden alacak. Y\u0131l boyunca <a href=\"https:\/\/motorsporlari.fiat.com.tr\/\">https:\/\/motorsporlari.fiat.com.tr\/<\/a> adresli web sitesinden takip edilebilecek olan Egea Seni Piste \u00c7a\u011f\u0131r\u0131yor etkinlikleri, \u00fclkemizin farkl\u0131 \u015fehirlerine u\u011frayarak t\u00fcm h\u0131z\u0131yla devam edecek.<\/p>\n<p><strong><u>Asfalta \u00f6zel 180 HP&#8217;lik Egea Sedan<\/u><\/strong><\/p>\n<p>Pist kullan\u0131m\u0131 i\u00e7in \u00f6zel olarak Tofa\u015f\u2019ta geli\u015ftirilen Fiat Egea Sedan&#8217;da, aerodinamik \u00f6zellikleri geli\u015ftiren, geni\u015f hava giri\u015f ve \u00e7\u0131k\u0131\u015flar\u0131na sahip tamponlara yer veriliyor. 1.6 litrelik turbo beslemeli dizel motorun g\u00fcc\u00fc 180 HP&#8217;ye \u00e7\u0131kar\u0131l\u0131rken, vites oranlar\u0131 k\u0131salt\u0131lm\u0131\u015f, \u00f6zel olarak haz\u0131rlanan 6 ileri manuel \u015fanz\u0131manla donat\u0131l\u0131yor. Pist kullan\u0131m\u0131na \u00f6zel Egea Sedan&#8217;da, 17 in\u00e7 boyutunda Speedline al\u00fcminyum ala\u015f\u0131m jantlar, geli\u015ftirilmi\u015f fren sistemi ve ayarlanabilir s\u00fcspansiyon sistemi de bulunuyor.<\/p>\n","protected":false},"excerpt":{"rendered":"<p>Fiat taraf\u0131ndan d\u00fczenlenmekte olan \u201cEgea Seni Piste \u00c7a\u011f\u0131r\u0131yor\u201d etkinli\u011fi tam gaz devam ediyor. \u0130lk aya\u011f\u0131 ge\u00e7ti\u011fimiz hafta D\u00fczce\u2019de ger\u00e7ekle\u015ftirilen aktivite 24 Mart Cumartesi g\u00fcn\u00fc \u00c7anakkaleliler ile bulu\u015facak. Hafta boyunca Karahall\u0131lar\u00a0\u00c7anakkale Otomotiv&#8217;e gelen ve Egea&#8217;yla test s\u00fcr\u00fc\u015f\u00fc yapan kullan\u0131c\u0131lar, \u00c7anakkale Pazaryeri&#8217;nde ger\u00e7ekle\u015fecek Fiat Motorsporlar\u0131 Etkinli\u011fi&#8217;ne kat\u0131lmaya hak kazanacak. \u00a0 Fiat\u2019\u0131n ge\u00e7ti\u011fimiz y\u0131l devreye ald\u0131\u011f\u0131 \u201cEgea Seni [&hellip;]<\/p>\n","protected":false},"author":1,"featured_media":18883,"comment_status":"open","ping_status":"open","sticky":false,"template":"","format":"standard","meta":[],"categories":[10156,1],"tags":[],"_links":{"self":[{"href":"https:\/\/www.digitalcarmagazine.com.tr\/Web\/wp-json\/wp\/v2\/posts\/18882"}],"collection":[{"href":"https:\/\/www.digitalcarmagazine.com.tr\/Web\/wp-json\/wp\/v2\/posts"}],"about":[{"href":"https:\/\/www.digitalcarmagazine.com.tr\/Web\/wp-json\/wp\/v2\/types\/post"}],"author":[{"embeddable":true,"href":"https:\/\/www.digitalcarmagazine.com.tr\/Web\/wp-json\/wp\/v2\/users\/1"}],"replies":[{"embeddable":true,"href":"https:\/\/www.digitalcarmagazine.com.tr\/Web\/wp-json\/wp\/v2\/comments?post=18882"}],"version-history":[{"count":1,"href":"https:\/\/www.digitalcarmagazine.com.tr\/Web\/wp-json\/wp\/v2\/posts\/18882\/revisions"}],"predecessor-version":[{"id":18884,"href":"https:\/\/www.digitalcarmagazine.com.tr\/Web\/wp-json\/wp\/v2\/posts\/18882\/revisions\/18884"}],"wp:featuredmedia":[{"embeddable":true,"href":"https:\/\/www.digitalcarmagazine.com.tr\/Web\/wp-json\/wp\/v2\/media\/18883"}],"wp:attachment":[{"href":"https:\/\/www.digitalcarmagazine.com.tr\/Web\/wp-json\/wp\/v2\/media?parent=18882"}],"wp:term":[{"taxonomy":"category","embeddable":true,"href":"https:\/\/www.digitalcarmagazine.com.tr\/Web\/wp-json\/wp\/v2\/categories?post=18882"},{"taxonomy":"post_tag","embeddable":true,"href":"https:\/\/www.digitalcarmagazine.com.tr\/Web\/wp-json\/wp\/v2\/tags?post=18882"}],"curies":[{"name":"wp","href":"https:\/\/api.w.org\/{rel}","templated":true}]}}