{"id":18868,"date":"2018-03-18T16:11:24","date_gmt":"2018-03-18T13:11:24","guid":{"rendered":"http:\/\/www.digitalcarmagazine.com.tr\/Web\/?p=18868"},"modified":"2018-03-18T16:11:24","modified_gmt":"2018-03-18T13:11:24","slug":"ister-karadan-ister-havadan-pop-up-next-konsept","status":"publish","type":"post","link":"https:\/\/www.digitalcarmagazine.com.tr\/Web\/ister-karadan-ister-havadan-pop-up-next-konsept\/","title":{"rendered":"\u0130ster karadan, ister havadan: Pop. Up Next konsept!"},"content":{"rendered":"<p><strong>Audi, Italdesign ve Airbus taraf\u0131ndan trafik sorununu \u00e7\u00f6zmek i\u00e7in geli\u015ftirilen konsept ara\u00e7 Pop. Up Next, elektrikli motorlu ile hem karada otonom olarak gidebiliyor. Arac\u0131n ultra hafif iki ki\u015filik yolcu kabini bir u\u00e7u\u015f mod\u00fcl\u00fcne eklenebiliyor ve bu sayede havadan ula\u015f\u0131m da sa\u011flayabiliyor<br \/>\n<\/strong><\/p>\n<p>Cenevre Otomobil Fuar\u0131\u2019nda Audi, Italdesign ve Airbus dikey ve yatay hareket kabiliyetine sahip, tamamen elektrikle \u00e7al\u0131\u015fan ve tam otomatik bir konsept olan \u201cPop.Up Next\u201din tan\u0131t\u0131m\u0131n\u0131 yapt\u0131. Gelecekte bu ara\u00e7 sayesinde \u015fehirlerde ya\u015fayan insanlar gitmek istedikleri yere karayolundan veya havadan ula\u015f\u0131m sa\u011flarken trafik sorununu da \u00e7\u00f6zm\u00fc\u015f olacaklar. Pop. Up Next\u2019te ilk g\u00f6ze \u00e7arpan i\u00e7 mekan \u00f6zelli\u011fi insanla makine aras\u0131nda ileti\u015fimi sa\u011flayan, ses ve y\u00fcz tan\u0131ma, g\u00f6z takip ve dokunmatik \u00f6zelliklere sahip 49 in\u00e7\u2019lik ekran.<\/p>\n<p>Arac\u0131n, ultra hafif iki ki\u015filik yolcu kabini bir otomobil ya da u\u00e7u\u015f mod\u00fcl\u00fcne eklenebiliyor. Audi, projeye batarya teknolojisi ve otomasyon konusunda teknik bilgi deste\u011fi sa\u011flayacak.<\/p>\n<p>Proje hakk\u0131nda hakk\u0131nda konu\u015fan Italdesign Ba\u015fkan\u0131 ve Audi Sat\u0131nalmadan Sorumlu Y\u00f6netim Kurulu \u00dcyesi Dr. Bernd Martens, \u201cKonu \u015fehirler i\u00e7in geli\u015ftirilen farkl\u0131 mobilite konseptleri ve insanlar\u0131n \u00e7e\u015fitli ihtiya\u00e7lar\u0131 olunca, yarat\u0131c\u0131l\u0131k \u00f6nemli bir rol oynuyor.Italdesign, inovatif teknolojiler ve radikal prototipler geli\u015ftirmek i\u00e7in hizmet veren bir kulu\u00e7ka merkezi. Pop.Up Next, gelecekte \u015fehir ya\u015fant\u0131m\u0131z\u0131 k\u00f6k\u00fcnden de\u011fi\u015ftirebilecek potansiyele sahip g\u00fc\u00e7l\u00fc bir vizyondur.\u201d dedi.<\/p>\n<p>Audi gibi, d\u00fcnya \u00e7ap\u0131nda daha bir\u00e7ok m\u00fc\u015fterisi i\u00e7in gelece\u011fe d\u00f6n\u00fck otomobil konseptleri geli\u015ftiren Italdesign\u2019\u0131n CEO\u2019su J\u00f6rg Astalosch, da \u201cGelecekte farkl\u0131 \u015firketler kentsel mobilitenin kurallar\u0131n\u0131 ba\u015ftan yazacak. Italdesign olarak havac\u0131l\u0131k sanayinin lideri Airbus\u2019la birlikte \u00e7al\u0131\u015farak gelece\u011fin mobilitesine \u00e7\u00f6z\u00fcmler aramaktan gurur duyuyoruz.\u201d dedi.<\/p>\n<p>Astalosch\u2019a g\u00f6re Pop.Up Next, \u015fehirlerde ya\u015fayan insanlar i\u00e7in mobiliteye \u00fc\u00e7\u00fcnc\u00fc bir boyut getirebilecek esnek bir konsept. Italdesign, \u015fehirler, \u00fcniversiteler, ve farkl\u0131 payda\u015flardan olu\u015fan a\u011f\u0131n\u0131 kullanarak mobilitenin gelece\u011finin \u015fehirler i\u00e7in ne ifade edece\u011fini \u00f6nceden belirlemeye \u00e7al\u0131\u015f\u0131yor.<\/p>\n","protected":false},"excerpt":{"rendered":"<p>Audi, Italdesign ve Airbus taraf\u0131ndan trafik sorununu \u00e7\u00f6zmek i\u00e7in geli\u015ftirilen konsept ara\u00e7 Pop. Up Next, elektrikli motorlu ile hem karada otonom olarak gidebiliyor. Arac\u0131n ultra hafif iki ki\u015filik yolcu kabini bir u\u00e7u\u015f mod\u00fcl\u00fcne eklenebiliyor ve bu sayede havadan ula\u015f\u0131m da sa\u011flayabiliyor Cenevre Otomobil Fuar\u0131\u2019nda Audi, Italdesign ve Airbus dikey ve yatay hareket kabiliyetine sahip, tamamen [&hellip;]<\/p>\n","protected":false},"author":1,"featured_media":18869,"comment_status":"open","ping_status":"open","sticky":false,"template":"","format":"standard","meta":[],"categories":[8193,1],"tags":[],"_links":{"self":[{"href":"https:\/\/www.digitalcarmagazine.com.tr\/Web\/wp-json\/wp\/v2\/posts\/18868"}],"collection":[{"href":"https:\/\/www.digitalcarmagazine.com.tr\/Web\/wp-json\/wp\/v2\/posts"}],"about":[{"href":"https:\/\/www.digitalcarmagazine.com.tr\/Web\/wp-json\/wp\/v2\/types\/post"}],"author":[{"embeddable":true,"href":"https:\/\/www.digitalcarmagazine.com.tr\/Web\/wp-json\/wp\/v2\/users\/1"}],"replies":[{"embeddable":true,"href":"https:\/\/www.digitalcarmagazine.com.tr\/Web\/wp-json\/wp\/v2\/comments?post=18868"}],"version-history":[{"count":1,"href":"https:\/\/www.digitalcarmagazine.com.tr\/Web\/wp-json\/wp\/v2\/posts\/18868\/revisions"}],"predecessor-version":[{"id":18870,"href":"https:\/\/www.digitalcarmagazine.com.tr\/Web\/wp-json\/wp\/v2\/posts\/18868\/revisions\/18870"}],"wp:featuredmedia":[{"embeddable":true,"href":"https:\/\/www.digitalcarmagazine.com.tr\/Web\/wp-json\/wp\/v2\/media\/18869"}],"wp:attachment":[{"href":"https:\/\/www.digitalcarmagazine.com.tr\/Web\/wp-json\/wp\/v2\/media?parent=18868"}],"wp:term":[{"taxonomy":"category","embeddable":true,"href":"https:\/\/www.digitalcarmagazine.com.tr\/Web\/wp-json\/wp\/v2\/categories?post=18868"},{"taxonomy":"post_tag","embeddable":true,"href":"https:\/\/www.digitalcarmagazine.com.tr\/Web\/wp-json\/wp\/v2\/tags?post=18868"}],"curies":[{"name":"wp","href":"https:\/\/api.w.org\/{rel}","templated":true}]}}