{"id":18585,"date":"2018-02-19T13:08:43","date_gmt":"2018-02-19T10:08:43","guid":{"rendered":"http:\/\/www.digitalcarmagazine.com.tr\/Web\/?p=18585"},"modified":"2018-02-22T13:09:28","modified_gmt":"2018-02-22T10:09:28","slug":"ford-otosan-agir-ticaride-ilk-yerli-sanzimani-uretecek","status":"publish","type":"post","link":"https:\/\/www.digitalcarmagazine.com.tr\/Web\/ford-otosan-agir-ticaride-ilk-yerli-sanzimani-uretecek\/","title":{"rendered":"Ford Otosan, a\u011f\u0131r ticaride ilk yerli \u015fanz\u0131man\u0131 \u00fcretecek"},"content":{"rendered":"<p><strong>G\u00fc\u00e7l\u00fc Ar-Ge gelene\u011fiyle T\u00fcrkiye\u2019nin s\u0131f\u0131rdan motor ve ara\u00e7 geli\u015ftirme ile \u00fcretme yetene\u011fine sahip tek \u015firketi Ford Otosan, motordan sonra ara\u00e7taki en \u00f6nemli di\u011fer aktarma organ\u0131 olan \u015fanz\u0131man\u0131 Eski\u015fehir \u0130n\u00f6n\u00fc Fabrikas\u0131\u2019nda \u00fcretmek i\u00e7in 49,5 milyon avro yat\u0131r\u0131mla \u00e7al\u0131\u015fmalara ba\u015flad\u0131.<\/strong><\/p>\n<p><strong>Ford Otosan Genel M\u00fcd\u00fcr\u00fc Haydar Yenig\u00fcn, \u201cKendi geli\u015ftirdi\u011fimiz ve \u00fcretti\u011fimiz Ecotorq motor ailesi ile \u015fanz\u0131man\u0131n uyumu, ara\u00e7lar\u0131m\u0131zdaki performans ve verimlili\u011fi benzersiz bir boyuta ta\u015f\u0131yarak global arenadaki rekabet g\u00fcc\u00fcm\u00fcz\u00fc art\u0131racak. A\u011f\u0131r ticaride T\u00fcrkiye\u2019nin ilk yerli \u015fanz\u0131man yat\u0131r\u0131m\u0131 ile m\u00fchendislik ve Ar-Ge kapasitemizi geli\u015ftirece\u011fiz. Gelece\u011fin ta\u015f\u0131ma teknolojilerinde s\u00f6z sahibi olmak ve sanayimize d\u00fcnya \u00e7ap\u0131nda yeni bir ba\u015far\u0131 hik\u00e2yesi eklemek i\u00e7in \u00e7al\u0131\u015fmaya devam ediyoruz\u201d dedi.<\/strong><\/p>\n<p>T\u00fcrkiye otomotiv sanayinin \u00f6nc\u00fc \u015firketi Ford Otosan, Eski\u015fehir\u2019deki \u0130n\u00f6n\u00fc Fabrikas\u0131\u2019nda 49,5 milyon avro tutar\u0131nda yat\u0131r\u0131mla a\u011f\u0131r ticari ara\u00e7 segmentinde T\u00fcrkiye\u2019nin ilk yerli \u015fanz\u0131man\u0131n\u0131 \u00fcretecek.<\/p>\n<p>Ford\u2019un a\u011f\u0131r ticari ara\u00e7lar\u0131n\u0131n, ilgili dizel motorlar\u0131n\u0131n ve motor sistemlerinin k\u00fcresel m\u00fchendislik merkezi olan Ford Otosan, geli\u015ftirdi\u011fi ve \u00fcretti\u011fi Ecotorq motor ailesi ile tam uyumlu olacak \u015fanz\u0131man yat\u0131r\u0131m\u0131 ile gerek \u00fcretim gerek m\u00fchendislik g\u00fcc\u00fcn\u00fc global arenada bir \u00fcst seviyeye ta\u015f\u0131yacak.<\/p>\n<p><strong>Yenig\u00fcn: \u201cOtomotiv ve ta\u015f\u0131mac\u0131l\u0131k teknolojilerinin gelece\u011finde s\u00f6z sahibi olaca\u011f\u0131z\u201d<\/strong><\/p>\n<p>T\u00fcrkiye otomotiv sanayinde d\u00fcnya \u00e7ap\u0131nda bir hik\u00e2ye yazma hedefiyle hareket ettiklerini vurgulayan Ford Otosan Genel M\u00fcd\u00fcr\u00fc Haydar Yenig\u00fcn, yapt\u0131\u011f\u0131 de\u011ferlendirmede \u015funlar\u0131 s\u00f6yledi:<\/p>\n<p>\u201cFord Otosan olarak, kurulu\u015fumuzdan bu yana ba\u015fta Ar-Ge ve \u00fcretim alanlar\u0131nda s\u00fcrd\u00fcrd\u00fc\u011f\u00fcm\u00fcz \u00f6nc\u00fc rol\u00fcm\u00fcze, T\u00fcrkiye ta\u015f\u0131mac\u0131l\u0131k sekt\u00f6r\u00fcn\u00fcn gelece\u011fine y\u00f6n verecek yat\u0131r\u0131mlar\u0131m\u0131zla devam ediyoruz. Kendi geli\u015ftirdi\u011fimiz ve \u00fcretti\u011fimiz Ecotorq motor ailesi ile \u015fanz\u0131man\u0131n uyumu, ara\u00e7lar\u0131m\u0131zdaki performans ve verimlili\u011fi benzersiz bir boyuta ta\u015f\u0131yarak global arenadaki rekabet g\u00fcc\u00fcm\u00fcz\u00fc art\u0131racak. A\u011f\u0131r ticari ara\u00e7 segmentinde T\u00fcrkiye\u2019nin ilk yerli \u015fanz\u0131man\u0131 olacak bu \u00fcr\u00fcn ile teknolojik katma de\u011feri y\u00fcksek bir sistemi ba\u015ftan sona Ford Otosan b\u00fcnyesinde geli\u015ftirip \u00fcreterek Ar-Ge ve m\u00fchendislik kapasitemizi geli\u015ftirece\u011fiz. Ford Otosan\u2019\u0131n sahip oldu\u011fu y\u00fcksek m\u00fchendislik ve Ar-Ge g\u00fcc\u00fc i\u00e7in yeni bir kilometre ta\u015f\u0131 olacak bu yat\u0131r\u0131m, gelece\u011fin ula\u015f\u0131m teknolojilerine y\u00f6nelik de sa\u011flam bir baz olu\u015fturacak. Bu ve benzeri teknoloji yat\u0131r\u0131mlar\u0131m\u0131z, \u015firketimizin gelecek vizyonunda stratejik ve kilit bir rol oynayarak, otomotiv ve ta\u015f\u0131mac\u0131l\u0131k sekt\u00f6r\u00fcn\u00fcn ba\u011flant\u0131l\u0131 ve otonom ara\u00e7lara giden d\u00f6n\u00fc\u015f\u00fcm yolculu\u011funda \u00f6nc\u00fc olmam\u0131z\u0131 sa\u011flayacak. Yerli \u015fanz\u0131man yat\u0131r\u0131m\u0131m\u0131z ile ayn\u0131 zamanda yerli \u00fcreticiyi destekleyecek ve ara\u00e7lar\u0131m\u0131z\u0131n yerlilik oran\u0131n\u0131 en y\u00fcksek seviyeye ta\u015f\u0131yarak ekonomimize katma de\u011fer sunmay\u0131 s\u00fcrd\u00fcrece\u011fiz. Gelece\u011fin ta\u015f\u0131ma teknolojilerinde s\u00f6z sahibi olmak ve sanayimize d\u00fcnya \u00e7ap\u0131nda yeni bir ba\u015far\u0131 hik\u00e2yesi eklemek i\u00e7in \u015fevkle \u00e7al\u0131\u015fmaya devam ediyoruz \u201c dedi.<\/p>\n<p><strong>Ecotorq motor ailesiyle d\u00fcnya vizesi alm\u0131\u015ft\u0131<\/strong><\/p>\n<p>Ford Otosan, ilk olarak 320 Ar-Ge m\u00fchendisinin \u00e7al\u0131\u015ft\u0131\u011f\u0131 ve 100 milyon dolar\u0131 a\u015fan bir yat\u0131r\u0131mla seri \u00fcretimine ba\u015flad\u0131\u011f\u0131 yeni nesil Ecotorq motor ailesiyle d\u00fcnya vizesi ald\u0131. \u00c7in\u2019e ger\u00e7ekle\u015ftirilen teknoloji ve m\u00fchendislik ihracat\u0131 sonucu ise Ecotorq motorlu kamyonlar, \u00c7in\u2019de pazara sunulan JMC Weilong kamyonunda kullan\u0131ld\u0131. Ford Otosan m\u00fchendisleri eme\u011fiyle geli\u015ftirilen ve yollara \u00e7\u0131kan Ecotorq motorlu kamyonlar, ge\u00e7ti\u011fimiz aylarda \u00c7in\u2019de y\u0131l\u0131n kamyonu yar\u0131\u015fmas\u0131nda (CTOY), y\u0131l\u0131n kamyonu \u00f6d\u00fcl\u00fcn\u00fc kazanarak kendini uluslararas\u0131 pazarlarda da kan\u0131tlad\u0131.<\/p>\n","protected":false},"excerpt":{"rendered":"<p>G\u00fc\u00e7l\u00fc Ar-Ge gelene\u011fiyle T\u00fcrkiye\u2019nin s\u0131f\u0131rdan motor ve ara\u00e7 geli\u015ftirme ile \u00fcretme yetene\u011fine sahip tek \u015firketi Ford Otosan, motordan sonra ara\u00e7taki en \u00f6nemli di\u011fer aktarma organ\u0131 olan \u015fanz\u0131man\u0131 Eski\u015fehir \u0130n\u00f6n\u00fc Fabrikas\u0131\u2019nda \u00fcretmek i\u00e7in 49,5 milyon avro yat\u0131r\u0131mla \u00e7al\u0131\u015fmalara ba\u015flad\u0131. Ford Otosan Genel M\u00fcd\u00fcr\u00fc Haydar Yenig\u00fcn, \u201cKendi geli\u015ftirdi\u011fimiz ve \u00fcretti\u011fimiz Ecotorq motor ailesi ile \u015fanz\u0131man\u0131n uyumu, ara\u00e7lar\u0131m\u0131zdaki [&hellip;]<\/p>\n","protected":false},"author":1,"featured_media":18586,"comment_status":"open","ping_status":"open","sticky":false,"template":"","format":"standard","meta":[],"categories":[8377,1],"tags":[],"_links":{"self":[{"href":"https:\/\/www.digitalcarmagazine.com.tr\/Web\/wp-json\/wp\/v2\/posts\/18585"}],"collection":[{"href":"https:\/\/www.digitalcarmagazine.com.tr\/Web\/wp-json\/wp\/v2\/posts"}],"about":[{"href":"https:\/\/www.digitalcarmagazine.com.tr\/Web\/wp-json\/wp\/v2\/types\/post"}],"author":[{"embeddable":true,"href":"https:\/\/www.digitalcarmagazine.com.tr\/Web\/wp-json\/wp\/v2\/users\/1"}],"replies":[{"embeddable":true,"href":"https:\/\/www.digitalcarmagazine.com.tr\/Web\/wp-json\/wp\/v2\/comments?post=18585"}],"version-history":[{"count":1,"href":"https:\/\/www.digitalcarmagazine.com.tr\/Web\/wp-json\/wp\/v2\/posts\/18585\/revisions"}],"predecessor-version":[{"id":18587,"href":"https:\/\/www.digitalcarmagazine.com.tr\/Web\/wp-json\/wp\/v2\/posts\/18585\/revisions\/18587"}],"wp:featuredmedia":[{"embeddable":true,"href":"https:\/\/www.digitalcarmagazine.com.tr\/Web\/wp-json\/wp\/v2\/media\/18586"}],"wp:attachment":[{"href":"https:\/\/www.digitalcarmagazine.com.tr\/Web\/wp-json\/wp\/v2\/media?parent=18585"}],"wp:term":[{"taxonomy":"category","embeddable":true,"href":"https:\/\/www.digitalcarmagazine.com.tr\/Web\/wp-json\/wp\/v2\/categories?post=18585"},{"taxonomy":"post_tag","embeddable":true,"href":"https:\/\/www.digitalcarmagazine.com.tr\/Web\/wp-json\/wp\/v2\/tags?post=18585"}],"curies":[{"name":"wp","href":"https:\/\/api.w.org\/{rel}","templated":true}]}}