{"id":18558,"date":"2018-02-17T07:45:43","date_gmt":"2018-02-17T04:45:43","guid":{"rendered":"http:\/\/www.digitalcarmagazine.com.tr\/Web\/?p=18558"},"modified":"2018-02-19T05:46:26","modified_gmt":"2018-02-19T02:46:26","slug":"subaru-2018-cenevre-otomobil-fuarinda-subaru-viziv-tourer-concept-modelini-tanitacak","status":"publish","type":"post","link":"https:\/\/www.digitalcarmagazine.com.tr\/Web\/subaru-2018-cenevre-otomobil-fuarinda-subaru-viziv-tourer-concept-modelini-tanitacak\/","title":{"rendered":"SUBARU, 2018 CENEVRE OTOMOB\u0130L FUARI\u2019NDA \u201cSUBARU VIZIV TOURER CONCEPT\u201d MODEL\u0130N\u0130 TANITACAK"},"content":{"rendered":"<p>Subaru Corporation, bu y\u0131l 88. kez d\u00fczenlenecek olan Cenevre Otomobil Fuar\u0131\u2019nda \u201cSUBARU VIZIV* TOURER CONCEPT\u201d isimli modelini tan\u0131tacak.<\/p>\n<p>SUBARU VIZIV TOURER CONCEPT, 6 Mart saat 11:15\u2019de (UTC) Subaru stand\u0131nda ilk kez bas\u0131na tan\u0131t\u0131lacak. Ziyaret\u00e7iler ise bu \u00f6zel modeli 8 Mart \u2013 18 Mart tarihleri aras\u0131nda inceleme \u015fans\u0131na eri\u015fecek.<\/p>\n<p>*VIZIV, &#8220;Yenilik Vizyonu&#8221; (Vision for Innovation) ifadesinden t\u00fcretilen yeni bir kelimedir.<\/p>\n","protected":false},"excerpt":{"rendered":"<p>Subaru Corporation, bu y\u0131l 88. kez d\u00fczenlenecek olan Cenevre Otomobil Fuar\u0131\u2019nda \u201cSUBARU VIZIV* TOURER CONCEPT\u201d isimli modelini tan\u0131tacak. SUBARU VIZIV TOURER CONCEPT, 6 Mart saat 11:15\u2019de (UTC) Subaru stand\u0131nda ilk kez bas\u0131na tan\u0131t\u0131lacak. Ziyaret\u00e7iler ise bu \u00f6zel modeli 8 Mart \u2013 18 Mart tarihleri aras\u0131nda inceleme \u015fans\u0131na eri\u015fecek. *VIZIV, &#8220;Yenilik Vizyonu&#8221; (Vision for Innovation) ifadesinden [&hellip;]<\/p>\n","protected":false},"author":1,"featured_media":18559,"comment_status":"open","ping_status":"open","sticky":false,"template":"","format":"standard","meta":[],"categories":[1,8545],"tags":[],"_links":{"self":[{"href":"https:\/\/www.digitalcarmagazine.com.tr\/Web\/wp-json\/wp\/v2\/posts\/18558"}],"collection":[{"href":"https:\/\/www.digitalcarmagazine.com.tr\/Web\/wp-json\/wp\/v2\/posts"}],"about":[{"href":"https:\/\/www.digitalcarmagazine.com.tr\/Web\/wp-json\/wp\/v2\/types\/post"}],"author":[{"embeddable":true,"href":"https:\/\/www.digitalcarmagazine.com.tr\/Web\/wp-json\/wp\/v2\/users\/1"}],"replies":[{"embeddable":true,"href":"https:\/\/www.digitalcarmagazine.com.tr\/Web\/wp-json\/wp\/v2\/comments?post=18558"}],"version-history":[{"count":1,"href":"https:\/\/www.digitalcarmagazine.com.tr\/Web\/wp-json\/wp\/v2\/posts\/18558\/revisions"}],"predecessor-version":[{"id":18560,"href":"https:\/\/www.digitalcarmagazine.com.tr\/Web\/wp-json\/wp\/v2\/posts\/18558\/revisions\/18560"}],"wp:featuredmedia":[{"embeddable":true,"href":"https:\/\/www.digitalcarmagazine.com.tr\/Web\/wp-json\/wp\/v2\/media\/18559"}],"wp:attachment":[{"href":"https:\/\/www.digitalcarmagazine.com.tr\/Web\/wp-json\/wp\/v2\/media?parent=18558"}],"wp:term":[{"taxonomy":"category","embeddable":true,"href":"https:\/\/www.digitalcarmagazine.com.tr\/Web\/wp-json\/wp\/v2\/categories?post=18558"},{"taxonomy":"post_tag","embeddable":true,"href":"https:\/\/www.digitalcarmagazine.com.tr\/Web\/wp-json\/wp\/v2\/tags?post=18558"}],"curies":[{"name":"wp","href":"https:\/\/api.w.org\/{rel}","templated":true}]}}