{"id":18552,"date":"2018-02-16T18:43:41","date_gmt":"2018-02-16T15:43:41","guid":{"rendered":"http:\/\/www.digitalcarmagazine.com.tr\/Web\/?p=18552"},"modified":"2018-02-19T05:44:18","modified_gmt":"2018-02-19T02:44:18","slug":"akbulut-nakliyat-volvo-trucksi-tercih-etti","status":"publish","type":"post","link":"https:\/\/www.digitalcarmagazine.com.tr\/Web\/akbulut-nakliyat-volvo-trucksi-tercih-etti\/","title":{"rendered":"Akbulut Nakliyat Volvo Trucks\u2019\u0131 tercih etti"},"content":{"rendered":"<p>Sabanc\u0131 Holding i\u015ftiraklerinden Temsa \u0130\u015f Makinalar\u0131, merkezi \u0130stanbul\u2019da yer alan, Mardin ve Gaziantep\u2019te \u015fubeleri bulunan Akbulut Nakliyat\u2019a 7 Volvo FH \u00e7ekici sat\u0131\u015f\u0131 ger\u00e7ekle\u015ftirdi. Bu yeni ara\u00e7larla birlikte Akbulut Nakliyat\u2019\u0131n filosundaki Volvo markal\u0131 ara\u00e7 say\u0131s\u0131 40\u2019a \u00e7\u0131kt\u0131.<\/p>\n<p>Volvo FH \u00e7ekicileri, Volvo Trucks Kilit M\u00fc\u015fteriler M\u00fcd\u00fcr\u00fc Bora G\u00fcr\u2019den teslim alan Akbulut firmas\u0131n\u0131n \u015firket ortaklar\u0131ndan Yusuf \u0130lbo\u011fa konuyla ilgili \u015funlar\u0131 dile getirdi: \u201cM\u00fc\u015fterilerimizin ihtiya\u00e7 duydu\u011fu her t\u00fcrl\u00fc lojistik hizmet talebini tek elden en uygun ko\u015ful ve maliyetle ger\u00e7ekle\u015ftirmeyi ilke edinmi\u015f bir firma olarak \u00e7a\u011fda\u015f bilgi ve teknolojileri kullanarak, kalite anlay\u0131\u015f\u0131, \u015feffafl\u0131\u011f\u0131, kat\u0131l\u0131mc\u0131 yakla\u015f\u0131m\u0131 ile i\u015f ortaklar\u0131na de\u011fer katmay\u0131 hedefliyoruz. Filomuzu geni\u015fletmek i\u00e7in g\u00fcvenilir, \u00e7evre dostu Volvo \u00e7ekiciler bu hedefimiz do\u011frultusunda ald\u0131\u011f\u0131m\u0131z bir karar. Bu s\u00fcrecin her an\u0131nda profesyonel deste\u011fini bizlere hissettiren, Temsa \u0130\u015f Makinalar\u0131\u2019na te\u015fekk\u00fcrlerimizi sunar\u0131z.&#8221;<\/p>\n","protected":false},"excerpt":{"rendered":"<p>Sabanc\u0131 Holding i\u015ftiraklerinden Temsa \u0130\u015f Makinalar\u0131, merkezi \u0130stanbul\u2019da yer alan, Mardin ve Gaziantep\u2019te \u015fubeleri bulunan Akbulut Nakliyat\u2019a 7 Volvo FH \u00e7ekici sat\u0131\u015f\u0131 ger\u00e7ekle\u015ftirdi. Bu yeni ara\u00e7larla birlikte Akbulut Nakliyat\u2019\u0131n filosundaki Volvo markal\u0131 ara\u00e7 say\u0131s\u0131 40\u2019a \u00e7\u0131kt\u0131. Volvo FH \u00e7ekicileri, Volvo Trucks Kilit M\u00fc\u015fteriler M\u00fcd\u00fcr\u00fc Bora G\u00fcr\u2019den teslim alan Akbulut firmas\u0131n\u0131n \u015firket ortaklar\u0131ndan Yusuf \u0130lbo\u011fa konuyla [&hellip;]<\/p>\n","protected":false},"author":1,"featured_media":18553,"comment_status":"open","ping_status":"open","sticky":false,"template":"","format":"standard","meta":[],"categories":[1],"tags":[],"_links":{"self":[{"href":"https:\/\/www.digitalcarmagazine.com.tr\/Web\/wp-json\/wp\/v2\/posts\/18552"}],"collection":[{"href":"https:\/\/www.digitalcarmagazine.com.tr\/Web\/wp-json\/wp\/v2\/posts"}],"about":[{"href":"https:\/\/www.digitalcarmagazine.com.tr\/Web\/wp-json\/wp\/v2\/types\/post"}],"author":[{"embeddable":true,"href":"https:\/\/www.digitalcarmagazine.com.tr\/Web\/wp-json\/wp\/v2\/users\/1"}],"replies":[{"embeddable":true,"href":"https:\/\/www.digitalcarmagazine.com.tr\/Web\/wp-json\/wp\/v2\/comments?post=18552"}],"version-history":[{"count":1,"href":"https:\/\/www.digitalcarmagazine.com.tr\/Web\/wp-json\/wp\/v2\/posts\/18552\/revisions"}],"predecessor-version":[{"id":18554,"href":"https:\/\/www.digitalcarmagazine.com.tr\/Web\/wp-json\/wp\/v2\/posts\/18552\/revisions\/18554"}],"wp:featuredmedia":[{"embeddable":true,"href":"https:\/\/www.digitalcarmagazine.com.tr\/Web\/wp-json\/wp\/v2\/media\/18553"}],"wp:attachment":[{"href":"https:\/\/www.digitalcarmagazine.com.tr\/Web\/wp-json\/wp\/v2\/media?parent=18552"}],"wp:term":[{"taxonomy":"category","embeddable":true,"href":"https:\/\/www.digitalcarmagazine.com.tr\/Web\/wp-json\/wp\/v2\/categories?post=18552"},{"taxonomy":"post_tag","embeddable":true,"href":"https:\/\/www.digitalcarmagazine.com.tr\/Web\/wp-json\/wp\/v2\/tags?post=18552"}],"curies":[{"name":"wp","href":"https:\/\/api.w.org\/{rel}","templated":true}]}}