{"id":18536,"date":"2018-02-15T09:38:25","date_gmt":"2018-02-15T06:38:25","guid":{"rendered":"http:\/\/www.digitalcarmagazine.com.tr\/Web\/?p=18536"},"modified":"2018-02-19T05:39:42","modified_gmt":"2018-02-19T02:39:42","slug":"rolls-royceun-yeni-suv-aracinin-adi-cullinan","status":"publish","type":"post","link":"https:\/\/www.digitalcarmagazine.com.tr\/Web\/rolls-royceun-yeni-suv-aracinin-adi-cullinan\/","title":{"rendered":"Rolls-Royce&#8217;un Yeni Suv Arac\u0131n\u0131n ad\u0131 &#8221;Cullinan&#8221;"},"content":{"rendered":"<p>Rolls-Royce zahmetsiz bir bi\u00e7imde sizi yolculuklara \u00e7\u0131karacak ve l\u00fcks\u00fc yeniden tan\u0131mlayacak olan Suv arac\u0131n\u0131 3 y\u0131l \u00f6nce Financial Times&#8217;da \u00e7\u0131kan yaz\u0131yla duyurmu\u015ftu.<\/p>\n<p>O g\u00fcnden bug\u00fcne b\u00fct\u00fcn d\u00fcnya yeni ve farkl\u0131 Rolls-Royce&#8217;un geli\u015fini bekliyordu.<\/p>\n<p>Bug\u00fcn bu bekleyi\u015f sona erdi. Rolls-Royce, yeni motorlu arac\u0131n\u0131n isminin &#8221;Cullinan&#8221; olaca\u011f\u0131n\u0131 duyurdu.<\/p>\n<p>Rolls-Royce CEO&#8217;su Torsten M\u00fcller yapt\u0131\u011f\u0131 a\u00e7\u0131klamada ; &#8220;Bu isim bizim s\u0131rad\u0131\u015f\u0131 yeni arac\u0131m\u0131za t\u0131pat\u0131p uyuyor. &#8221;Cullinan&#8221;, kusursuz kalitesiyle, ger\u00e7ek l\u00fcks\u00fcn olas\u0131l\u0131klar\u0131n\u0131 yeniden kalibre eden varl\u0131\u011f\u0131yla fark yarat\u0131yor. T\u0131pk\u0131 bug\u00fcne kadar bulunan en b\u00fcy\u00fck ve en kusursuz elmas olan &#8221;Cullinan&#8221; elmas\u0131 gibi di\u011ferlerinin \u00fczerinde bir m\u00fckemmellik ile g\u00fcn \u0131\u015f\u0131\u011f\u0131na \u00e7\u0131k\u0131yor.&#8221; Cullinan Elmas\u0131&#8221;n\u0131n yarat\u0131l\u0131\u015f\u0131na giren binlerce y\u0131l\u0131n epik s\u00fcre\u00e7lerinden esinlendik. Arac\u0131n ad\u0131, yeni arac\u0131m\u0131z\u0131n bir\u00e7ok y\u00f6n\u00fcn\u00fc vaat ediyor ve b\u00fcnyesinde bar\u0131nd\u0131r\u0131yor.<\/p>\n<p>En b\u00fcy\u00fck bask\u0131lar kar\u015f\u0131s\u0131nda dayan\u0131kl\u0131l\u0131k, sa\u011flaml\u0131ktan bahsediyor. Nadir ve de\u011ferli oldu\u011funu s\u00f6yl\u00fcyor. Sayg\u0131de\u011fer Charles Rolls&#8217;un \u00f6nc\u00fc, macerac\u0131 ruhunu, Sir Henry Royce&#8217;un ise yenilik\u00e7i m\u00fchendislik ruhunu yans\u0131t\u0131yor. Elbette, d\u00fcnyanin neresine giderse gitsin mutlak l\u00fcks\u00fc simgeliyor&#8221; dedi.<\/p>\n<p>Yeni Rolls-Royce&#8217;un isminin &#8221;Cullinan&#8221; olmas\u0131n\u0131n hikayesi, kusursuzluk aray\u0131\u015f\u0131nda gizliyor.<\/p>\n<p>&#8216;Elmas gibi Rolls-Royce Cullinan&#8217;da b\u00fcy\u00fcleyici bir yolculuk yap\u0131yor.<\/p>\n<p>Rolls-Royce tasar\u0131mc\u0131lar\u0131, m\u00fchendisleri ve zanaatkarlar\u0131, bu e\u015fsiz arac\u0131 Afrika \u00e7\u00f6llerinden Kuzey kutbunun dondurucu buzullar\u0131na, \u0130sko\u00e7ya da\u011flar\u0131ndan Kuzey Amerika kanyonlar\u0131na kadar &#8221;zahmetsiz heryere&#8221; yolculuk yapabilmesi i\u00e7in tasarlad\u0131lar.<\/p>\n<p>Rolls-Royce markas\u0131n\u0131n al\u00fcminyum y\u00fcr\u00fcyen aksam \u00fczerine oturtulmu\u015f &#8221;Cullinan&#8221; Suv arac\u0131 yenilenen l\u00fcks m\u00fchendisli\u011fini g\u00f6sterdi\u011fi ikinci otomobilidir.<\/p>\n","protected":false},"excerpt":{"rendered":"<p>Rolls-Royce zahmetsiz bir bi\u00e7imde sizi yolculuklara \u00e7\u0131karacak ve l\u00fcks\u00fc yeniden tan\u0131mlayacak olan Suv arac\u0131n\u0131 3 y\u0131l \u00f6nce Financial Times&#8217;da \u00e7\u0131kan yaz\u0131yla duyurmu\u015ftu. O g\u00fcnden bug\u00fcne b\u00fct\u00fcn d\u00fcnya yeni ve farkl\u0131 Rolls-Royce&#8217;un geli\u015fini bekliyordu. Bug\u00fcn bu bekleyi\u015f sona erdi. Rolls-Royce, yeni motorlu arac\u0131n\u0131n isminin &#8221;Cullinan&#8221; olaca\u011f\u0131n\u0131 duyurdu. Rolls-Royce CEO&#8217;su Torsten M\u00fcller yapt\u0131\u011f\u0131 a\u00e7\u0131klamada ; &#8220;Bu isim [&hellip;]<\/p>\n","protected":false},"author":1,"featured_media":18537,"comment_status":"open","ping_status":"open","sticky":false,"template":"","format":"standard","meta":[],"categories":[1],"tags":[],"_links":{"self":[{"href":"https:\/\/www.digitalcarmagazine.com.tr\/Web\/wp-json\/wp\/v2\/posts\/18536"}],"collection":[{"href":"https:\/\/www.digitalcarmagazine.com.tr\/Web\/wp-json\/wp\/v2\/posts"}],"about":[{"href":"https:\/\/www.digitalcarmagazine.com.tr\/Web\/wp-json\/wp\/v2\/types\/post"}],"author":[{"embeddable":true,"href":"https:\/\/www.digitalcarmagazine.com.tr\/Web\/wp-json\/wp\/v2\/users\/1"}],"replies":[{"embeddable":true,"href":"https:\/\/www.digitalcarmagazine.com.tr\/Web\/wp-json\/wp\/v2\/comments?post=18536"}],"version-history":[{"count":2,"href":"https:\/\/www.digitalcarmagazine.com.tr\/Web\/wp-json\/wp\/v2\/posts\/18536\/revisions"}],"predecessor-version":[{"id":18539,"href":"https:\/\/www.digitalcarmagazine.com.tr\/Web\/wp-json\/wp\/v2\/posts\/18536\/revisions\/18539"}],"wp:featuredmedia":[{"embeddable":true,"href":"https:\/\/www.digitalcarmagazine.com.tr\/Web\/wp-json\/wp\/v2\/media\/18537"}],"wp:attachment":[{"href":"https:\/\/www.digitalcarmagazine.com.tr\/Web\/wp-json\/wp\/v2\/media?parent=18536"}],"wp:term":[{"taxonomy":"category","embeddable":true,"href":"https:\/\/www.digitalcarmagazine.com.tr\/Web\/wp-json\/wp\/v2\/categories?post=18536"},{"taxonomy":"post_tag","embeddable":true,"href":"https:\/\/www.digitalcarmagazine.com.tr\/Web\/wp-json\/wp\/v2\/tags?post=18536"}],"curies":[{"name":"wp","href":"https:\/\/api.w.org\/{rel}","templated":true}]}}