{"id":18091,"date":"2017-12-20T15:54:29","date_gmt":"2017-12-20T12:54:29","guid":{"rendered":"http:\/\/www.digitalcarmagazine.com.tr\/Web\/?p=18091"},"modified":"2017-12-20T15:54:29","modified_gmt":"2017-12-20T12:54:29","slug":"zirvenin-otomotiv-sektor-lideri-temsa-oldu","status":"publish","type":"post","link":"https:\/\/www.digitalcarmagazine.com.tr\/Web\/zirvenin-otomotiv-sektor-lideri-temsa-oldu\/","title":{"rendered":"Zirvenin otomotiv sekt\u00f6r lideri TEMSA oldu"},"content":{"rendered":"<p><strong>\u00dcretim ve geli\u015ftirme s\u00fcre\u00e7lerindeki ba\u015far\u0131s\u0131n\u0131 \u00f6d\u00fcllerle ta\u00e7land\u0131rmaya devam eden TEMSA, 6.\u00d6zel Sekt\u00f6r AR-GE ve Tasar\u0131m Merkezleri Zirvesi\u2019nde, otomotiv kategorisinde zirvede yer ald\u0131. TEMSA, ge\u00e7ti\u011fimiz g\u00fcnlerde de \u0130novasyon ve Giri\u015fimcilik Haftas\u0131 kapsam\u0131nda verilen \u0130novaL\u0130G \u00d6d\u00fclleri\u2019nde, \u201c\u0130novasyon D\u00f6ng\u00fcs\u00fc\u201d kategorisinde birincilik \u00f6d\u00fcl\u00fcn\u00fcn sahibi olmu\u015ftu.<\/strong><\/p>\n<p>Sabanc\u0131 Holding ve TEMSA y\u00f6netimi pe\u015f pe\u015fe al\u0131nan \u00f6d\u00fcllerin mutlulu\u011funu ya\u015f\u0131yor. T\u00fcrkiye \u0130hracat\u00e7\u0131lar Meclisi taraf\u0131ndan ge\u00e7ti\u011fimiz g\u00fcnlerde d\u00fczenlenen 6. T\u00fcrkiye \u0130novasyon ve Giri\u015fimcilik Haftas\u0131 kapsam\u0131nda sahiplerini bulan \u0130novaL\u0130G \u00d6d\u00fclleri\u2019nde, \u201c\u0130novasyon D\u00f6ng\u00fcs\u00fc\u201d kategorisinde birinci se\u00e7ilen TEMSA\u2019n\u0131n \u00f6d\u00fcl\u00fcn\u00fc, Sabanc\u0131 Holding Y\u00f6netim Kurulu Ba\u015fkan\u0131 G\u00fcler Sabanc\u0131, Cumhurba\u015fkan\u0131 Recep Tayyip Erdo\u011fan\u2019\u0131n elinden alm\u0131\u015ft\u0131. Bu ba\u015far\u0131n\u0131n ard\u0131ndan TEMSA\u2019ya yeni bir \u00f6d\u00fcl de 6. \u00d6zel Sekt\u00f6r Ar-Ge ve Tasar\u0131m Merkezleri Zirvesi\u2019nden geldi.<\/p>\n<p>Bilim, Sanayi ve Teknoloji Bakanl\u0131\u011f\u0131\u2019n\u0131n organizasyonunda d\u00fczenlenen 6. \u00d6zel Sekt\u00f6r Ar-Ge ve Tasar\u0131m Merkezleri Zirvesi, \u201cAr-Ge ve \u0130novasyonla Kalk\u0131nma\u201d temas\u0131yla Ankara Congresium&#8217;da ger\u00e7ekle\u015ftirildi.<\/p>\n<p>Etkinlik kapsam\u0131nda Ar-Ge ve inovasyon devleri yeni teknolojilerini de yar\u0131\u015ft\u0131rd\u0131. 328 Ar-Ge merkezinin 6 ana kategoride yar\u0131\u015ft\u0131\u011f\u0131 etkinlikte TEMSA, otomotiv sekt\u00f6r\u00fc kategorisinde birincilik \u00f6d\u00fcl\u00fcn\u00fcn sahibi olmay\u0131 ba\u015fard\u0131. \u00d6d\u00fcl\u00fc TEMSA Genel M\u00fcd\u00fcr\u00fc Hasan Y\u0131ld\u0131r\u0131m, Bilim, Sanayi ve Teknoloji Bakan\u0131 Dr. Faruk \u00d6zl\u00fc\u2019den ald\u0131.<\/p>\n<p><strong>Hasan Y\u0131ld\u0131r\u0131m: \u201cHer \u00f6d\u00fcl bize mutluluk verirken, sorumluluklar da y\u00fckl\u00fcyor.\u201d<\/strong><\/p>\n<p>Konuyla ilgili de\u011ferlendirmelerde bulunan TEMSA Genel M\u00fcd\u00fcr\u00fc Hasan Y\u0131ld\u0131r\u0131m, \u201cTEMSA olarak gururu ve mutlulu\u011fu \u00e7ok yo\u011fun ya\u015fad\u0131\u011f\u0131m\u0131z bir d\u00f6nem. TEMSA\u2019n\u0131n ald\u0131\u011f\u0131 her \u00f6d\u00fcl bize yeni ba\u015far\u0131lara ko\u015fmak i\u00e7in \u00e7ok daha b\u00fcy\u00fck bir enerji y\u00fcklerken, bu \u00f6d\u00fcllerle birlikte sorumlulu\u011fumuz da art\u0131yor. \u00dclkemizin gelece\u011fi i\u00e7in \u00e7al\u0131\u015fman\u0131n heyecan\u0131 i\u00e7indeyiz. Ge\u00e7ti\u011fimiz g\u00fcnlerde, \u0130novaL\u0130G \u00d6d\u00fcl\u00fc\u2019n\u00fc Say\u0131n Cumhurba\u015fkan\u0131m\u0131z Recep Tayyip Erdo\u011fan\u2019\u0131n elinden Sabanc\u0131 Holding Y\u00f6netim Kurulu Ba\u015fkan\u0131 G\u00fcler Sabanc\u0131 alm\u0131\u015ft\u0131. Say\u0131n Cumhurba\u015fkan\u0131m\u0131z\u0131n, daha sonra T\u00fcrkiye\u2019nin ilk yerli elektrikli otob\u00fcs\u00fc ile seyahat ederek be\u011fenilerini bizlere ifade etmesi b\u00fcy\u00fck bir mutluluk vermi\u015fti. \u015eimdi yine bir \u00f6d\u00fcl daha kazanman\u0131n mutlulu\u011fu i\u00e7erisindeyiz. Sabanc\u0131 Holding\u2019in verdi\u011fi desteklerle TEMSA ba\u015far\u0131dan ba\u015far\u0131ya ko\u015fmaya devam ediyor. Her y\u0131l ciromuzun y\u00fczde 4\u2019\u00fcn\u00fc TEMSA Ar-Ge merkezimize aktar\u0131yoruz. Ar-Ge merkezimizde 200 personelimiz \u00e7al\u0131\u015f\u0131yor. M\u00fchendislerimiz \u00fclkemizin gelece\u011fine katma de\u011fer sa\u011flayacak \u00fcr\u00fcnler geli\u015ftirmek i\u00e7in gece g\u00fcnd\u00fcz demeden \u00e7al\u0131\u015f\u0131yor. Bu \u00e7al\u0131\u015fman\u0131n sonu\u00e7lar\u0131n\u0131 yurt i\u00e7inde lay\u0131k g\u00f6r\u00fcld\u00fc\u011f\u00fcm\u00fcz \u00f6d\u00fcllerle al\u0131rken, y\u0131lda ger\u00e7ekle\u015ftirdi\u011fimiz 190 milyon dolarl\u0131k ihracatla da \u00fclkemiz ekonomisine destek veriyoruz. Bu, TEMSA Ar-Ge Merkezi\u2019nin ald\u0131\u011f\u0131 ilk \u00f6d\u00fcl de de\u011fil. Ar-Ge merkezimiz, daha \u00f6nce en \u201cEn \u0130yi Uygulama \u00d6rnekleri\u201d dal\u0131nda \u00f6d\u00fcl alm\u0131\u015ft\u0131. Bizler y\u0131lmadan, usanmadan \u00e7al\u0131\u015fmaya devam edece\u011fiz. Yeni \u00f6d\u00fcller de kazanaca\u011f\u0131z. 2018 y\u0131l\u0131nda 50\u2019nci y\u0131l\u0131m\u0131z\u0131 kutlaman\u0131n mutlulu\u011funu ya\u015fayaca\u011f\u0131z\u201d dedi.<\/p>\n","protected":false},"excerpt":{"rendered":"<p>\u00dcretim ve geli\u015ftirme s\u00fcre\u00e7lerindeki ba\u015far\u0131s\u0131n\u0131 \u00f6d\u00fcllerle ta\u00e7land\u0131rmaya devam eden TEMSA, 6.\u00d6zel Sekt\u00f6r AR-GE ve Tasar\u0131m Merkezleri Zirvesi\u2019nde, otomotiv kategorisinde zirvede yer ald\u0131. TEMSA, ge\u00e7ti\u011fimiz g\u00fcnlerde de \u0130novasyon ve Giri\u015fimcilik Haftas\u0131 kapsam\u0131nda verilen \u0130novaL\u0130G \u00d6d\u00fclleri\u2019nde, \u201c\u0130novasyon D\u00f6ng\u00fcs\u00fc\u201d kategorisinde birincilik \u00f6d\u00fcl\u00fcn\u00fcn sahibi olmu\u015ftu. Sabanc\u0131 Holding ve TEMSA y\u00f6netimi pe\u015f pe\u015fe al\u0131nan \u00f6d\u00fcllerin mutlulu\u011funu ya\u015f\u0131yor. T\u00fcrkiye \u0130hracat\u00e7\u0131lar Meclisi [&hellip;]<\/p>\n","protected":false},"author":1,"featured_media":18092,"comment_status":"open","ping_status":"open","sticky":false,"template":"","format":"standard","meta":[],"categories":[1],"tags":[1454,12353],"_links":{"self":[{"href":"https:\/\/www.digitalcarmagazine.com.tr\/Web\/wp-json\/wp\/v2\/posts\/18091"}],"collection":[{"href":"https:\/\/www.digitalcarmagazine.com.tr\/Web\/wp-json\/wp\/v2\/posts"}],"about":[{"href":"https:\/\/www.digitalcarmagazine.com.tr\/Web\/wp-json\/wp\/v2\/types\/post"}],"author":[{"embeddable":true,"href":"https:\/\/www.digitalcarmagazine.com.tr\/Web\/wp-json\/wp\/v2\/users\/1"}],"replies":[{"embeddable":true,"href":"https:\/\/www.digitalcarmagazine.com.tr\/Web\/wp-json\/wp\/v2\/comments?post=18091"}],"version-history":[{"count":1,"href":"https:\/\/www.digitalcarmagazine.com.tr\/Web\/wp-json\/wp\/v2\/posts\/18091\/revisions"}],"predecessor-version":[{"id":18093,"href":"https:\/\/www.digitalcarmagazine.com.tr\/Web\/wp-json\/wp\/v2\/posts\/18091\/revisions\/18093"}],"wp:featuredmedia":[{"embeddable":true,"href":"https:\/\/www.digitalcarmagazine.com.tr\/Web\/wp-json\/wp\/v2\/media\/18092"}],"wp:attachment":[{"href":"https:\/\/www.digitalcarmagazine.com.tr\/Web\/wp-json\/wp\/v2\/media?parent=18091"}],"wp:term":[{"taxonomy":"category","embeddable":true,"href":"https:\/\/www.digitalcarmagazine.com.tr\/Web\/wp-json\/wp\/v2\/categories?post=18091"},{"taxonomy":"post_tag","embeddable":true,"href":"https:\/\/www.digitalcarmagazine.com.tr\/Web\/wp-json\/wp\/v2\/tags?post=18091"}],"curies":[{"name":"wp","href":"https:\/\/api.w.org\/{rel}","templated":true}]}}