{"id":18088,"date":"2017-12-20T12:57:55","date_gmt":"2017-12-20T09:57:55","guid":{"rendered":"http:\/\/www.digitalcarmagazine.com.tr\/Web\/?p=18088"},"modified":"2017-12-20T12:57:55","modified_gmt":"2017-12-20T09:57:55","slug":"dunya-klasinda-uretim-vizyonu-turktraktoru-kesintisiz-basariya-tasiyor","status":"publish","type":"post","link":"https:\/\/www.digitalcarmagazine.com.tr\/Web\/dunya-klasinda-uretim-vizyonu-turktraktoru-kesintisiz-basariya-tasiyor\/","title":{"rendered":"D\u00fcnya klas\u0131nda \u00fcretim vizyonu  t\u00fcrktrakt\u00f6r\u2019\u00fc kesintisiz ba\u015far\u0131ya ta\u015f\u0131yor"},"content":{"rendered":"<p><strong>T\u00fcrkTrakt\u00f6r, Sakarya Erenler Fabrikas\u0131\u2019nda da\u00a0<\/strong><strong>WCM (World Class Manufacturing-D\u00fcnya Klas\u0131nda \u00dcretim) metodolojisi ile y\u00fcr\u00fctt\u00fc\u011f\u00fc \u00fcretim sisteminde; i\u015f yeri organizasyonu, i\u015f g\u00fcvenli\u011fi, kalite, maliyet, bak\u0131m, lojistik, \u00e7evre ve enerji gibi ana s\u00fcre\u00e7 denetimleri sonucunda \u201cBronz Fabrika\u201d seviyesine ula\u015ft\u0131.<\/strong><\/p>\n<p>&nbsp;<\/p>\n<p>T\u00fcrk otomotiv sekt\u00f6r\u00fcn\u00fcn halen faaliyetteki en k\u00f6kl\u00fc \u00fcreticisi T\u00fcrkTrakt\u00f6r, \u00fcretimde rekabet g\u00fcc\u00fcn\u00fc planl\u0131 bir \u015fekilde iyile\u015ftirmeye ve geli\u015ftirmeye devam ediyor.<\/p>\n<p>D\u00fcnya Klas\u0131nda \u00dcretim (WCM) i\u00e7in t\u00fcm departmanlar\u0131n, standartlar\u0131n y\u00fckseltilmesi hedefiyle birbirleriyle koordineli ve b\u00fcy\u00fck bir uyum i\u00e7inde \u00e7al\u0131\u015ft\u0131\u011f\u0131 T\u00fcrkTrakt\u00f6r\u00a0<strong>Sakarya Erenler Fabrikas\u0131<\/strong>, bu \u00e7al\u0131\u015fmalar\u0131n sonucunda \u201c<strong>Bronz Fabrika\u201d<\/strong>\u00a0unvan\u0131n\u0131 almaya hak kazand\u0131. Bu seviyeye, a\u00e7\u0131l\u0131\u015f\u0131ndan bu yana ge\u00e7en 3 y\u0131l gibi \u00e7ok k\u0131<span id=\"OBJ_PREFIX_DWT276_com_zimbra_date\" class=\"Object\">sa<\/span>\u00a0s\u00fcrede ula\u015fan Erenler Fabrikas\u0131, bu alanda ayr\u0131 bir rekora imza att\u0131. T\u00fcrkTrakt\u00f6r Ankara Fabrikas\u0131 2016 y\u0131l\u0131 Kas\u0131m ay\u0131nda \u201cBronz Fabrika\u201d seviyesine ula\u015fm\u0131\u015ft\u0131.<\/p>\n<p>T\u00fcrkTrakt\u00f6r Genel M\u00fcd\u00fcr\u00fc Marco Votta, bug\u00fcne kadar kararl\u0131l\u0131kla ilerledikleri bu s\u00fcre\u00e7te ula\u015ft\u0131klar\u0131 Bronz Fabrika seviyesinin kendileri ve sekt\u00f6r i\u00e7in \u00f6nemli bir kilometre ta\u015f\u0131 oldu\u011funu ifade ederek \u015fu de\u011ferlendirmeyi yapt\u0131:<\/p>\n<p><i>\u201cWCM, d\u00fcnya klas\u0131nda \u00fcretime farkl\u0131 zamanlar\u0131n de\u011fi\u015fen ihtiya\u00e7lar\u0131ndan geli\u015fen metotlara b\u00fct\u00fcnsel bir bak\u0131\u015f a\u00e7\u0131s\u0131 getirmi\u015ftir. Bu bak\u0131\u015f a\u00e7\u0131s\u0131n\u0131n kazand\u0131rd\u0131\u011f\u0131 \u2018s\u0131f\u0131r hata, s\u0131f\u0131r kaza, s\u0131f\u0131r ar\u0131za, s\u0131f\u0131r kay\u0131p ve at\u0131k\u2019 yakla\u015f\u0131m\u0131 hem \u00fcr\u00fcn kalitesini y\u00fckseltmemizi hem de maliyet kalite dengesini\u00a0<span id=\"OBJ_PREFIX_DWT277_com_zimbra_date\" class=\"Object\">sa<\/span>\u011flamam\u0131za yard\u0131mc\u0131 oluyor. Tar\u0131m sekt\u00f6r\u00fcn\u00fcn \u00f6nc\u00fc \u00fcreticisi olarak bu metodoloji ile sistematik bir hedef do\u011frultusunda \u00e7al\u0131\u015f\u0131yoruz.\u201d<\/i><\/p>\n<p><strong>D\u00fcnya \u00c7ap\u0131nda Disiplin ve Kalite Anlay\u0131\u015f\u0131<\/strong><\/p>\n<p>WCM kapsam\u0131nda yap\u0131lan \u00e7al\u0131\u015fmalarla verimlilik, kalite, i\u015f g\u00fcvenli\u011fi g\u00f6stergelerinde \u00e7ok y\u00fcksek art\u0131\u015flar\u00a0<span id=\"OBJ_PREFIX_DWT278_com_zimbra_date\" class=\"Object\">sa<\/span>\u011flayan T\u00fcrkTrakt\u00f6r Erenler Fabrikas\u0131, s\u00fcrekli iyile\u015ftirme anlay\u0131\u015f\u0131n\u0131 \u00f6n\u00fcm\u00fczdeki d\u00f6nemde devreye al\u0131nacak projelere de yans\u0131tarak h\u0131zla geli\u015fmeye ve \u015firketin sekt\u00f6rdeki lider konumu s\u00fcrd\u00fcrmesi i\u00e7in \u00e7al\u0131\u015fmalar\u0131na devam edecek.<\/p>\n<p>WCM tak\u0131mlar\u0131 aras\u0131ndaki kuvvetli ileti\u015fim, i\u015fbirli\u011fi ve ekip ruhunun kendilerini ba\u015far\u0131ya ta\u015f\u0131d\u0131\u011f\u0131n\u0131 vurgulayan Marco Votta, a\u00e7\u0131klamalar\u0131n\u0131 \u015fu \u015fekilde tamamlad\u0131:<\/p>\n<p><i>\u201cSekt\u00f6rde ilk Ar-Ge merkezine sahip, \u00fcretim ger\u00e7ekle\u015ftiren lider firmay\u0131z. Ankara ve Erenler \u00fcretim tesislerimizde 48 hp\u2019den 140 hp\u2019ye kadar New Holland, Case IH ve Steyr markal\u0131 farkl\u0131 modellerdeki trakt\u00f6r \u00fcretimi ile yurti\u00e7i ve yurtd\u0131\u015f\u0131 sat\u0131\u015f\u0131n\u0131 ger\u00e7ekle\u015ftiriyoruz. Bu kadar b\u00fcy\u00fck operasyonu rekabet\u00e7i ortamda s\u00fcrd\u00fcrmek ve liderli\u011fimizi koruyabilmek i\u00e7in bu metodolojiyi fabrikam\u0131zda bir ya\u015fam bi\u00e7imine d\u00f6n\u00fc\u015ft\u00fcrd\u00fck. 1000\u2019in \u00fczerinde \u00e7al\u0131\u015fan\u0131yla Erenler fabrikam\u0131z i\u015f g\u00fcvenli\u011fi konular\u0131n\u0131n sistematik uygulanmas\u0131, kalite ve maliyet iyile\u015ftirmeleri, \u00e7al\u0131\u015fanlar\u0131m\u0131z taraf\u0131ndan s\u00fcre\u00e7lerin geli\u015ftirilmesi i\u00e7in sunulan \u00f6neri adetleri ve \u00e7al\u0131\u015fanlar\u0131m\u0131z\u0131n kendi hayata ge\u00e7irdi\u011fi iyile\u015ftirme s\u00fcreci olan Kaizen faaliyetleri, tesis hedefleri ile performans g\u00f6stergelerini \u00f6nemli bir d\u00fczeye ula\u015ft\u0131rm\u0131\u015ft\u0131r. Bu zorlu denetim ve puanlama s\u00fcrecini \u201cBronz Fabrika\u201d ile tamamlam\u0131\u015f olmak, ba\u015far\u0131lar\u0131m\u0131z\u0131 d\u00fcnya \u00e7ap\u0131nda bir disiplin ve kalite anlay\u0131\u015f\u0131 ile ger\u00e7ekle\u015ftirdi\u011fimizin bir \u00f6rne\u011fidir. Bu seviyeye rekor bir s\u00fcrede gelinmesi ise, \u00e7al\u0131\u015fanlar\u0131m\u0131z\u0131n s\u00fcrekli iyile\u015ftirme felsefesini i\u00e7selle\u015ftirdi\u011finin en b\u00fcy\u00fck kan\u0131t\u0131 olarak bizim i\u00e7in ayr\u0131 bir gurur kayna\u011f\u0131d\u0131r.\u201d<\/i><\/p>\n","protected":false},"excerpt":{"rendered":"<p>T\u00fcrkTrakt\u00f6r, Sakarya Erenler Fabrikas\u0131\u2019nda da\u00a0WCM (World Class Manufacturing-D\u00fcnya Klas\u0131nda \u00dcretim) metodolojisi ile y\u00fcr\u00fctt\u00fc\u011f\u00fc \u00fcretim sisteminde; i\u015f yeri organizasyonu, i\u015f g\u00fcvenli\u011fi, kalite, maliyet, bak\u0131m, lojistik, \u00e7evre ve enerji gibi ana s\u00fcre\u00e7 denetimleri sonucunda \u201cBronz Fabrika\u201d seviyesine ula\u015ft\u0131. &nbsp; T\u00fcrk otomotiv sekt\u00f6r\u00fcn\u00fcn halen faaliyetteki en k\u00f6kl\u00fc \u00fcreticisi T\u00fcrkTrakt\u00f6r, \u00fcretimde rekabet g\u00fcc\u00fcn\u00fc planl\u0131 bir \u015fekilde iyile\u015ftirmeye ve geli\u015ftirmeye [&hellip;]<\/p>\n","protected":false},"author":1,"featured_media":18089,"comment_status":"open","ping_status":"open","sticky":false,"template":"","format":"standard","meta":[],"categories":[1],"tags":[12351,762,12350,12349,12352],"_links":{"self":[{"href":"https:\/\/www.digitalcarmagazine.com.tr\/Web\/wp-json\/wp\/v2\/posts\/18088"}],"collection":[{"href":"https:\/\/www.digitalcarmagazine.com.tr\/Web\/wp-json\/wp\/v2\/posts"}],"about":[{"href":"https:\/\/www.digitalcarmagazine.com.tr\/Web\/wp-json\/wp\/v2\/types\/post"}],"author":[{"embeddable":true,"href":"https:\/\/www.digitalcarmagazine.com.tr\/Web\/wp-json\/wp\/v2\/users\/1"}],"replies":[{"embeddable":true,"href":"https:\/\/www.digitalcarmagazine.com.tr\/Web\/wp-json\/wp\/v2\/comments?post=18088"}],"version-history":[{"count":1,"href":"https:\/\/www.digitalcarmagazine.com.tr\/Web\/wp-json\/wp\/v2\/posts\/18088\/revisions"}],"predecessor-version":[{"id":18090,"href":"https:\/\/www.digitalcarmagazine.com.tr\/Web\/wp-json\/wp\/v2\/posts\/18088\/revisions\/18090"}],"wp:featuredmedia":[{"embeddable":true,"href":"https:\/\/www.digitalcarmagazine.com.tr\/Web\/wp-json\/wp\/v2\/media\/18089"}],"wp:attachment":[{"href":"https:\/\/www.digitalcarmagazine.com.tr\/Web\/wp-json\/wp\/v2\/media?parent=18088"}],"wp:term":[{"taxonomy":"category","embeddable":true,"href":"https:\/\/www.digitalcarmagazine.com.tr\/Web\/wp-json\/wp\/v2\/categories?post=18088"},{"taxonomy":"post_tag","embeddable":true,"href":"https:\/\/www.digitalcarmagazine.com.tr\/Web\/wp-json\/wp\/v2\/tags?post=18088"}],"curies":[{"name":"wp","href":"https:\/\/api.w.org\/{rel}","templated":true}]}}