{"id":1763,"date":"2012-04-10T11:18:19","date_gmt":"2012-04-10T11:18:19","guid":{"rendered":"http:\/\/www.digitalcarmagazine.com.tr\/Web\/?p=1763"},"modified":"2012-04-13T09:34:24","modified_gmt":"2012-04-13T09:34:24","slug":"radyo-trafikte-otomobil-zamani","status":"publish","type":"post","link":"https:\/\/www.digitalcarmagazine.com.tr\/Web\/radyo-trafikte-otomobil-zamani\/","title":{"rendered":"Radyo Trafik&#8217;te Otomobil Zaman\u0131!"},"content":{"rendered":"<p><a href=\"https:\/\/www.digitalcarmagazine.com.tr\/Web\/wp-content\/uploads\/DSC_0187.jpg\"><img loading=\"lazy\" class=\"alignleft size-medium wp-image-1764\" title=\"DSC_0187\" src=\"https:\/\/www.digitalcarmagazine.com.tr\/Web\/wp-content\/uploads\/DSC_0187-300x199.jpg\" alt=\"\" width=\"300\" height=\"199\" srcset=\"https:\/\/www.digitalcarmagazine.com.tr\/Web\/wp-content\/uploads\/DSC_0187-300x199.jpg 300w, https:\/\/www.digitalcarmagazine.com.tr\/Web\/wp-content\/uploads\/DSC_0187-1024x680.jpg 1024w, https:\/\/www.digitalcarmagazine.com.tr\/Web\/wp-content\/uploads\/DSC_0187.jpg 1608w\" sizes=\"(max-width: 300px) 100vw, 300px\" \/><\/a>\u0130stanbul\u2019un ve trafi\u011fin nabz\u0131n\u0131 tutan Radyo Trafik, otomotiv sekt\u00f6r\u00fc ve otomobil tutkunlar\u0131n\u0131n da radyodaki bulu\u015fma adresi oluyor. Yakla\u015f\u0131k \u00fc\u00e7 ayd\u0131r her cumartesi saat 10:30\u2019da, Otohaber Dergisi Yaz\u0131 \u0130\u015fleri M\u00fcd\u00fcr\u00fc Volkan Demirku\u015fak\u2019\u0131n haz\u0131rlay\u0131p sundu\u011fu \u201cOtomotiv G\u00fcndemi\u201d program\u0131nda, otomotiv sekt\u00f6r\u00fcndeki yenilikler, g\u00fcncel konular ve haberler yer al\u0131rken \u201cDireksiyondaki \u00fcnl\u00fcler\u201d b\u00f6l\u00fcm\u00fcnde de \u00fcnl\u00fc isimlerle trafik ve otomobiller \u00fczerine keyifli sohbetler yap\u0131l\u0131yor. \u201cDireksiyondaki \u00fcnl\u00fcler\u201d b\u00f6l\u00fcm\u00fcne \u015fu ana kadar Milli Tenis\u00e7i \u0130pek \u015eeno\u011flu ve \u00fcnl\u00fc sunucu Vatan \u015ea\u015fmaz gibi \u00f6nemli isimler konuk oldu. Otomotiv sekt\u00f6r\u00fcnden \u00f6nemli y\u00f6neticilerin ve konusunda uzman ki\u015filerin de zaman zaman st\u00fcdyo konu\u011fu oldu\u011fu<\/p>\n<p>\u201cOtomotiv G\u00fcndemi\u201dni twitter\u2019da vdemirkusak veya otomotivgundemi isimleriyle takip edebilir soru ve yorumlar\u0131n\u0131z\u0131 payla\u015fabilirsiniz.<\/p>\n<p><a href=\"https:\/\/www.digitalcarmagazine.com.tr\/Web\/wp-content\/uploads\/LOGO.jpg\"><img loading=\"lazy\" class=\"alignleft size-medium wp-image-1765\" title=\"LOGO\" src=\"https:\/\/www.digitalcarmagazine.com.tr\/Web\/wp-content\/uploads\/LOGO-300x289.jpg\" alt=\"\" width=\"300\" height=\"289\" srcset=\"https:\/\/www.digitalcarmagazine.com.tr\/Web\/wp-content\/uploads\/LOGO-300x289.jpg 300w, https:\/\/www.digitalcarmagazine.com.tr\/Web\/wp-content\/uploads\/LOGO.jpg 504w\" sizes=\"(max-width: 300px) 100vw, 300px\" \/><\/a><\/p>\n<p>\u201cOtomotiv G\u00fcndemi\u201d<\/p>\n<p>Her cumartesi<\/p>\n<p>Saat 10:30\u2019da Radyo Trafik 104.2\u2019te<\/p>\n","protected":false},"excerpt":{"rendered":"<p>\u0130stanbul\u2019un ve trafi\u011fin nabz\u0131n\u0131 tutan Radyo Trafik, otomotiv sekt\u00f6r\u00fc ve otomobil tutkunlar\u0131n\u0131n da radyodaki bulu\u015fma adresi oluyor. Yakla\u015f\u0131k \u00fc\u00e7 ayd\u0131r her cumartesi saat 10:30\u2019da, Otohaber Dergisi Yaz\u0131 \u0130\u015fleri M\u00fcd\u00fcr\u00fc Volkan Demirku\u015fak\u2019\u0131n haz\u0131rlay\u0131p sundu\u011fu \u201cOtomotiv G\u00fcndemi\u201d program\u0131nda, otomotiv sekt\u00f6r\u00fcndeki yenilikler, g\u00fcncel konular ve haberler yer al\u0131rken \u201cDireksiyondaki \u00fcnl\u00fcler\u201d b\u00f6l\u00fcm\u00fcnde de \u00fcnl\u00fc isimlerle trafik ve otomobiller \u00fczerine [&hellip;]<\/p>\n","protected":false},"author":1,"featured_media":0,"comment_status":"open","ping_status":"open","sticky":false,"template":"","format":"standard","meta":[],"categories":[1],"tags":[],"_links":{"self":[{"href":"https:\/\/www.digitalcarmagazine.com.tr\/Web\/wp-json\/wp\/v2\/posts\/1763"}],"collection":[{"href":"https:\/\/www.digitalcarmagazine.com.tr\/Web\/wp-json\/wp\/v2\/posts"}],"about":[{"href":"https:\/\/www.digitalcarmagazine.com.tr\/Web\/wp-json\/wp\/v2\/types\/post"}],"author":[{"embeddable":true,"href":"https:\/\/www.digitalcarmagazine.com.tr\/Web\/wp-json\/wp\/v2\/users\/1"}],"replies":[{"embeddable":true,"href":"https:\/\/www.digitalcarmagazine.com.tr\/Web\/wp-json\/wp\/v2\/comments?post=1763"}],"version-history":[{"count":4,"href":"https:\/\/www.digitalcarmagazine.com.tr\/Web\/wp-json\/wp\/v2\/posts\/1763\/revisions"}],"predecessor-version":[{"id":1770,"href":"https:\/\/www.digitalcarmagazine.com.tr\/Web\/wp-json\/wp\/v2\/posts\/1763\/revisions\/1770"}],"wp:attachment":[{"href":"https:\/\/www.digitalcarmagazine.com.tr\/Web\/wp-json\/wp\/v2\/media?parent=1763"}],"wp:term":[{"taxonomy":"category","embeddable":true,"href":"https:\/\/www.digitalcarmagazine.com.tr\/Web\/wp-json\/wp\/v2\/categories?post=1763"},{"taxonomy":"post_tag","embeddable":true,"href":"https:\/\/www.digitalcarmagazine.com.tr\/Web\/wp-json\/wp\/v2\/tags?post=1763"}],"curies":[{"name":"wp","href":"https:\/\/api.w.org\/{rel}","templated":true}]}}